{"id":173526,"date":"2016-04-18T14:28:20","date_gmt":"2016-04-18T17:28:20","guid":{"rendered":"https:\/\/jundiai.sp.gov.br\/noticias\/?p=173526"},"modified":"2016-11-04T13:11:31","modified_gmt":"2016-11-04T15:11:31","slug":"acoes-culturais-agitam-publico-de-400-pessoas","status":"publish","type":"post","link":"https:\/\/jundiai.sp.gov.br\/noticias\/2016\/04\/18\/acoes-culturais-agitam-publico-de-400-pessoas\/","title":{"rendered":"A\u00e7\u00f5es culturais agitam p\u00fablico de 400 pessoas no fim de semana"},"content":{"rendered":"<p><strong>Com diversidade de a\u00e7\u00f5es, a <a href=\"http:\/\/cultura.jundiai.sp.gov.br\/\">Secretaria de Cultura<\/a> por meio da Diretoria de A\u00e7\u00e3o Comunit\u00e1ria, promoveu neste final de semana tr\u00eas iniciativas culturais, que juntas movimentaram um p\u00fablico estimado de 400 pessoas nas localidades bairro Retiro, S\u00e3o Camilo e Vista Alegre. <\/strong><\/p>\n<p><strong>LEIA TAMB\u00c9M<\/strong><br \/>\n<strong><a href=\"https:\/\/jundiai.sp.gov.br\/noticias\/2016\/04\/15\/cultura-abre-inscricoes-de-projetos-para-a-galeria-fernanda-perracini\/\">Cultura abre inscri\u00e7\u00f5es de projetos para a Galeria de Arte<\/a><\/strong><\/p>\n<div id=\"attachment_173527\" style=\"width: 730px\" class=\"wp-caption aligncenter\"><a href=\"https:\/\/jundiai.sp.gov.br\/noticias\/wp-content\/uploads\/sites\/32\/2016\/04\/Grafiteiros-s\u00e3o-camilo_G.jpg\" rel=\"attachment wp-att-173527\"><img loading=\"lazy\" decoding=\"async\" aria-describedby=\"caption-attachment-173527\" class=\"size-full wp-image-173527\" src=\"https:\/\/jundiai.sp.gov.br\/noticias\/wp-content\/uploads\/sites\/32\/2016\/04\/Grafiteiros-s\u00e3o-camilo_G.jpg\" alt=\"'Grafitagem' proporcionou intera\u00e7\u00e3o da comunidade com os artistas\" width=\"720\" height=\"513\" \/><\/a><p id=\"caption-attachment-173527\" class=\"wp-caption-text\">&#8216;Grafitagem&#8217; proporcionou intera\u00e7\u00e3o da comunidade com os artistas<\/p><\/div>\n<p><strong>Nas propostas de sarau e ocupa\u00e7\u00e3o hip-hop, os eventos promoveram aulas de dan\u00e7a, grafitagem e apresenta\u00e7\u00f5es de artistas locais nas mais diversas linguagens<\/strong>. Para o diretor de A\u00e7\u00e3o Comunit\u00e1ria, Kleberson Alexandro Pinto, as iniciativas s\u00e3o poss\u00edveis pelo amplo olhar de sua equipe e parceria nas comunidades.<\/p>\n<p>\u201cEntendemos a necessidade do olhar por parte do governo e a import\u00e2ncia e seus resultados para o mun\u00edcipe. <strong>Valorizar o artista local \u00e9 valorizar a popula\u00e7\u00e3o<\/strong>, gerando a oportunidade e condi\u00e7\u00e3o de ele ser conhecido e reconhecido pelo seu p\u00fablico e pela cidade.&#8221;<\/p>\n<p>O Sarau \u201cGanabara e Regi\u00e3o\u201d, precursor no bairro Retiro, proporcionou a apresenta\u00e7\u00e3o de in\u00fameros artistas reconhecidos na cidade, entre eles: DJ Bebel; B-Boy Ricky; Grupo de Pagode Doce Mist\u00e9rio e alunos de Capoeira do Grupo Candieiro.<\/p>\n<p>A a\u00e7\u00e3o se destaca como primeira a fomentar \u00e0 implanta\u00e7\u00e3o do N\u00facleo de Cultura Guanabara e Regi\u00e3o por meio da Comiss\u00e3o Popular de Cultura Guanabara.<\/p>\n<div id=\"attachment_173528\" style=\"width: 730px\" class=\"wp-caption aligncenter\"><a href=\"https:\/\/jundiai.sp.gov.br\/noticias\/wp-content\/uploads\/sites\/32\/2016\/04\/Hip-hop-S\u00e3o-Camilo_G.jpg\" rel=\"attachment wp-att-173528\"><img loading=\"lazy\" decoding=\"async\" aria-describedby=\"caption-attachment-173528\" class=\"size-full wp-image-173528\" src=\"https:\/\/jundiai.sp.gov.br\/noticias\/wp-content\/uploads\/sites\/32\/2016\/04\/Hip-hop-S\u00e3o-Camilo_G.jpg\" alt=\"Disputa de passos &quot;Hip-Hop&quot; alegraram as crian\u00e7as do S\u00e3o Camilo e Vista Alegre\" width=\"720\" height=\"513\" \/><\/a><p id=\"caption-attachment-173528\" class=\"wp-caption-text\">Disputa de passos &#8220;Hip-Hop&#8221; alegraram as crian\u00e7as do S\u00e3o Camilo e Vista Alegre<\/p><\/div>\n<p><strong>Mais<\/strong><br \/>\n<strong>A diretoria de A\u00e7\u00e3o Comunit\u00e1ria da Secretaria de Cultura amplia, a partir deste m\u00eas, as a\u00e7\u00f5es nos bairros distantes da regi\u00e3o central. A equipe vai realizar duas atividades culturais, a cada m\u00eas nas seguintes localidades<\/strong>: S\u00e3o Camilo; Novo Horizonte; Santa Gertrudes; Ivoturucaia; Guanabara e Vista Alegre. Ao todo ser\u00e3o <strong>54 a\u00e7\u00f5es<\/strong>, at\u00e9 dezembro de 2016, nos formatos propostos de saraus, encontros de violeiros e ocupa\u00e7\u00f5es Hip-Hop.<\/p>\n<p><em><strong>Assessoria de Imprensa<br \/>\nFotos: Fot\u00f3grafos PMJ<\/strong><\/em><\/p>\n","protected":false},"excerpt":{"rendered":"<p>Foram tr\u00eas iniciativas culturais pr\u00f3ximas aos bairros Retiro, S\u00e3o Camilo e Vista Alegre; a\u00e7\u00f5es v\u00e3o ser ampliadas em locais distantes da regi\u00e3o central<\/p>\n","protected":false},"author":21,"featured_media":173535,"comment_status":"closed","ping_status":"closed","sticky":false,"template":"","format":"standard","meta":{"footnotes":""},"categories":[2],"tags":[29],"ods":[],"class_list":["post-173526","post","type-post","status-publish","format-standard","has-post-thumbnail","hentry","category-noticias","tag-cultura"],"_links":{"self":[{"href":"https:\/\/jundiai.sp.gov.br\/noticias\/wp-json\/wp\/v2\/posts\/173526","targetHints":{"allow":["GET"]}}],"collection":[{"href":"https:\/\/jundiai.sp.gov.br\/noticias\/wp-json\/wp\/v2\/posts"}],"about":[{"href":"https:\/\/jundiai.sp.gov.br\/noticias\/wp-json\/wp\/v2\/types\/post"}],"author":[{"embeddable":true,"href":"https:\/\/jundiai.sp.gov.br\/noticias\/wp-json\/wp\/v2\/users\/21"}],"replies":[{"embeddable":true,"href":"https:\/\/jundiai.sp.gov.br\/noticias\/wp-json\/wp\/v2\/comments?post=173526"}],"version-history":[{"count":7,"href":"https:\/\/jundiai.sp.gov.br\/noticias\/wp-json\/wp\/v2\/posts\/173526\/revisions"}],"predecessor-version":[{"id":173542,"href":"https:\/\/jundiai.sp.gov.br\/noticias\/wp-json\/wp\/v2\/posts\/173526\/revisions\/173542"}],"wp:featuredmedia":[{"embeddable":true,"href":"https:\/\/jundiai.sp.gov.br\/noticias\/wp-json\/wp\/v2\/media\/173535"}],"wp:attachment":[{"href":"https:\/\/jundiai.sp.gov.br\/noticias\/wp-json\/wp\/v2\/media?parent=173526"}],"wp:term":[{"taxonomy":"category","embeddable":true,"href":"https:\/\/jundiai.sp.gov.br\/noticias\/wp-json\/wp\/v2\/categories?post=173526"},{"taxonomy":"post_tag","embeddable":true,"href":"https:\/\/jundiai.sp.gov.br\/noticias\/wp-json\/wp\/v2\/tags?post=173526"},{"taxonomy":"ods","embeddable":true,"href":"https:\/\/jundiai.sp.gov.br\/noticias\/wp-json\/wp\/v2\/ods?post=173526"}],"curies":[{"name":"wp","href":"https:\/\/api.w.org\/{rel}","templated":true}]}}