{"id":173996,"date":"2016-04-20T15:14:03","date_gmt":"2016-04-20T18:14:03","guid":{"rendered":"https:\/\/jundiai.sp.gov.br\/noticias\/?p=173996"},"modified":"2016-11-04T13:25:31","modified_gmt":"2016-11-04T15:25:31","slug":"campanha-de-vacinacao-contra-gripe-comeca-no-sabado-30","status":"publish","type":"post","link":"https:\/\/jundiai.sp.gov.br\/noticias\/2016\/04\/20\/campanha-de-vacinacao-contra-gripe-comeca-no-sabado-30\/","title":{"rendered":"Vacina\u00e7\u00e3o contra gripe come\u00e7a no s\u00e1bado (30)"},"content":{"rendered":"<p><strong>A Campanha de Vacina\u00e7\u00e3o contra a Gripe come\u00e7a no s\u00e1bado (30), em toda a rede de aten\u00e7\u00e3o b\u00e1sica da cidade. Neste dia, todas as unidades b\u00e1sicas de sa\u00fade (UBSs) e Estrat\u00e9gias de Sa\u00fade da Fam\u00edlia (ESFs) nos bairros v\u00e3o estar abertas das 8h \u00e0s 17h exclusivamente para a vacina\u00e7\u00e3o. A campanha prossegue at\u00e9 o dia 20 de maio, sempre de segunda a sexta-feira, no hor\u00e1rio de funcionamento de cada unidade de sa\u00fade.<\/strong><\/p>\n<p>A vacina\u00e7\u00e3o na rede p\u00fablica \u00e9 dirigida para as pessoas que se enquadram nos <strong>grupos priorit\u00e1rios<\/strong>, consideradas com<strong> maior risco de complica\u00e7\u00f5es da doen\u00e7a: idosos<\/strong> (a partir de 60 anos), <strong>crian\u00e7as de seis meses a cinco anos incompletos, gestantes e pu\u00e9rperas<\/strong> (mulheres dentro do per\u00edodo de at\u00e9 45 dias ap\u00f3s o parto), al\u00e9m de <strong>pacientes portadores de doen\u00e7as cr\u00f4nicas<\/strong> (com prescri\u00e7\u00e3o m\u00e9dica) e<strong> trabalhadores da \u00e1rea da sa\u00fade<\/strong> (mediante apresenta\u00e7\u00e3o de crach\u00e1, carteira de registro ou holerite).<\/p>\n<p><strong>LEIA TAMB\u00c9M<\/strong><br \/>\n<a href=\"https:\/\/jundiai.sp.gov.br\/noticias\/2016\/04\/18\/trabalho-de-controle-da-dengue-e-premiado\/\">Trabalho de controle da dengue \u00e9 premiado<\/a><br \/>\n<a href=\"https:\/\/jundiai.sp.gov.br\/noticias\/2016\/04\/19\/encontro-aborda-acoes-do-programa-saude-na-escola\/\">Encontro aborda a\u00e7\u00f5es do Programa Sa\u00fade na Escola<\/a><br \/>\n<a href=\"https:\/\/jundiai.sp.gov.br\/noticias\/2016\/04\/18\/jundiai-e-destaque-em-congresso-de-secretarios-de-saude\/\">Jundia\u00ed \u00e9 destaque em Congresso de Secret\u00e1rios de Sa\u00fade do Estado<\/a><\/p>\n<div id=\"attachment_173999\" style=\"width: 730px\" class=\"wp-caption aligncenter\"><a href=\"https:\/\/jundiai.sp.gov.br\/noticias\/wp-content\/uploads\/sites\/32\/2016\/04\/vacina\u00e7aogripe.jpg\" rel=\"attachment wp-att-173999\"><img loading=\"lazy\" decoding=\"async\" aria-describedby=\"caption-attachment-173999\" class=\"size-large wp-image-173999\" src=\"https:\/\/jundiai.sp.gov.br\/noticias\/wp-content\/uploads\/sites\/32\/2016\/04\/vacina\u00e7aogripe-720x496.jpg\" alt=\"Rede p\u00fablica vai vacinar grupos priorit\u00e1rios\" width=\"720\" height=\"496\" srcset=\"https:\/\/jundiai.sp.gov.br\/noticias\/wp-content\/uploads\/sites\/32\/2016\/04\/vacina\u00e7aogripe-720x496.jpg 720w, https:\/\/jundiai.sp.gov.br\/noticias\/wp-content\/uploads\/sites\/32\/2016\/04\/vacina\u00e7aogripe-300x207.jpg 300w, https:\/\/jundiai.sp.gov.br\/noticias\/wp-content\/uploads\/sites\/32\/2016\/04\/vacina\u00e7aogripe-768x529.jpg 768w, https:\/\/jundiai.sp.gov.br\/noticias\/wp-content\/uploads\/sites\/32\/2016\/04\/vacina\u00e7aogripe.jpg 1240w\" sizes=\"auto, (max-width: 720px) 100vw, 720px\" \/><\/a><p id=\"caption-attachment-173999\" class=\"wp-caption-text\">Rede p\u00fablica vai vacinar grupos priorit\u00e1rios<\/p><\/div>\n<p>O secret\u00e1rio de Sa\u00fade, Lu\u00eds Carlos Casarin, mais uma vez alerta para a <strong>import\u00e2ncia da vacina\u00e7\u00e3o e chama a popula\u00e7\u00e3o-alvo para aderir \u00e0 campanha<\/strong>. A <strong>meta \u00e9 vacinar pelo menos 80% do p\u00fablico-alvo<\/strong>. \u201cO objetivo da vacina \u00e9 <strong>prevenir as complica\u00e7\u00f5es que podem ocorrer numa infec\u00e7\u00e3o por influenza, como a pneumonia<\/strong>. Essas complica\u00e7\u00f5es costumam ocorrer com mais frequ\u00eancia em <strong>crian\u00e7as, idosos, gestantes, pu\u00e9rperas e pessoas com doen\u00e7as cr\u00f4nicas<\/strong>. Por isso, elas fazem parte dos grupos priorit\u00e1rios para a vacina\u00e7\u00e3o\u201d, diz, lembrando que nos \u00faltimos anos o munic\u00edpio n\u00e3o atingiu a meta.<\/p>\n<p><strong>H1N1<\/strong><br \/>\nEste ano, <strong>a incid\u00eancia do v\u00edrus H1N1 em todo o Pa\u00eds tem preocupado as autoridades sanit\u00e1rias<\/strong>. Por isso, al\u00e9m da vacina, a Secretaria de Sa\u00fade alerta a popula\u00e7\u00e3o a ficar <strong>atenta aos sintomas da Influenza causada pelo v\u00edrus H1N1, que s\u00e3o febre alta (maior que 39 graus), dores de cabe\u00e7a e musculares intensas, cansa\u00e7o extremo, tosse cont\u00ednua e seca, ard\u00eancia nos olhos, al\u00e9m de calafrios frequentes<\/strong>.<\/p>\n<p>Na presen\u00e7a desses sintomas \u00e9 importante <strong>procurar imediatamente um servi\u00e7o de sa\u00fade e n\u00e3o tomar medicamentos sem orienta\u00e7\u00e3o m\u00e9dica, pois a automedica\u00e7\u00e3o pode ser prejudicial<\/strong> ao quadro cl\u00ednico.<\/p>\n<p>O <strong>v\u00edrus \u00e9 transmitido de pessoa a pessoa<\/strong>, principalmente por meio da <strong>tosse ou do espirro e do contato com secre\u00e7\u00f5es respirat\u00f3rias de pessoas infectadas<\/strong>. No entanto, de acordo com a Organiza\u00e7\u00e3o Mundial da Sa\u00fade (OMS), a <strong>principal forma de transmiss\u00e3o n\u00e3o \u00e9 pelo ar, mas sim pelo contato com superf\u00edcies contaminadas<\/strong>. Por isso, \u00e9 preciso redobrar a aten\u00e7\u00e3o com algumas a\u00e7\u00f5es no dia a dia.<\/p>\n<p><strong>Entre as principais medidas, destacam-se:<\/strong><\/p>\n<ul>\n<li><em>Lavar as m\u00e3os frequentemente com \u00e1gua e sab\u00e3o, principalmente depois de tossir ou espirrar (nesses casos cobrir a boca com len\u00e7o descart\u00e1vel);<\/em><\/li>\n<li><em>Evitar tocar o rosto, principalmente os olhos, nariz ou boca, especialmente ap\u00f3s contato com superf\u00edcies;<\/em><\/li>\n<li><em>Manter os ambientes ventilados, evitando aglomera\u00e7\u00e3o de pessoas;<\/em><\/li>\n<li><em>Evitar compartilhar objetos de uso pessoal como copos, talheres e toalhas;<\/em><\/li>\n<li><em>Ingerir alimentos ricos em vitamina C (ou na forma de pastilhas);<\/em><\/li>\n<li><em>Ingerir bebidas quentes como ch\u00e1, caf\u00e9 ou infus\u00f5es. Bebidas quentes depositam o v\u00edrus no est\u00f4mago, onde ele n\u00e3o sobrevive em fun\u00e7\u00e3o do PH local;<\/em><\/li>\n<li><em>Fazer gargarejos com \u00e1gua morna e sal. Essa \u00e9 uma medida simples e muito eficaz, visto que o v\u00edrus n\u00e3o resiste \u00e0 \u00e1gua morna contendo sais. A mistura tamb\u00e9m pode ser utilizada na higieniza\u00e7\u00e3o das narinas.<\/em><\/li>\n<\/ul>\n<p><strong><em>Niza Souza<br \/>\nFoto: Arquivo PMJ<\/em><\/strong><\/p>\n","protected":false},"excerpt":{"rendered":"<p>Neste dia, todas as unidades de sa\u00fade (UBSs e ESFs) nos bairros v\u00e3o estar abertas das 8h \u00e0s 17h para a campanha<\/p>\n","protected":false},"author":14,"featured_media":174003,"comment_status":"closed","ping_status":"closed","sticky":false,"template":"","format":"standard","meta":{"footnotes":""},"categories":[2],"tags":[737,3,665,421],"ods":[],"class_list":["post-173996","post","type-post","status-publish","format-standard","has-post-thumbnail","hentry","category-noticias","tag-estrategia-de-saude-da-familia-esf","tag-saude","tag-unidade-basica-de-saude-ubs","tag-vacinacao"],"_links":{"self":[{"href":"https:\/\/jundiai.sp.gov.br\/noticias\/wp-json\/wp\/v2\/posts\/173996","targetHints":{"allow":["GET"]}}],"collection":[{"href":"https:\/\/jundiai.sp.gov.br\/noticias\/wp-json\/wp\/v2\/posts"}],"about":[{"href":"https:\/\/jundiai.sp.gov.br\/noticias\/wp-json\/wp\/v2\/types\/post"}],"author":[{"embeddable":true,"href":"https:\/\/jundiai.sp.gov.br\/noticias\/wp-json\/wp\/v2\/users\/14"}],"replies":[{"embeddable":true,"href":"https:\/\/jundiai.sp.gov.br\/noticias\/wp-json\/wp\/v2\/comments?post=173996"}],"version-history":[{"count":8,"href":"https:\/\/jundiai.sp.gov.br\/noticias\/wp-json\/wp\/v2\/posts\/173996\/revisions"}],"predecessor-version":[{"id":174008,"href":"https:\/\/jundiai.sp.gov.br\/noticias\/wp-json\/wp\/v2\/posts\/173996\/revisions\/174008"}],"wp:featuredmedia":[{"embeddable":true,"href":"https:\/\/jundiai.sp.gov.br\/noticias\/wp-json\/wp\/v2\/media\/174003"}],"wp:attachment":[{"href":"https:\/\/jundiai.sp.gov.br\/noticias\/wp-json\/wp\/v2\/media?parent=173996"}],"wp:term":[{"taxonomy":"category","embeddable":true,"href":"https:\/\/jundiai.sp.gov.br\/noticias\/wp-json\/wp\/v2\/categories?post=173996"},{"taxonomy":"post_tag","embeddable":true,"href":"https:\/\/jundiai.sp.gov.br\/noticias\/wp-json\/wp\/v2\/tags?post=173996"},{"taxonomy":"ods","embeddable":true,"href":"https:\/\/jundiai.sp.gov.br\/noticias\/wp-json\/wp\/v2\/ods?post=173996"}],"curies":[{"name":"wp","href":"https:\/\/api.w.org\/{rel}","templated":true}]}}