{"id":174041,"date":"2016-04-20T18:23:55","date_gmt":"2016-04-20T21:23:55","guid":{"rendered":"https:\/\/jundiai.sp.gov.br\/noticias\/?p=174041"},"modified":"2019-09-16T08:57:10","modified_gmt":"2019-09-16T11:57:10","slug":"gerentes-de-ubss-da-regiao-participam-de-capacitacao-em-jundiai","status":"publish","type":"post","link":"https:\/\/jundiai.sp.gov.br\/noticias\/2016\/04\/20\/gerentes-de-ubss-da-regiao-participam-de-capacitacao-em-jundiai\/","title":{"rendered":"Gerentes de UBSs da regi\u00e3o participam de capacita\u00e7\u00e3o em Jundia\u00ed"},"content":{"rendered":"<p><strong>Dando continuidade aos encontros regionais para atualiza\u00e7\u00e3o e troca de informa\u00e7\u00f5es e experi\u00eancias sobre o <em>Aedes aegypti<\/em>, Jundia\u00ed sediou nesta quarta-feira (20) o encontro \u201cUm novo olhar contra o Aedes\u201d. O evento, no audit\u00f3rio da Ciesp, reuniu gerentes de unidades b\u00e1sicas de sa\u00fade (UBSs) e coordenadores de programas de agentes comunit\u00e1rios de sa\u00fade (PACS) dos munic\u00edpios da Aglomera\u00e7\u00e3o Urbana de Jundia\u00ed (AUJ).<\/strong><\/p>\n<p>Participaram <strong>cerca de 100 profissionais da rede de sa\u00fade de Jundia\u00ed, V\u00e1rzea Paulista, Campo Limpo Paulista, Louveira, Itupeva, Jarinu e Cabre\u00fava<\/strong>, al\u00e9m da articuladora regional da Aten\u00e7\u00e3o B\u00e1sica do Departamento Regional de Sa\u00fade de Campinas (DRS-7) da Secretaria Estadual de Sa\u00fade, L\u00edgia Bestetti, e do supervisor-geral da regional da Superintend\u00eancia de Controle de Endemias (Sucen) de Campinas, Odair Ferreira Leite.<\/p>\n<p><strong>LEIA TAMB\u00c9M<\/strong><br \/>\n<a href=\"https:\/\/jundiai.sp.gov.br\/noticias\/2016\/04\/18\/trabalho-de-controle-da-dengue-e-premiado\/\">Trabalho de controle da dengue \u00e9 premiado<\/a><br \/>\n<a href=\"https:\/\/jundiai.sp.gov.br\/noticias\/2016\/04\/20\/campanha-de-vacinacao-contra-gripe-comeca-no-sabado-30\/\">Vacina\u00e7\u00e3o contra gripe come\u00e7a no s\u00e1bado (30)<\/a><br \/>\n<a href=\"https:\/\/jundiai.sp.gov.br\/noticias\/2016\/04\/19\/encontro-aborda-acoes-do-programa-saude-na-escola\/\">Encontro aborda a\u00e7\u00f5es do Programa Sa\u00fade na Escola<\/a><br \/>\n<a href=\"https:\/\/jundiai.sp.gov.br\/noticias\/2016\/04\/18\/jundiai-e-destaque-em-congresso-de-secretarios-de-saude\/\">Jundia\u00ed \u00e9 destaque em Congresso de Secret\u00e1rios de Sa\u00fade do Estado<\/a><\/p>\n<div id=\"attachment_174042\" style=\"width: 730px\" class=\"wp-caption aligncenter\"><a href=\"https:\/\/jundiai.sp.gov.br\/noticias\/wp-content\/uploads\/sites\/32\/2016\/04\/treinamento_dengue_ciesp_P34G.jpg\" rel=\"attachment wp-att-174042\"><img loading=\"lazy\" decoding=\"async\" aria-describedby=\"caption-attachment-174042\" class=\"size-large wp-image-174042\" src=\"https:\/\/jundiai.sp.gov.br\/noticias\/wp-content\/uploads\/sites\/32\/2016\/04\/treinamento_dengue_ciesp_P34G-720x459.jpg\" alt=\"Cerca de 100 profissionais de Jundia\u00ed e regi\u00e3o participa\u00e7\u00e3o da capacita\u00e7\u00e3o\" width=\"720\" height=\"459\" srcset=\"https:\/\/jundiai.sp.gov.br\/noticias\/wp-content\/uploads\/sites\/32\/2016\/04\/treinamento_dengue_ciesp_P34G-720x459.jpg 720w, https:\/\/jundiai.sp.gov.br\/noticias\/wp-content\/uploads\/sites\/32\/2016\/04\/treinamento_dengue_ciesp_P34G-300x191.jpg 300w, https:\/\/jundiai.sp.gov.br\/noticias\/wp-content\/uploads\/sites\/32\/2016\/04\/treinamento_dengue_ciesp_P34G-768x489.jpg 768w, https:\/\/jundiai.sp.gov.br\/noticias\/wp-content\/uploads\/sites\/32\/2016\/04\/treinamento_dengue_ciesp_P34G.jpg 1240w\" sizes=\"auto, (max-width: 720px) 100vw, 720px\" \/><\/a><p id=\"caption-attachment-174042\" class=\"wp-caption-text\">Cerca de 100 profissionais de Jundia\u00ed e regi\u00e3o participa\u00e7\u00e3o da capacita\u00e7\u00e3o<\/p><\/div>\n<p>O gerente da Unidade de Vigil\u00e2ncia de Zoonoses, Carlos Ozahata, destacou a <strong>import\u00e2ncia do trabalho em conjunto entre a Vigil\u00e2ncia e a aten\u00e7\u00e3o b\u00e1sica, experi\u00eancia adotada em Jundia\u00ed<\/strong> que foi <a href=\"https:\/\/jundiai.sp.gov.br\/noticias\/2016\/04\/18\/trabalho-de-controle-da-dengue-e-premiado\/\">premiada na semana passada durante o 30\u00ba Congresso do Conselho de Secret\u00e1rio Municipais do Estado de S\u00e3o Paulo (Cosems)<\/a>.<\/p>\n<p>\u201cAtualmente, em Jundia\u00ed, <strong>cada unidade de sa\u00fade tem um profissional de refer\u00eancia para o assunto <em>Aedes aegypti<\/em><\/strong>. Isso est\u00e1 <strong>facilitando a comunica\u00e7\u00e3o e o atendimento aos pacientes com sintoma<\/strong> da dengue ou de outras doen\u00e7as transmitidas pelo mosquito, pois a<strong> UBS \u00e9 a porta de entrada para o atendimento<\/strong>\u201d, destacou Ozahata.<\/p>\n<p>Em sua palestra, L\u00edgia Bestetti refor\u00e7ou a <strong>proposta do trabalho em conjunto, de forma regionalizada, entre os munic\u00edpios para o combate e controle do Aedes aegypti<\/strong>. \u201cN\u00e3o h\u00e1 barreira f\u00edsica para o mosquito. E os agentes comunit\u00e1rios de sa\u00fade e as unidades b\u00e1sicas est\u00e3o <strong>mais pr\u00f3ximos da comunidade<\/strong>\u201d, frisou.<\/p>\n<p>L\u00edgia tamb\u00e9m falou que o <strong>mosquito transmissor da dengue, febre chikungunya e zika v\u00edrus tem se adaptado aos mais variados ambientes e temperaturas e j\u00e1 mostrou que veio para ficar<\/strong>. \u201cPor isso, temos de mudar o olhar sobre o assunto. Primeiro, o <strong>combate n\u00e3o pode ser mais apenas em uma determinada \u00e9poca do ano<\/strong>, tem de fazer parte da nossa <strong>rotina di\u00e1ria<\/strong>. Al\u00e9m disso, precisamos <strong>construir uma identidade regional<\/strong>. Todos os munic\u00edpios juntos <strong>desenvolvendo a\u00e7\u00f5es e trocando experi\u00eancias<\/strong>.\u201d<\/p>\n<p>A programa\u00e7\u00e3o tamb\u00e9m abordou assuntos como o <strong>vetor, a situa\u00e7\u00e3o epidemiol\u00f3gica das arboviroses nos munic\u00edpios da regi\u00e3o e investiga\u00e7\u00e3o epidemiol\u00f3gica<\/strong>. Para encerrar, o grupo participou de uma <strong>mesa de discuss\u00f5es<\/strong> com os palestrantes.<\/p>\n<p>Antes das palestras, o ator Roberto Caruso, de Itatiba, fez uma <strong>apresenta\u00e7\u00e3o descontra\u00edda<\/strong> para integrar os participantes e motivar o trabalho dos profissionais, colocando situa\u00e7\u00f5es do cotidiano de maneira bem-humorada.<\/p>\n<p>Em fevereiro, a Unidade de Vigil\u00e2ncia de Zoonoses de Jundia\u00ed tamb\u00e9m coordenou o 3\u00ba Encontro Regional de Agentes Comunit\u00e1rios de Sa\u00fade, que contou com a participa\u00e7\u00e3o de mais de 300 profissionais. O principal tema foi o <em>Aedes aegypti<\/em>.<\/p>\n<p><strong><em>Niza Souza<br \/>\nFoto: Paulo Gr\u00e9gio<\/em><\/strong><\/p>\n","protected":false},"excerpt":{"rendered":"<p>Dando continuidade aos encontros regionais para atualiza\u00e7\u00e3o e troca de informa\u00e7\u00f5es e experi\u00eancias sobre o Aedes aegypti, Jundia\u00ed sediou nesta quarta-feira (20) o encontro \u201cUm novo olhar contra o Aedes\u201d. O evento, no audit\u00f3rio da Ciesp, reuniu gerentes de unidades b\u00e1sicas de sa\u00fade (UBSs) e coordenadores de programas de agentes comunit\u00e1rios de sa\u00fade (PACS) dos [&hellip;]<\/p>\n","protected":false},"author":14,"featured_media":0,"comment_status":"closed","ping_status":"closed","sticky":false,"template":"","format":"standard","meta":{"footnotes":""},"categories":[2],"tags":[593,856,157,24,3,665,362],"ods":[],"class_list":["post-174041","post","type-post","status-publish","format-standard","hentry","category-noticias","tag-aglomeracao-urbana-de-jundiai-auj","tag-campanha-de-combate-ao-aedes","tag-ciesp","tag-dengue","tag-saude","tag-unidade-basica-de-saude-ubs","tag-unidade-de-vigilancia-de-zoonoses"],"_links":{"self":[{"href":"https:\/\/jundiai.sp.gov.br\/noticias\/wp-json\/wp\/v2\/posts\/174041","targetHints":{"allow":["GET"]}}],"collection":[{"href":"https:\/\/jundiai.sp.gov.br\/noticias\/wp-json\/wp\/v2\/posts"}],"about":[{"href":"https:\/\/jundiai.sp.gov.br\/noticias\/wp-json\/wp\/v2\/types\/post"}],"author":[{"embeddable":true,"href":"https:\/\/jundiai.sp.gov.br\/noticias\/wp-json\/wp\/v2\/users\/14"}],"replies":[{"embeddable":true,"href":"https:\/\/jundiai.sp.gov.br\/noticias\/wp-json\/wp\/v2\/comments?post=174041"}],"version-history":[{"count":6,"href":"https:\/\/jundiai.sp.gov.br\/noticias\/wp-json\/wp\/v2\/posts\/174041\/revisions"}],"predecessor-version":[{"id":234341,"href":"https:\/\/jundiai.sp.gov.br\/noticias\/wp-json\/wp\/v2\/posts\/174041\/revisions\/234341"}],"wp:attachment":[{"href":"https:\/\/jundiai.sp.gov.br\/noticias\/wp-json\/wp\/v2\/media?parent=174041"}],"wp:term":[{"taxonomy":"category","embeddable":true,"href":"https:\/\/jundiai.sp.gov.br\/noticias\/wp-json\/wp\/v2\/categories?post=174041"},{"taxonomy":"post_tag","embeddable":true,"href":"https:\/\/jundiai.sp.gov.br\/noticias\/wp-json\/wp\/v2\/tags?post=174041"},{"taxonomy":"ods","embeddable":true,"href":"https:\/\/jundiai.sp.gov.br\/noticias\/wp-json\/wp\/v2\/ods?post=174041"}],"curies":[{"name":"wp","href":"https:\/\/api.w.org\/{rel}","templated":true}]}}