{"id":174196,"date":"2016-04-25T16:29:58","date_gmt":"2016-04-25T19:29:58","guid":{"rendered":"https:\/\/jundiai.sp.gov.br\/noticias\/?p=174196"},"modified":"2016-11-04T13:24:23","modified_gmt":"2016-11-04T15:24:23","slug":"shows-gratuitos-inauguram-reforma-de-praca-no-vianelo-nesta-sexta-29","status":"publish","type":"post","link":"https:\/\/jundiai.sp.gov.br\/noticias\/2016\/04\/25\/shows-gratuitos-inauguram-reforma-de-praca-no-vianelo-nesta-sexta-29\/","title":{"rendered":"Shows gratuitos inauguram reforma de pra\u00e7a no Vianelo na sexta-feira (29)"},"content":{"rendered":"<p><iframe loading=\"lazy\" class=\"alignright\" src=\"https:\/\/www.youtube.com\/embed\/dox-lVJbfwQ\" width=\"420\" height=\"315\" frameborder=\"0\" allowfullscreen=\"allowfullscreen\"><\/iframe><strong>A Secretaria de <a href=\"http:\/\/cultura.jundiai.sp.gov.br\/\" target=\"_blank\">Cultura<\/a> oferece, na inaugura\u00e7\u00e3o oficial da reforma da Pra\u00e7a Francisco Fernandes Pessolano, no Vianelo, duas atra\u00e7\u00f5es musicais que v\u00e3o agitar a noite desta sexta-feira (29), a partir das 18h: a banda Trio em Transe e a Orquestra Jundiaiense de Viola Caipira.<\/strong><\/p>\n<p>Na proposta de <strong>mescla dos g\u00eaneros<\/strong>, que promete <strong>agradar todas as idades<\/strong>, o fundador e baterista da Trio em Transe, Daniel Busanelli, conta que a <strong>inten\u00e7\u00e3o \u00e9 fazer todos dan\u00e7arem<\/strong>.<\/p>\n<p>\u201cN\u00f3s vamos levar para a noite um <strong>apanhado de nossos covers e trabalhos autorais dentro dos 27 anos de banda<\/strong>, com muito <strong>swing, samba, funk americano e novos arranjos dan\u00e7antes para MPB<\/strong>\u201d, destaca.<\/p>\n<p><strong>LEIA TAMB\u00c9M<\/strong><br \/>\n<a href=\"https:\/\/jundiai.sp.gov.br\/noticias\/2016\/04\/20\/revista-sobre-patrimonio-de-jundiai-sera-lancada-em-maio\/\">Revista sobre Patrim\u00f4nio de Jundia\u00ed vai ser lan\u00e7ada em maio<\/a><br \/>\n<a href=\"https:\/\/jundiai.sp.gov.br\/noticias\/2016\/04\/28\/ministerio-da-agricultura-orienta-indicacao-de-origem-da-uva\/\">Minist\u00e9rio da Agricultura orienta indica\u00e7\u00e3o de origem da uva<\/a><\/p>\n<div id=\"attachment_174197\" style=\"width: 730px\" class=\"wp-caption aligncenter\"><a href=\"https:\/\/jundiai.sp.gov.br\/noticias\/wp-content\/uploads\/sites\/32\/2016\/04\/Trio-em-transe_g.jpg\" rel=\"attachment wp-att-174197\"><img loading=\"lazy\" decoding=\"async\" aria-describedby=\"caption-attachment-174197\" class=\"size-large wp-image-174197\" src=\"https:\/\/jundiai.sp.gov.br\/noticias\/wp-content\/uploads\/sites\/32\/2016\/04\/Trio-em-transe_g-720x539.jpg\" alt=\"Banda &quot;Trio em Transe&quot; leva repert\u00f3rio diversificado para noite\" width=\"720\" height=\"539\" srcset=\"https:\/\/jundiai.sp.gov.br\/noticias\/wp-content\/uploads\/sites\/32\/2016\/04\/Trio-em-transe_g-720x539.jpg 720w, https:\/\/jundiai.sp.gov.br\/noticias\/wp-content\/uploads\/sites\/32\/2016\/04\/Trio-em-transe_g-300x225.jpg 300w, https:\/\/jundiai.sp.gov.br\/noticias\/wp-content\/uploads\/sites\/32\/2016\/04\/Trio-em-transe_g-768x575.jpg 768w, https:\/\/jundiai.sp.gov.br\/noticias\/wp-content\/uploads\/sites\/32\/2016\/04\/Trio-em-transe_g.jpg 1240w\" sizes=\"auto, (max-width: 720px) 100vw, 720px\" \/><\/a><p id=\"caption-attachment-174197\" class=\"wp-caption-text\">Banda &#8220;Trio em Transe&#8221; leva repert\u00f3rio diversificado para noite<\/p><\/div>\n<p>O evento possibilita tamb\u00e9m a <strong>valoriza\u00e7\u00e3o do artista jundiaiense, por meio do fomento \u00e0 Cultura local<\/strong>. \u201c\u00c9 sempre bacana poder mostrar nosso trabalho. <strong>Fazer shows nos bairros amplia a quantidade de p\u00fablico que vai poder conhecer a banda<\/strong>\u201d, salienta Daniel.<\/p>\n<p>Tamb\u00e9m, com <strong>mais de 30 violeiros, sete vocais e muito sertanejo raiz<\/strong>, a Orquestra Jundiaiense de Viola Caipira complementa a programa\u00e7\u00e3o ao entoar os <strong>maiores cl\u00e1ssicos do \u201cmod\u00e3o\u201d<\/strong>, juntamente a nomes que ainda carregam o estilo caipira, como o repert\u00f3rio de Renato Teixeira.<\/p>\n<div id=\"attachment_174199\" style=\"width: 410px\" class=\"wp-caption alignleft\"><a href=\"https:\/\/jundiai.sp.gov.br\/noticias\/wp-content\/uploads\/sites\/32\/2016\/04\/orquestra-de-violasg.jpg\" rel=\"attachment wp-att-174199\"><img loading=\"lazy\" decoding=\"async\" aria-describedby=\"caption-attachment-174199\" class=\"size-large wp-image-174199\" src=\"https:\/\/jundiai.sp.gov.br\/noticias\/wp-content\/uploads\/sites\/32\/2016\/04\/orquestra-de-violasg-720x394.jpg\" alt=\"Orquestra Jundiaiense de Viola Caipira cl\u00e1ssicos do sertanejo raiz durante o evento\" width=\"400\" height=\"350\" \/><\/a><p id=\"caption-attachment-174199\" class=\"wp-caption-text\">Orquestra Jundiaiense de Viola Caipira cl\u00e1ssicos do sertanejo raiz durante o evento<\/p><\/div>\n<p>\u201cN\u00f3s somos os representantes da <strong>m\u00fasica tradicional de raiz em Jundia\u00ed e o foco da apresenta\u00e7\u00e3o vai ser demonstrar um pouco deste estilo<\/strong>\u201d, conta o\u00a0diretor, fundador e regente, Adilson Cobeiros. Ele ainda completa. \u201cFicamos muito felizes em sermos lembrados para este evento. Esperamos nosso <strong>p\u00fablico habitual de mais de mil, conquistado ao longo destes oito anos desde a funda\u00e7\u00e3o<\/strong>\u201d, finaliza Cobeiros.<\/p>\n<p><strong>Mais <\/strong><br \/>\nA realiza\u00e7\u00e3o, inspirada no programa da Secretaria de Cultura \u201cSexta no Centro\u201d, ainda conta com o pessoal do <strong>Varej\u00e3o Noturno<\/strong> na promo\u00e7\u00e3o de <strong>vendas dos comes e bebes<\/strong>, juntamente ao programa de fomento ao artesanato jundiaiense <a href=\"http:\/\/turismo.jundiai.sp.gov.br\/atrativos\/artesanato-jundiai-feito-a-mao\/\" target=\"_blank\">Jundia\u00ed Feito \u00e0 M\u00e3o<\/a>.<\/p>\n<p><strong>A pra\u00e7a Francisco Fernandes Pessolano fica na altura do n\u00famero 294 da rua 23 de Maio, no Vianelo<\/strong>, entre as tradicionais ruas Jo\u00e3o Scabin e Fortunato Mori.<\/p>\n<p><strong><em>Assessoria de Imprensa<br \/>\nFotos: Divulga\u00e7\u00e3o<\/em><\/strong><\/p>\n","protected":false},"excerpt":{"rendered":"<p>LEIA TAMB\u00c9M: Minist\u00e9rio da Agricultura orienta processo de indica\u00e7\u00e3o de origem da uva Niagara Rosada, surgida na cidade h\u00e1 mais de 80 anos<\/p>\n","protected":false},"author":14,"featured_media":174207,"comment_status":"closed","ping_status":"closed","sticky":false,"template":"","format":"standard","meta":{"footnotes":""},"categories":[2],"tags":[41,29,293,320],"ods":[],"class_list":["post-174196","post","type-post","status-publish","format-standard","has-post-thumbnail","hentry","category-noticias","tag-agricultura-abastecimento-e-turismo","tag-cultura","tag-jundiai-feito-a-mao","tag-varejao-noturno"],"_links":{"self":[{"href":"https:\/\/jundiai.sp.gov.br\/noticias\/wp-json\/wp\/v2\/posts\/174196","targetHints":{"allow":["GET"]}}],"collection":[{"href":"https:\/\/jundiai.sp.gov.br\/noticias\/wp-json\/wp\/v2\/posts"}],"about":[{"href":"https:\/\/jundiai.sp.gov.br\/noticias\/wp-json\/wp\/v2\/types\/post"}],"author":[{"embeddable":true,"href":"https:\/\/jundiai.sp.gov.br\/noticias\/wp-json\/wp\/v2\/users\/14"}],"replies":[{"embeddable":true,"href":"https:\/\/jundiai.sp.gov.br\/noticias\/wp-json\/wp\/v2\/comments?post=174196"}],"version-history":[{"count":17,"href":"https:\/\/jundiai.sp.gov.br\/noticias\/wp-json\/wp\/v2\/posts\/174196\/revisions"}],"predecessor-version":[{"id":175068,"href":"https:\/\/jundiai.sp.gov.br\/noticias\/wp-json\/wp\/v2\/posts\/174196\/revisions\/175068"}],"wp:featuredmedia":[{"embeddable":true,"href":"https:\/\/jundiai.sp.gov.br\/noticias\/wp-json\/wp\/v2\/media\/174207"}],"wp:attachment":[{"href":"https:\/\/jundiai.sp.gov.br\/noticias\/wp-json\/wp\/v2\/media?parent=174196"}],"wp:term":[{"taxonomy":"category","embeddable":true,"href":"https:\/\/jundiai.sp.gov.br\/noticias\/wp-json\/wp\/v2\/categories?post=174196"},{"taxonomy":"post_tag","embeddable":true,"href":"https:\/\/jundiai.sp.gov.br\/noticias\/wp-json\/wp\/v2\/tags?post=174196"},{"taxonomy":"ods","embeddable":true,"href":"https:\/\/jundiai.sp.gov.br\/noticias\/wp-json\/wp\/v2\/ods?post=174196"}],"curies":[{"name":"wp","href":"https:\/\/api.w.org\/{rel}","templated":true}]}}