{"id":174212,"date":"2016-04-25T16:58:55","date_gmt":"2016-04-25T19:58:55","guid":{"rendered":"https:\/\/jundiai.sp.gov.br\/noticias\/?p=174212"},"modified":"2016-11-04T13:16:54","modified_gmt":"2016-11-04T15:16:54","slug":"jundiai-e-destaque-em-congresso-nacional-de-educacao-ambiental","status":"publish","type":"post","link":"https:\/\/jundiai.sp.gov.br\/noticias\/2016\/04\/25\/jundiai-e-destaque-em-congresso-nacional-de-educacao-ambiental\/","title":{"rendered":"Jundia\u00ed \u00e9 destaque em Congresso Nacional de Educa\u00e7\u00e3o Ambiental"},"content":{"rendered":"<p><strong>Projetos desenvolvidos em parceria pelas secretarias de Servi\u00e7os P\u00fablicos, Sa\u00fade, Educa\u00e7\u00e3o e pela DAE, dentro do Programa de Educa\u00e7\u00e3o Ambiental do munic\u00edpio, foram destaque no 4\u00ba\u00a0Congresso Nacional de Educa\u00e7\u00e3o Ambiental e 6\u00ba\u00a0Encontro Nordestino de Biogeografia em Jo\u00e3o Pessoa (PB), entre a quarta-feira (20) e o s\u00e1bado (23).<\/strong><\/p>\n<p>Os trabalhos foram pautados em <strong>22 eixos tem\u00e1ticos<\/strong>, incluindo <strong>educa\u00e7\u00e3o ambiental e sa\u00fade; biogeografia e biodiversidade; mudan\u00e7as clim\u00e1ticas; fontes de energia renov\u00e1vel; ecologia das paisagens; conflitos e mobiliza\u00e7\u00e3o socioambiental; direito ambiental; capital natural; economia solid\u00e1ria; ecopedagogia<\/strong>, entre outros.<\/p>\n<p><strong>LEIA TAMB\u00c9M<\/strong><br \/>\n<a href=\"https:\/\/jundiai.sp.gov.br\/noticias\/2016\/04\/06\/jundiai-fica-entre-os-top-15-do-municipio-verde-e-azul\/\">Jundia\u00ed fica entre os \u2018top 15\u2019 do Munic\u00edpio Verde e Azul<\/a><br \/>\n<a href=\"https:\/\/jundiai.sp.gov.br\/noticias\/2016\/04\/15\/maior-riqueza-natural-do-mundo-tem-contribuicao-de-jundiai\/\">Maior riqueza natural do mundo tem contribui\u00e7\u00e3o de Jundia\u00ed<\/a><br \/>\n<a href=\"https:\/\/jundiai.sp.gov.br\/noticias\/2016\/04\/18\/com-a-ajuda-do-sorriso-alunos-aprendem-guarda-responsavel\/\">Com a ajuda do \u2018Sorriso\u2019, alunos aprendem guarda respons\u00e1vel<\/a><br \/>\n<a href=\"https:\/\/jundiai.sp.gov.br\/noticias\/2016\/04\/15\/urbanismo-caminhavel-disponibiliza-materiais-em-portal-eletronico\/\">Urbanismo Caminh\u00e1vel disponibiliza materiais em portal eletr\u00f4nico<\/a><\/p>\n<div id=\"attachment_174217\" style=\"width: 410px\" class=\"wp-caption alignright\"><a href=\"https:\/\/jundiai.sp.gov.br\/noticias\/wp-content\/uploads\/sites\/32\/2016\/04\/Jundia\u00ed-\u00e9-destaque-em-Congresso-Nacional-de-Educa\u00e7\u00e3o-Ambiental1.jpg\" rel=\"attachment wp-att-174217\"><img loading=\"lazy\" decoding=\"async\" aria-describedby=\"caption-attachment-174217\" class=\"size-large wp-image-174217\" src=\"https:\/\/jundiai.sp.gov.br\/noticias\/wp-content\/uploads\/sites\/32\/2016\/04\/Jundia\u00ed-\u00e9-destaque-em-Congresso-Nacional-de-Educa\u00e7\u00e3o-Ambiental1-720x473.jpg\" alt=\"A agente de zoonoses Roseli Silva apresentou o projeto Zooeduca\" width=\"400\" height=\"350\" \/><\/a><p id=\"caption-attachment-174217\" class=\"wp-caption-text\">A agente de zoonoses Roseli Silva apresentou o projeto Zooeduca<\/p><\/div>\n<p>Jundia\u00ed levou para o Congresso, ao todo, <strong>quatro trabalhos<\/strong>. A gestora do N\u00facleo de Educa\u00e7\u00e3o Sociombiental da Secretaria de Educa\u00e7\u00e3o, supervisora Claudete Formis, apresentou o <strong>\u201cPrograma de Educa\u00e7\u00e3o Ambiental da Secretaria de Educa\u00e7\u00e3o\u201d<\/strong>. A iniciativa, implementada em 2014, \u00e9 desenvolvida por meio de a\u00e7\u00f5es como forma\u00e7\u00e3o continuada de professores, gestores e agentes de desenvolvimento infantil (ADIs); atividades realizadas nas <strong>113 escolas municipais<\/strong>; produ\u00e7\u00e3o de materiais de apoio; a\u00e7\u00f5es em parceria com as secretarias e institui\u00e7\u00f5es da cidade; e, principalmente, com os projetos <strong>\u201cViv\u00eancias\u201d, \u201cZooeduca\u201d, \u201cEscola Verde\u201d, \u201cMuseu vai \u00e0 Escola\u201d, \u201cGuardi\u00e3o Mirim\u201d e \u201cSa\u00fade na Escola\u201d<\/strong>, os quais permitem aos alunos o conhecimento por meio de viv\u00eancias.<\/p>\n<p>\u201c\u00c9 um programa que visa <strong>levar educa\u00e7\u00e3o ambiental e sustentabilidade para o munic\u00edpio, e integra o plano de governo do prefeito Pedro Bigardi<\/strong>. Jundia\u00ed sempre desenvolveu a\u00e7\u00f5es, mas <strong>nunca tinha tido pol\u00edticas p\u00fablicas voltadas para a quest\u00e3o<\/strong>. Agora, o <strong>tema foi incorporado, por exemplo, no Plano Municipal de Educa\u00e7\u00e3o (PME)<\/strong> e vai estar dentro das propostas curriculares dos segmentos Educa\u00e7\u00e3o Infantil 1 e 2 e Ensino Fundamental. <strong>Estamos discutindo quest\u00f5es ambientais da cidade partindo da escola<\/strong>\u201d, explica Claudete, satisfeita com a participa\u00e7\u00e3o de Jundia\u00ed no Congresso.<strong> \u201cAl\u00e9m de detalhar o nosso projeto, trocamos experi\u00eancias e pudemos ver o quanto o munic\u00edpio est\u00e1 na frente.\u201d<\/strong><br \/>\n<strong><br \/>\nDemais projetos <\/strong><br \/>\nEntre os projetos de Jundia\u00ed tamb\u00e9m estava o <strong>&#8220;Arboriza\u00e7\u00e3o de Escolas Municipais de Jundia\u00ed por Meio de A\u00e7\u00f5es Educativas&#8221;<\/strong>, que, dentro do<strong> <a href=\"https:\/\/jundiai.sp.gov.br\/noticias\/tag\/escola-verde\/\">programa Escola Verde<\/a><\/strong>, uma parceria de Servi\u00e7os P\u00fablicos, Educa\u00e7\u00e3o e DAE, realiza o <strong>plantio de \u00e1rvores em creches e escolas de ensino fundamental da cidade<\/strong>. Criada em 2014, a proposta j\u00e1 atendeu a <strong>mais de 60 escolas e mais de 800 mudas foram plantadas nas unidades<\/strong>. O projeto j\u00e1 capacitou <strong>mais de 1500 profissionais<\/strong> ligados \u00e0 Secretaria de Educa\u00e7\u00e3o, entre eles <strong>diretores, coordenadores pedag\u00f3gicos, agentes de desenvolvimento infantil e professores<\/strong>.<\/p>\n<p>Outro trabalho apresentado foi o <strong>&#8220;Viv\u00eancias&#8221;<\/strong>, no qual crian\u00e7as da rede municipal conhecem locais como <a href=\"http:\/\/jardimbotanico.jundiai.sp.gov.br\/\" target=\"_blank\">Jardim Bot\u00e2nico<\/a>, Centro de Refer\u00eancia em Educa\u00e7\u00e3o Ambiental (Cream), <a href=\"http:\/\/www.daejundiai.com.br\/\" target=\"_blank\">Dae<\/a>, <a href=\"http:\/\/cultura.jundiai.sp.gov.br\/espacos-culturais\/museu-historico-e-cultural-de-jundiai\/\" target=\"_blank\">Museu Hist\u00f3rico e Cultural Solar do Bar\u00e3o<\/a> e Mata Ciliar. Durante a visita, os monitores frisam a<strong> import\u00e2ncia das cole\u00e7\u00f5es bot\u00e2nica e conserva\u00e7\u00e3o para evitar a extin\u00e7\u00e3o das plantas e falam da biodiversidade<\/strong>.<\/p>\n<div id=\"attachment_174219\" style=\"width: 410px\" class=\"wp-caption alignleft\"><a href=\"https:\/\/jundiai.sp.gov.br\/noticias\/wp-content\/uploads\/sites\/32\/2016\/04\/Jundia\u00ed-\u00e9-destaque-em-Congresso-Nacional-de-Educa\u00e7\u00e3o-Ambiental2.jpg\" rel=\"attachment wp-att-174219\"><img loading=\"lazy\" decoding=\"async\" aria-describedby=\"caption-attachment-174219\" class=\"size-large wp-image-174219\" src=\"https:\/\/jundiai.sp.gov.br\/noticias\/wp-content\/uploads\/sites\/32\/2016\/04\/Jundia\u00ed-\u00e9-destaque-em-Congresso-Nacional-de-Educa\u00e7\u00e3o-Ambiental2-720x409.jpg\" alt=\"Encontro reuniu profissionais de todo o Pa\u00eds \" width=\"400\" height=\"300\" \/><\/a><p id=\"caption-attachment-174219\" class=\"wp-caption-text\">Encontro reuniu profissionais de todo o Pa\u00eds<\/p><\/div>\n<p>Apresentaram os trabalhos o diretor do Jardim Bot\u00e2nico, Renato Steck; o engenheiro florestal Thiago Pinto Pires; e a bi\u00f3loga e pedagoga do Centro de Refer\u00eancia em Educa\u00e7\u00e3o Ambiental (Cream), Debora Scarpinelli. <strong>\u201cTudo vai ser inclu\u00eddo em uma publica\u00e7\u00e3o cient\u00edfica. Para n\u00f3s, \u00e9 a oportunidade de mostrar o que est\u00e1 sendo desenvolvido e trocar experi\u00eancias\u201d<\/strong>, avalia Renato.<\/p>\n<p>Tamb\u00e9m da Secretaria de Servi\u00e7os P\u00fablicos, o <strong>&#8220;Del\u00edcia de Reciclagem&#8221;<\/strong>, no qual a <a href=\"https:\/\/jundiai.sp.gov.br\/noticias\/2015\/08\/12\/projeto-alia-reciclagem-a-alimentacao-saudavel\/\">popula\u00e7\u00e3o pode trocar recicl\u00e1veis por verduras fresquinhas plantadas na Unidade de Desenvolvimento Ambiental (Unidam)<\/a>, foi apresentado pela engenheira agr\u00f4noma e diretora da Unidam, Ana Terezinha Maranha Peche.<\/p>\n<p><strong>Sa\u00fade e educa\u00e7\u00e3o<\/strong><br \/>\nA Secretaria de Sa\u00fade tamb\u00e9m marcou presen\u00e7a no congresso com o <strong>&#8220;Zooeduca&#8221;<\/strong>, coordenado pela Unidade de Vigil\u00e2ncia de Zoonoses, por meio do N\u00facleo de Educa\u00e7\u00e3o. O projeto \u00e9 realizado nas escolas municipais da cidade, desde 2013, em parceria com a Secretaria de Educa\u00e7\u00e3o.<\/p>\n<p>O objetivo do projeto \u00e9 <strong>tratar os assuntos relativos \u00e0 zoonose, a preocupa\u00e7\u00e3o com o meio ambiente e as mudan\u00e7as provocadas pela presen\u00e7a do ser humano. O debate \u00e9 feito de forma l\u00fadica e descontra\u00edda nas escolas municipais<\/strong>.<\/p>\n<p>\u201c\u00c9 um projeto longo. Fazemos a <strong>capacita\u00e7\u00e3o com diretores, coordenadores, professores e demais funcion\u00e1rios das escolas<\/strong> para explicar o projeto e instigar a escola a trabalhar o assunto. Entregamos um <strong>material de apoio<\/strong> e cada escola trabalha o tema com os alunos. Depois, no encerramento, a gente apresenta uma <strong>pe\u00e7a de teatro<\/strong>, que \u00e9 uma forma l\u00fadica de tratar de diversos assuntos e envolver todos no debate do tema\u201d, explica a agente de zoonoses, Roseli Silva, autora do projeto ao lado de Gabriela Ballarin e Telma Lima. <strong>Desde 2013, o projeto j\u00e1 passou por 14 escolas municipais. Este ano, outras 13 escolas devem receber o projeto<\/strong>.<\/p>\n<p><strong><em>Assessoria de Imprensa<br \/>\nFotos: Divulga\u00e7\u00e3o<\/em><\/strong><\/p>\n","protected":false},"excerpt":{"rendered":"<p>Projetos desenvolvidos em parceria pelas secretarias de Servi\u00e7os P\u00fablicos, Sa\u00fade, Educa\u00e7\u00e3o e pela DAE, dentro do Programa de Educa\u00e7\u00e3o Ambiental do munic\u00edpio, foram destaque no 4\u00ba\u00a0Congresso Nacional de Educa\u00e7\u00e3o Ambiental e 6\u00ba\u00a0Encontro Nordestino de Biogeografia em Jo\u00e3o Pessoa (PB), entre a quarta-feira (20) e o s\u00e1bado (23). Os trabalhos foram pautados em 22 eixos tem\u00e1ticos, [&hellip;]<\/p>\n","protected":false},"author":14,"featured_media":0,"comment_status":"closed","ping_status":"closed","sticky":false,"template":"","format":"standard","meta":{"footnotes":""},"categories":[2],"tags":[745,6,502,3,341,362,825],"ods":[],"class_list":["post-174212","post","type-post","status-publish","format-standard","hentry","category-noticias","tag-delicia-de-reciclagem","tag-educacao","tag-escola-verde","tag-saude","tag-servicos-publicos","tag-unidade-de-vigilancia-de-zoonoses","tag-zooeduca"],"_links":{"self":[{"href":"https:\/\/jundiai.sp.gov.br\/noticias\/wp-json\/wp\/v2\/posts\/174212","targetHints":{"allow":["GET"]}}],"collection":[{"href":"https:\/\/jundiai.sp.gov.br\/noticias\/wp-json\/wp\/v2\/posts"}],"about":[{"href":"https:\/\/jundiai.sp.gov.br\/noticias\/wp-json\/wp\/v2\/types\/post"}],"author":[{"embeddable":true,"href":"https:\/\/jundiai.sp.gov.br\/noticias\/wp-json\/wp\/v2\/users\/14"}],"replies":[{"embeddable":true,"href":"https:\/\/jundiai.sp.gov.br\/noticias\/wp-json\/wp\/v2\/comments?post=174212"}],"version-history":[{"count":14,"href":"https:\/\/jundiai.sp.gov.br\/noticias\/wp-json\/wp\/v2\/posts\/174212\/revisions"}],"predecessor-version":[{"id":174464,"href":"https:\/\/jundiai.sp.gov.br\/noticias\/wp-json\/wp\/v2\/posts\/174212\/revisions\/174464"}],"wp:attachment":[{"href":"https:\/\/jundiai.sp.gov.br\/noticias\/wp-json\/wp\/v2\/media?parent=174212"}],"wp:term":[{"taxonomy":"category","embeddable":true,"href":"https:\/\/jundiai.sp.gov.br\/noticias\/wp-json\/wp\/v2\/categories?post=174212"},{"taxonomy":"post_tag","embeddable":true,"href":"https:\/\/jundiai.sp.gov.br\/noticias\/wp-json\/wp\/v2\/tags?post=174212"},{"taxonomy":"ods","embeddable":true,"href":"https:\/\/jundiai.sp.gov.br\/noticias\/wp-json\/wp\/v2\/ods?post=174212"}],"curies":[{"name":"wp","href":"https:\/\/api.w.org\/{rel}","templated":true}]}}