{"id":174592,"date":"2016-04-27T16:05:18","date_gmt":"2016-04-27T19:05:18","guid":{"rendered":"https:\/\/jundiai.sp.gov.br\/noticias\/?p=174592"},"modified":"2016-11-04T13:11:22","modified_gmt":"2016-11-04T15:11:22","slug":"caminhada-cultural-tem-proximo-encontro-no-sabado-30","status":"publish","type":"post","link":"https:\/\/jundiai.sp.gov.br\/noticias\/2016\/04\/27\/caminhada-cultural-tem-proximo-encontro-no-sabado-30\/","title":{"rendered":"\u2018Caminhada Cultural\u2019 tem pr\u00f3ximo encontro neste s\u00e1bado (30)"},"content":{"rendered":"<p><strong>O <a href=\"http:\/\/cultura.jundiai.sp.gov.br\/espacos-culturais\/museu-historico-e-cultural-de-jundiai\/\" target=\"_blank\">Museu Hist\u00f3rico e Cultural de Jundia\u00ed \u201cSolar do Bar\u00e3o\u201d<\/a> promove mais uma edi\u00e7\u00e3o da media\u00e7\u00e3o cultural \u201cM\u00faltiplas Temporalidades\u201d, no s\u00e1bado (30), a partir das 8h30. A a\u00e7\u00e3o tem como objetivo propor um exerc\u00edcio de interpreta\u00e7\u00e3o hist\u00f3rica dos locais escolhidos \u2013 <a href=\"http:\/\/pontetorta.jundiai.sp.gov.br\/\" target=\"_blank\">Ponte Torta<\/a>, <a href=\"https:\/\/jundiai.sp.gov.br\/noticias\/2016\/03\/30\/obras-de-escadao-e-centro-das-artes-recebem-visitas-tecnicas\/\">Escad\u00e3o<\/a>, <a href=\"http:\/\/cultura.jundiai.sp.gov.br\/espacos-culturais\/teatro-polytheama\/\" target=\"_blank\">Teatro Polytheama<\/a>, Pra\u00e7a Ruy Barbosa, <a href=\"http:\/\/cultura.jundiai.sp.gov.br\/espacos-culturais\/pinacoteca-diogenes-duarte-paes\/\" target=\"_blank\">Pinacoteca Di\u00f3genes Duarte Paes<\/a> e Pra\u00e7a Governador Pedro de Toledo \u2013 em uma caminhada na regi\u00e3o central.<\/strong><\/p>\n<p><strong>LEIA TAMB\u00c9M<\/strong><br \/>\n<a href=\"https:\/\/jundiai.sp.gov.br\/noticias\/2016\/04\/26\/reuniao-discute-preparativos-para-virada-jundiai-2016\/\">Reuni\u00e3o discute preparativos para Virada Jundia\u00ed 2016<\/a><br \/>\n<a href=\"https:\/\/jundiai.sp.gov.br\/noticias\/2016\/04\/27\/vambora-cantar-leva-oficinas-de-canto-e-apresentacoes-a-bairros\/\">\u2018Vambora Cantar\u2019 leva oficinas de canto e apresenta\u00e7\u00f5es a bairros<\/a><br \/>\n<a href=\"https:\/\/jundiai.sp.gov.br\/noticias\/2016\/04\/27\/peca-ulisses-a-deriva-e-atracao-gratuita-no-solar-do-barao-nesta-sexta-29\/\">Pe\u00e7a &#8216;Ulisses \u00e0 Deriva&#8217; \u00e9 atra\u00e7\u00e3o gratuita no Solar do Bar\u00e3o na sexta (29)<\/a><br \/>\n<a href=\"https:\/\/jundiai.sp.gov.br\/noticias\/2016\/04\/27\/prefeitura-e-tve-surpreendem-com-filme-exclusivo-sobre-envelhecimento\/\">Prefeitura e TVE surpreendem com filme exclusivo sobre envelhecimento<\/a><br \/>\n<a href=\"https:\/\/jundiai.sp.gov.br\/noticias\/2016\/04\/26\/cemiterio-nossa-senhora-do-desterro-tem-passeio-cultural-no-sabado-30\/\">Cemit\u00e9rio Nossa Senhora do Desterro tem passeio cultural no s\u00e1bado (30)<\/a><\/p>\n<div id=\"attachment_174605\" style=\"width: 730px\" class=\"wp-caption aligncenter\"><a href=\"https:\/\/jundiai.sp.gov.br\/noticias\/wp-content\/uploads\/sites\/32\/2016\/04\/media\u00e7\u00e3o_professores_redeG.jpg\" rel=\"attachment wp-att-174605\"><img loading=\"lazy\" decoding=\"async\" aria-describedby=\"caption-attachment-174605\" class=\"size-full wp-image-174605\" src=\"https:\/\/jundiai.sp.gov.br\/noticias\/wp-content\/uploads\/sites\/32\/2016\/04\/media\u00e7\u00e3o_professores_redeG.jpg\" alt=\"Iniciativa comporta 20 participantes para media\u00e7\u00e3o cultural\" width=\"720\" height=\"513\" \/><\/a><p id=\"caption-attachment-174605\" class=\"wp-caption-text\">Iniciativa comporta 20 participantes para media\u00e7\u00e3o cultural<\/p><\/div>\n<p><strong>A caminhada vai ser conduzida pelo historiador e educador Alexandre Oliveira, que, por meio do uso de reprodu\u00e7\u00f5es fotogr\u00e1ficas disponibilizadas aos participantes, vai discutir ideias que contrap\u00f5em as caracter\u00edsticas atuais das estruturas com suas antigas apar\u00eancias.<br \/>\n<\/strong><br \/>\n\u201cA nossa proposta \u00e9 problematizar aspectos da hist\u00f3ria do Centro de Jundia\u00ed, local ocupado desde do in\u00edcio do s\u00e9culo 17, h\u00e1 quase 400 anos. Nesse di\u00e1logo, ao perceberem mudan\u00e7as e perman\u00eancias, os participantes v\u00e3o ter maior nitidez na percep\u00e7\u00e3o do espa\u00e7o urbano da cidade\u201d, explicou Alexandre.<\/p>\n<p><strong>Os interessados devem se inscrever previamente pelos telefones 4586-8414 ou 4521-6259, para preenchimento das 20 vagas oferecidas<\/strong>. O percurso total da caminhada tem 1,5 quil\u00f4metros e o tempo previsto para a atividades propostas nos espa\u00e7os gira em torno de duas horas. O ponto de encontro para os participantes \u00e9 a Pinacoteca Di\u00f3genes Duarte Paes.<\/p>\n<p><strong>\u00c9 recomend\u00e1vel usar roupas e cal\u00e7ados confort\u00e1veis para caminhar, levar garrafa com \u00e1gua, protetor solar, chap\u00e9u, guarda-chuva\/capa de chuva e mochila para carregar pertences. O Museu fornece certificados aos participantes que solicitarem.<\/strong><\/p>\n<p><strong>Confira as pr\u00f3ximas datas programadas \u00e0 Caminhada Cultural<\/strong>: 21 de maio; 25 de junho; 23 de julho; 27 de agosto; 24 de setembro; 22 de outubro e 26 de novembro.<\/p>\n<p><em><strong>Assessoria de Imprensa<br \/>\nFotos: Arquivo PMJ<\/strong><\/em><\/p>\n","protected":false},"excerpt":{"rendered":"<p>MAIS CULTURA: \u2018Vambora Cantar\u2019 leva oficinas de canto e apresenta\u00e7\u00f5es a bairros e pe\u00e7a \u2018Ulisses \u00e0 Deriva\u2019 \u00e9 atra\u00e7\u00e3o gratuita no Solar do Bar\u00e3o<\/p>\n","protected":false},"author":21,"featured_media":174628,"comment_status":"closed","ping_status":"closed","sticky":false,"template":"","format":"standard","meta":{"footnotes":""},"categories":[2],"tags":[29,370,427,98],"ods":[],"class_list":["post-174592","post","type-post","status-publish","format-standard","has-post-thumbnail","hentry","category-noticias","tag-cultura","tag-pinacoteca-municipal-diogenes-duarte-paes","tag-ponte-torta","tag-teatro-polytheama"],"_links":{"self":[{"href":"https:\/\/jundiai.sp.gov.br\/noticias\/wp-json\/wp\/v2\/posts\/174592","targetHints":{"allow":["GET"]}}],"collection":[{"href":"https:\/\/jundiai.sp.gov.br\/noticias\/wp-json\/wp\/v2\/posts"}],"about":[{"href":"https:\/\/jundiai.sp.gov.br\/noticias\/wp-json\/wp\/v2\/types\/post"}],"author":[{"embeddable":true,"href":"https:\/\/jundiai.sp.gov.br\/noticias\/wp-json\/wp\/v2\/users\/21"}],"replies":[{"embeddable":true,"href":"https:\/\/jundiai.sp.gov.br\/noticias\/wp-json\/wp\/v2\/comments?post=174592"}],"version-history":[{"count":8,"href":"https:\/\/jundiai.sp.gov.br\/noticias\/wp-json\/wp\/v2\/posts\/174592\/revisions"}],"predecessor-version":[{"id":174777,"href":"https:\/\/jundiai.sp.gov.br\/noticias\/wp-json\/wp\/v2\/posts\/174592\/revisions\/174777"}],"wp:featuredmedia":[{"embeddable":true,"href":"https:\/\/jundiai.sp.gov.br\/noticias\/wp-json\/wp\/v2\/media\/174628"}],"wp:attachment":[{"href":"https:\/\/jundiai.sp.gov.br\/noticias\/wp-json\/wp\/v2\/media?parent=174592"}],"wp:term":[{"taxonomy":"category","embeddable":true,"href":"https:\/\/jundiai.sp.gov.br\/noticias\/wp-json\/wp\/v2\/categories?post=174592"},{"taxonomy":"post_tag","embeddable":true,"href":"https:\/\/jundiai.sp.gov.br\/noticias\/wp-json\/wp\/v2\/tags?post=174592"},{"taxonomy":"ods","embeddable":true,"href":"https:\/\/jundiai.sp.gov.br\/noticias\/wp-json\/wp\/v2\/ods?post=174592"}],"curies":[{"name":"wp","href":"https:\/\/api.w.org\/{rel}","templated":true}]}}