{"id":174641,"date":"2016-04-27T16:57:52","date_gmt":"2016-04-27T19:57:52","guid":{"rendered":"https:\/\/jundiai.sp.gov.br\/noticias\/?p=174641"},"modified":"2016-11-04T13:12:47","modified_gmt":"2016-11-04T15:12:47","slug":"centro-de-linguas-divulga-classificados-por-criterio-economico","status":"publish","type":"post","link":"https:\/\/jundiai.sp.gov.br\/noticias\/2016\/04\/27\/centro-de-linguas-divulga-classificados-por-criterio-economico\/","title":{"rendered":"Centro de L\u00ednguas divulga listas de inscritos"},"content":{"rendered":"<p><strong>A Secretaria de Educa\u00e7\u00e3o divulgou, nesta quarta-feira (27), a lista de candidatos classificados pelo crit\u00e9rio econ\u00f4mico nos cursos de ingl\u00eas, espanhol, franc\u00eas e italiano, ofertados pelo Centro Municipal de L\u00ednguas Antonio Houaiss. A listagem est\u00e1 dispon\u00edvel na <a href=\"http:\/\/imprensaoficial.jundiai.sp.gov.br\/wp-content\/uploads\/2016\/04\/Edi%C3%A7%C3%A3o-4156_27-04-2016.pdf\" target=\"_blank\">Imprensa Oficial desta quarta-feira (27) (ver das p\u00e1ginas 15 a 78)<\/a>. O per\u00edodo de matr\u00edcula est\u00e1 aberto e prossegue at\u00e9 o dia 6 de maio.<\/strong><\/p>\n<p><a href=\"https:\/\/jundiai.sp.gov.br\/educacao\/complexo-argos\/centro-municipal-de-linguas-antonio-houaiss\/informacoes\/listas-de-inscritos-contemplados-e-espera-dos-candidatos-classificados-por-renda\/\">CONFIRA O CRONOGRAMA DAS INSCRI\u00c7\u00d5ES<\/a><\/p>\n<p>Ao todo, <strong>60% das vagas dispon\u00edveis foram destinadas ao sistema de classifica\u00e7\u00e3o por renda<\/strong>. O objetivo \u00e9 <strong>dar oportunidade para os candidatos com menores condi\u00e7\u00f5es financeiras. A classifica\u00e7\u00e3o ocorreu por ordem crescente, sendo considerado o sal\u00e1rio base do m\u00eas de fevereiro, at\u00e9 o teto de R$ 2.640,00<\/strong>.<\/p>\n<p><strong>LEIA TAMB\u00c9M<\/strong><br \/>\n<a href=\"https:\/\/jundiai.sp.gov.br\/noticias\/2016\/04\/20\/prefeitura-convida-moradores-do-vianelo-para-festa-na-praca-no-dia-29\/\">Pra\u00e7a do Vianelo recebe festa nesta sexta-feira (29)<\/a><br \/>\n<a href=\"https:\/\/jundiai.sp.gov.br\/noticias\/2016\/04\/25\/jundiai-e-destaque-em-congresso-nacional-de-educacao-ambiental\/\">Jundia\u00ed \u00e9 destaque em Congresso Nacional de Educa\u00e7\u00e3o Ambiental<\/a><br \/>\n<a href=\"https:\/\/jundiai.sp.gov.br\/noticias\/2016\/04\/20\/em-comemoracao-aos-20-anos-cmeja-traz-palestra-de-especialista-da-usp\/\">Em comemora\u00e7\u00e3o aos 20 anos, CMEJA traz palestra de especialista da USP<\/a><\/p>\n<div id=\"attachment_135880\" style=\"width: 730px\" class=\"wp-caption aligncenter\"><a href=\"https:\/\/jundiai.sp.gov.br\/noticias\/wp-content\/uploads\/sites\/32\/2015\/04\/aula_centro_de_linguas_Antonio_Houaiss_c_10_G.jpg\" rel=\"attachment wp-att-135880\"><img loading=\"lazy\" decoding=\"async\" aria-describedby=\"caption-attachment-135880\" class=\"size-large wp-image-135880\" src=\"https:\/\/jundiai.sp.gov.br\/noticias\/wp-content\/uploads\/sites\/32\/2015\/04\/aula_centro_de_linguas_Antonio_Houaiss_c_10_G-720x537.jpg\" alt=\"O per\u00edodo de matr\u00edcula est\u00e1 aberto e prossegue at\u00e9 o dia 6 de maio\" width=\"720\" height=\"537\" srcset=\"https:\/\/jundiai.sp.gov.br\/noticias\/wp-content\/uploads\/sites\/32\/2015\/04\/aula_centro_de_linguas_Antonio_Houaiss_c_10_G-720x537.jpg 720w, https:\/\/jundiai.sp.gov.br\/noticias\/wp-content\/uploads\/sites\/32\/2015\/04\/aula_centro_de_linguas_Antonio_Houaiss_c_10_G-300x224.jpg 300w, https:\/\/jundiai.sp.gov.br\/noticias\/wp-content\/uploads\/sites\/32\/2015\/04\/aula_centro_de_linguas_Antonio_Houaiss_c_10_G.jpg 1240w\" sizes=\"auto, (max-width: 720px) 100vw, 720px\" \/><\/a><p id=\"caption-attachment-135880\" class=\"wp-caption-text\">O per\u00edodo de matr\u00edcula est\u00e1 aberto e prossegue at\u00e9 o dia 6 de maio<\/p><\/div>\n<p>J\u00e1 as demais vagas \u2013 <strong>40% \u2013 v\u00e3o ser sorteadas no dia 3 de junho, \u00e0s 9h, na pr\u00f3pria escola, na avenida Dr. Cavalcanti, 396, Vila Arens, no Complexo Argos. O processo \u00e9 aberto ao p\u00fablico.<\/strong><\/p>\n<p><strong>Matr\u00edcula<\/strong><br \/>\nOs candidatos classificados devem procurar o Centro de L\u00ednguas, <strong>at\u00e9 6 de maio, munidos dos seguintes documentos<\/strong>:<\/p>\n<ul>\n<li>C\u00e9dula de Identidade (RG) &#8211; original e fotoc\u00f3pia;<\/li>\n<li>Uma foto 3&#215;4 colorida atual;<\/li>\n<li>Cadastro de Pessoa F\u00edsica (CPF) do candidato &#8211; original;<\/li>\n<li>Comprovante de conclus\u00e3o do Ensino Fundamental, exceto para os candidatos acima de 60 anos de idade &#8211; original;<\/li>\n<li>Declara\u00e7\u00e3o escolar (9\u00ba ano) para os candidatos que ainda n\u00e3o conclu\u00edram o Ensino Fundamental \u2013 original;<\/li>\n<li>Comprovante de escolaridade ensino p\u00fablico b\u00e1sico, para candidatos entre 14 e 18 anos;<\/li>\n<li>Comprovante atual de resid\u00eancia em Jundia\u00ed, com CEP, em nome do candidato ou de seu mantenedor \u2013 original;<\/li>\n<li>Comprovante de rendimento relativo ao m\u00eas de fevereiro deste ano que comprove sal\u00e1rio-base at\u00e9 o valor de R$ 2.640,00 (a lista de documentos v\u00e1lidos tamb\u00e9m est\u00e1 dispon\u00edvel na Imprensa Oficial). Caso haja diverg\u00eancia entre o sal\u00e1rio-base declarado na inscri\u00e7\u00e3o e o apresentado, o candidato ter\u00e1 sua classifica\u00e7\u00e3o indeferida.<\/li>\n<\/ul>\n<p>O atendimento na escola \u00e9\u00a0<strong>de segunda a quinta-feira, das 8h30 \u00e0s 18h30 , e \u00e0s sextas-feiras, das 8h30 \u00e0s 17h30<\/strong>.<\/p>\n<p><strong>O n\u00e3o comparecimento no per\u00edodo estipulado tamb\u00e9m implica no cancelamento da vaga.<\/strong><\/p>\n<p>O Centro de L\u00ednguas faz parte da Secretaria de Educa\u00e7\u00e3o e atende as <strong>metas determinadas pela administra\u00e7\u00e3o municipal. Gratuitamente s\u00e3o ofertados cursos de ingl\u00eas, espanhol, italiano e franc\u00eas. Al\u00e9m de possibilitar que a popula\u00e7\u00e3o tenha acesso a outro idioma e outras culturas, os cursos ampliam as habilidades profissionais para o mercado de trabalho.<\/strong><\/p>\n<p><strong><em>Roberta de S\u00e1<br \/>\nFoto: Arquivo PMJ<\/em><\/strong><\/p>\n","protected":false},"excerpt":{"rendered":"<p>Classificados por crit\u00e9rio econ\u00f4mico devem fazer matr\u00edcula de cursos gratuitos at\u00e9 o dia 6 de maio<\/p>\n","protected":false},"author":14,"featured_media":138182,"comment_status":"closed","ping_status":"closed","sticky":false,"template":"","format":"standard","meta":{"footnotes":""},"categories":[2],"tags":[336,419,430,6,728],"ods":[],"class_list":["post-174641","post","type-post","status-publish","format-standard","has-post-thumbnail","hentry","category-noticias","tag-centro-de-linguas-e-tecnologia-da-informacao","tag-complexo-argos","tag-cursos-gratuitos","tag-educacao","tag-imprensa-oficial"],"_links":{"self":[{"href":"https:\/\/jundiai.sp.gov.br\/noticias\/wp-json\/wp\/v2\/posts\/174641","targetHints":{"allow":["GET"]}}],"collection":[{"href":"https:\/\/jundiai.sp.gov.br\/noticias\/wp-json\/wp\/v2\/posts"}],"about":[{"href":"https:\/\/jundiai.sp.gov.br\/noticias\/wp-json\/wp\/v2\/types\/post"}],"author":[{"embeddable":true,"href":"https:\/\/jundiai.sp.gov.br\/noticias\/wp-json\/wp\/v2\/users\/14"}],"replies":[{"embeddable":true,"href":"https:\/\/jundiai.sp.gov.br\/noticias\/wp-json\/wp\/v2\/comments?post=174641"}],"version-history":[{"count":9,"href":"https:\/\/jundiai.sp.gov.br\/noticias\/wp-json\/wp\/v2\/posts\/174641\/revisions"}],"predecessor-version":[{"id":176635,"href":"https:\/\/jundiai.sp.gov.br\/noticias\/wp-json\/wp\/v2\/posts\/174641\/revisions\/176635"}],"wp:featuredmedia":[{"embeddable":true,"href":"https:\/\/jundiai.sp.gov.br\/noticias\/wp-json\/wp\/v2\/media\/138182"}],"wp:attachment":[{"href":"https:\/\/jundiai.sp.gov.br\/noticias\/wp-json\/wp\/v2\/media?parent=174641"}],"wp:term":[{"taxonomy":"category","embeddable":true,"href":"https:\/\/jundiai.sp.gov.br\/noticias\/wp-json\/wp\/v2\/categories?post=174641"},{"taxonomy":"post_tag","embeddable":true,"href":"https:\/\/jundiai.sp.gov.br\/noticias\/wp-json\/wp\/v2\/tags?post=174641"},{"taxonomy":"ods","embeddable":true,"href":"https:\/\/jundiai.sp.gov.br\/noticias\/wp-json\/wp\/v2\/ods?post=174641"}],"curies":[{"name":"wp","href":"https:\/\/api.w.org\/{rel}","templated":true}]}}