{"id":174872,"date":"2016-04-28T18:11:17","date_gmt":"2016-04-28T21:11:17","guid":{"rendered":"https:\/\/jundiai.sp.gov.br\/noticias\/?p=174872"},"modified":"2016-11-04T13:14:55","modified_gmt":"2016-11-04T15:14:55","slug":"evento-marca-dia-em-memoria-das-vitimas-de-acidentes-do-trabalho","status":"publish","type":"post","link":"https:\/\/jundiai.sp.gov.br\/noticias\/2016\/04\/28\/evento-marca-dia-em-memoria-das-vitimas-de-acidentes-do-trabalho\/","title":{"rendered":"Evento marca Dia em Mem\u00f3ria das V\u00edtimas de Acidentes do Trabalho"},"content":{"rendered":"<p><iframe loading=\"lazy\" class=\"alignright\" width=\"420\" height=\"315\" src=\"https:\/\/www.youtube.com\/embed\/NmJqotVYcLE\" frameborder=\"0\" allowfullscreen><\/iframe><strong>A Secretaria de Sa\u00fade reuniu nesta quinta-feira (28), no audit\u00f3rio do <a href=\"https:\/\/www.facebook.com\/fundosocialsolidariedadedejundiai\/?fref=ts\" target=\"_blank\">Fundo Social de Solidariedade (Funss)<\/a>, profissionais da \u00e1rea de vigil\u00e2ncia em sa\u00fade da cidade e da regi\u00e3o para celebrar o Dia em Mem\u00f3ria das V\u00edtimas de Acidentes e Doen\u00e7as do Trabalho. Al\u00e9m de Jundia\u00ed, estiveram presentes representantes de Itatiba, Atibaia e V\u00e1rzea Paulista.<\/strong><\/p>\n<p>O secret\u00e1rio de Sa\u00fade, Lu\u00eds Carlos Casarin, agradeceu a presen\u00e7a dos profissionais da regi\u00e3o e destacou a <strong>relev\u00e2ncia do evento, especialmente pelo seu significado. \u201cAqui em Jundia\u00ed temos nos esfor\u00e7ado muito para aproximar o trabalho das vigil\u00e2ncias, articulando a sa\u00fade do trabalhador com os servi\u00e7os da rede de sa\u00fade\u201d<\/strong>, disse.<\/p>\n<p>A diretora de Vigil\u00e2ncia em Sa\u00fade, Rosa Bueno Monetti, tamb\u00e9m frisou a <strong>import\u00e2ncia da participa\u00e7\u00e3o dos munic\u00edpios que comp\u00f5em a regi\u00e3o de Jundia\u00ed<\/strong>. \u201cO esfor\u00e7o em equipe, compartilhado, \u00e9 um <strong>desafio para todos em todas as \u00e1reas<\/strong>. Esse \u00e9 um momento para refletirmos sobre os acidentes de trabalho.\u201d<\/p>\n<p><strong>LEIA TAMB\u00c9M<\/strong><br \/>\n<a href=\"https:\/\/jundiai.sp.gov.br\/noticias\/2016\/04\/28\/vacinacao-contra-gripe-comeca-no-sabado-30\/\">Vacina\u00e7\u00e3o contra gripe come\u00e7a neste s\u00e1bado (30)<\/a><br \/>\n<a href=\"https:\/\/jundiai.sp.gov.br\/noticias\/2016\/04\/25\/jundiai-e-destaque-em-congresso-nacional-de-educacao-ambiental\/\">Jundia\u00ed \u00e9 destaque em Congresso Nacional de Educa\u00e7\u00e3o Ambiental<\/a><br \/>\n<a href=\"https:\/\/jundiai.sp.gov.br\/noticias\/2016\/04\/27\/nucleo-de-vigilancia-hospitalar-recebe-diretor-do-hospital-vital-brazil\/\">N\u00facleo de Vigil\u00e2ncia Hospitalar recebe diretor do hospital Vital Brazil<\/a><\/p>\n<div id=\"attachment_174875\" style=\"width: 730px\" class=\"wp-caption aligncenter\"><a href=\"https:\/\/jundiai.sp.gov.br\/noticias\/wp-content\/uploads\/sites\/32\/2016\/04\/Evento-marca-Dia-em-Mem\u00f3ria-das-V\u00edtimas-de-Acidentes-do-Trabalho.jpg\" rel=\"attachment wp-att-174875\"><img loading=\"lazy\" decoding=\"async\" aria-describedby=\"caption-attachment-174875\" class=\"size-large wp-image-174875\" src=\"https:\/\/jundiai.sp.gov.br\/noticias\/wp-content\/uploads\/sites\/32\/2016\/04\/Evento-marca-Dia-em-Mem\u00f3ria-das-V\u00edtimas-de-Acidentes-do-Trabalho-720x480.jpg\" alt=\"Encontro reuniu autoridades de Jundia\u00ed e regi\u00e3o\" width=\"720\" height=\"480\" srcset=\"https:\/\/jundiai.sp.gov.br\/noticias\/wp-content\/uploads\/sites\/32\/2016\/04\/Evento-marca-Dia-em-Mem\u00f3ria-das-V\u00edtimas-de-Acidentes-do-Trabalho-720x480.jpg 720w, https:\/\/jundiai.sp.gov.br\/noticias\/wp-content\/uploads\/sites\/32\/2016\/04\/Evento-marca-Dia-em-Mem\u00f3ria-das-V\u00edtimas-de-Acidentes-do-Trabalho-300x200.jpg 300w, https:\/\/jundiai.sp.gov.br\/noticias\/wp-content\/uploads\/sites\/32\/2016\/04\/Evento-marca-Dia-em-Mem\u00f3ria-das-V\u00edtimas-de-Acidentes-do-Trabalho-768x512.jpg 768w, https:\/\/jundiai.sp.gov.br\/noticias\/wp-content\/uploads\/sites\/32\/2016\/04\/Evento-marca-Dia-em-Mem\u00f3ria-das-V\u00edtimas-de-Acidentes-do-Trabalho.jpg 1240w\" sizes=\"auto, (max-width: 720px) 100vw, 720px\" \/><\/a><p id=\"caption-attachment-174875\" class=\"wp-caption-text\">Encontro reuniu autoridades de Jundia\u00ed e regi\u00e3o<\/p><\/div>\n<p>O gerente do Centro de Refer\u00eancia em Sa\u00fade do Trabalhador (Cerest), Severino Soares da Costa, lembrou de <strong>um dos maiores problemas que os \u00f3rg\u00e3os oficiais enfrentam atualmente, que \u00e9 a subnotifica\u00e7\u00e3o dos casos ou notifica\u00e7\u00f5es incompletas. \u201cIsso dificulta a compila\u00e7\u00e3o de dados confi\u00e1veis e o planejamento de a\u00e7\u00f5es\u201d<\/strong>, refor\u00e7ou.<\/p>\n<p>Para a gerente de Vigil\u00e2ncia em Sa\u00fade do Trabalhador (Visat), Camille Junqueira Guidorizzi, respons\u00e1vel pela organiza\u00e7\u00e3o do evento, al\u00e9m de lembrar a data, a ideia do encontro foi <strong>mostrar a preocupa\u00e7\u00e3o do poder p\u00fablico com a situa\u00e7\u00e3o dos trabalhadores<\/strong>.<\/p>\n<div id=\"attachment_174877\" style=\"width: 410px\" class=\"wp-caption alignleft\"><a href=\"https:\/\/jundiai.sp.gov.br\/noticias\/wp-content\/uploads\/sites\/32\/2016\/04\/Evento-marca-Dia-em-Mem\u00f3ria-das-V\u00edtimas-de-Acidentes-do-Trabalho1.jpg\" rel=\"attachment wp-att-174877\"><img loading=\"lazy\" decoding=\"async\" aria-describedby=\"caption-attachment-174877\" class=\"size-large wp-image-174877\" src=\"https:\/\/jundiai.sp.gov.br\/noticias\/wp-content\/uploads\/sites\/32\/2016\/04\/Evento-marca-Dia-em-Mem\u00f3ria-das-V\u00edtimas-de-Acidentes-do-Trabalho1-720x485.jpg\" alt=\"Andreia Garbin falou sobre import\u00e2ncia do tema\" width=\"400\" height=\"350\" \/><\/a><p id=\"caption-attachment-174877\" class=\"wp-caption-text\">Andreia Garbin falou sobre import\u00e2ncia do tema<\/p><\/div>\n<p>\u201cAcredito que parar, mesmo que apenas por algumas poucas horas, para <strong>homenagear aqueles que foram v\u00edtimas de acidentes e doen\u00e7as causados pelo trabalho<\/strong>, \u00e9 uma forma muito singela de mostrar nossa preocupa\u00e7\u00e3o. <strong>Precisamos nos dedicar ao cuidado com todos os que trabalham antes que eles sejam acometidos por acidentes e doen\u00e7as<\/strong>\u201d, acredita.<\/p>\n<p>O evento tamb\u00e9m contou com palestra da diretora de Vigil\u00e2ncia em Sa\u00fade de S\u00e3o Bernardo do Campo, Andreia de Conto Garbin, profissional com ampla experi\u00eancia em psicologia do trabalho, sa\u00fade mental e trabalho e sa\u00fade p\u00fablica. Ela ressaltou que a import\u00e2ncia de datas como essa, que lembram momentos hist\u00f3ricos, &#8220;para a <strong>renova\u00e7\u00e3o das energias para o enfrentamento dos problemas<\/strong>&#8220;.<\/p>\n<p>O titular da Coordenadoria do Trabalho, Emprego e Renda, Vitor Machado, prestigiou o evento.<\/p>\n<p><strong>Acidentes<\/strong><br \/>\nSegundo dados do Minist\u00e9rio do Trabalho e Previd\u00eancia Social, o <strong>Brasil registra, em m\u00e9dia, 700 mil acidentes de trabalho por ano desde 2010. Em 2014, foram 704 mil, sendo 2.783 mil mortes e 251 mil afastamentos por mais de 15 dias.<\/strong><\/p>\n<p>Outro dado que chama a aten\u00e7\u00e3o \u00e9 o <strong>perfil das v\u00edtimas. A maioria dos acidentados (68%) s\u00e3o homens e jovens<\/strong> (entre 25 e 29 anos). A regi\u00e3o com maior incid\u00eancia de acidentes \u00e9 a <strong>Sudeste, com 379 mil registros<\/strong>.<\/p>\n<p>\u201cTemos de lembrar tamb\u00e9m que <strong>bilh\u00f5es de reais s\u00e3o gastos, todos os anos, com recursos p\u00fablicos direcionados aos acidentes de trabalho<\/strong>. Em 2008, por exemplo, foram <strong>R$ 46 bilh\u00f5es com assist\u00eancia m\u00e9dica, benef\u00edcios por incapacidade tempor\u00e1ria ou permanente e pens\u00f5es por morte de trabalhadores v\u00edtimas das m\u00e1s condi\u00e7\u00f5es de trabalho<\/strong>\u201d, destaca Camille.<\/p>\n<p><strong>Hist\u00f3ria<\/strong><br \/>\n<strong>O Dia Mundial em Mem\u00f3ria \u00e0s V\u00edtimas de Acidentes de Trabalho surgiu no Canad\u00e1 por iniciativa do movimento sindical e logo se espalhou por diversos pa\u00edses<\/strong>. A data, 28 de abril, foi escolhida porque neste dia, em 1969, houve uma explos\u00e3o na mina da cidade de Farmington, na Virg\u00ednia, nos Estados Unidos, matando 78 trabalhadores.<\/p>\n<p>Desde 2003, a Organiza\u00e7\u00e3o Internacional do Trabalho (OIT), prop\u00f5e a data como um <strong>dia de reflex\u00e3o sobre a seguran\u00e7a e sa\u00fade do trabalhador. <a href=\"http:\/\/www.planalto.gov.br\/ccivil_03\/_Ato2004-2006\/2005\/Lei\/L11121.htm\" target=\"_blank\">No Brasil, a data foi institu\u00edda em maio de 2005 por meio da Lei 11.121<\/a><\/strong>.<\/p>\n<p><strong><em>Niza Souza<br \/>\nFotos: Alessandro Rosman<\/em><\/strong><\/p>\n","protected":false},"excerpt":{"rendered":"<p>A Secretaria de Sa\u00fade reuniu nesta quinta-feira (28), no audit\u00f3rio do Fundo Social de Solidariedade (Funss), profissionais da \u00e1rea de vigil\u00e2ncia em sa\u00fade da cidade e da regi\u00e3o para celebrar o Dia em Mem\u00f3ria das V\u00edtimas de Acidentes e Doen\u00e7as do Trabalho. Al\u00e9m de Jundia\u00ed, estiveram presentes representantes de Itatiba, Atibaia e V\u00e1rzea Paulista. O [&hellip;]<\/p>\n","protected":false},"author":14,"featured_media":0,"comment_status":"closed","ping_status":"closed","sticky":false,"template":"","format":"standard","meta":{"footnotes":""},"categories":[2],"tags":[262,416,3,740,877],"ods":[],"class_list":["post-174872","post","type-post","status-publish","format-standard","hentry","category-noticias","tag-cerest","tag-fundo-social-de-solidariedade-funss","tag-saude","tag-vigilancia-em-saude","tag-vigilancia-em-saude-do-trabalhador-visat"],"_links":{"self":[{"href":"https:\/\/jundiai.sp.gov.br\/noticias\/wp-json\/wp\/v2\/posts\/174872","targetHints":{"allow":["GET"]}}],"collection":[{"href":"https:\/\/jundiai.sp.gov.br\/noticias\/wp-json\/wp\/v2\/posts"}],"about":[{"href":"https:\/\/jundiai.sp.gov.br\/noticias\/wp-json\/wp\/v2\/types\/post"}],"author":[{"embeddable":true,"href":"https:\/\/jundiai.sp.gov.br\/noticias\/wp-json\/wp\/v2\/users\/14"}],"replies":[{"embeddable":true,"href":"https:\/\/jundiai.sp.gov.br\/noticias\/wp-json\/wp\/v2\/comments?post=174872"}],"version-history":[{"count":7,"href":"https:\/\/jundiai.sp.gov.br\/noticias\/wp-json\/wp\/v2\/posts\/174872\/revisions"}],"predecessor-version":[{"id":175011,"href":"https:\/\/jundiai.sp.gov.br\/noticias\/wp-json\/wp\/v2\/posts\/174872\/revisions\/175011"}],"wp:attachment":[{"href":"https:\/\/jundiai.sp.gov.br\/noticias\/wp-json\/wp\/v2\/media?parent=174872"}],"wp:term":[{"taxonomy":"category","embeddable":true,"href":"https:\/\/jundiai.sp.gov.br\/noticias\/wp-json\/wp\/v2\/categories?post=174872"},{"taxonomy":"post_tag","embeddable":true,"href":"https:\/\/jundiai.sp.gov.br\/noticias\/wp-json\/wp\/v2\/tags?post=174872"},{"taxonomy":"ods","embeddable":true,"href":"https:\/\/jundiai.sp.gov.br\/noticias\/wp-json\/wp\/v2\/ods?post=174872"}],"curies":[{"name":"wp","href":"https:\/\/api.w.org\/{rel}","templated":true}]}}