{"id":174881,"date":"2016-04-28T18:29:16","date_gmt":"2016-04-28T21:29:16","guid":{"rendered":"https:\/\/jundiai.sp.gov.br\/noticias\/?p=174881"},"modified":"2016-11-04T13:21:56","modified_gmt":"2016-11-04T15:21:56","slug":"prefeito-recebe-organizadores-da-festa-das-nacoes-e-do-porco-a-paraguaia","status":"publish","type":"post","link":"https:\/\/jundiai.sp.gov.br\/noticias\/2016\/04\/28\/prefeito-recebe-organizadores-da-festa-das-nacoes-e-do-porco-a-paraguaia\/","title":{"rendered":"Prefeito recebe organizadores da Festa das Na\u00e7\u00f5es e do Porco \u00e0 Paraguaia"},"content":{"rendered":"<p><strong>O prefeito Pedro Bigardi e a secret\u00e1ria de Agricultura, Abastecimento e Turismo, Val\u00e9ria Silveira de Oliveira, receberam, nesta quinta-feira (28), os representantes dos eventos Porco \u00e0 Paraguaia, no dia 22 de maio, e da Festa das Na\u00e7\u00f5es, em agosto.<\/strong><\/p>\n<p><strong>Bigardi destacou a import\u00e2ncia das festas, que fazem parte do calend\u00e1rio municipal de eventos<\/strong>. \u201cEstas festas s\u00e3o uma <strong>tradi\u00e7\u00e3o de Jundia\u00ed, que as par\u00f3quias v\u00eam mantendo historicamente e que crescem a cada ano. Para n\u00f3s, gestores p\u00fablicos, \u00e9 um evento importante para a cidade, pois re\u00fane a fam\u00edlia, promove a confraterniza\u00e7\u00e3o entre as pessoas, al\u00e9m de ser lazer para a popula\u00e7\u00e3o<\/strong>.\u201d<\/p>\n<p><strong>LEIA TAMB\u00c9M<\/strong><br \/>\n<a href=\"https:\/\/jundiai.sp.gov.br\/noticias\/2016\/04\/28\/mais-barata-virada-jundiai-promove-cultura-local\/\">Mais barata, Virada Jundia\u00ed promove cultura local<\/a><br \/>\n<a href=\"https:\/\/jundiai.sp.gov.br\/noticias\/2016\/04\/25\/shows-gratuitos-inauguram-reforma-de-praca-no-vianelo-nesta-sexta-29\/\">Shows gratuitos inauguram reforma de pra\u00e7a no Vianelo na sexta (29)<\/a><br \/>\n<a href=\"https:\/\/jundiai.sp.gov.br\/noticias\/2016\/04\/28\/feira-das-maes-ocupa-o-paco-a-partir-desta-segunda-feira-2\/\">\u2018Feira das M\u00e3es\u2019 ocupa o Pa\u00e7o Municipal a partir desta segunda-feira (2)<\/a><br \/>\n<a href=\"https:\/\/jundiai.sp.gov.br\/noticias\/2016\/04\/26\/festa-do-dia-do-trabalhador-agita-o-parque-do-corrupira\/\">Festa do Dia do Trabalhador agita o Parque do Corrupira neste domingo (1\u00ba)<\/a><\/p>\n<div id=\"attachment_174887\" style=\"width: 730px\" class=\"wp-caption aligncenter\"><a href=\"https:\/\/jundiai.sp.gov.br\/noticias\/wp-content\/uploads\/sites\/32\/2016\/04\/festa_das_nacoes_reuniao_prefeito_D-10G.jpg\" rel=\"attachment wp-att-174887\"><img loading=\"lazy\" decoding=\"async\" aria-describedby=\"caption-attachment-174887\" class=\"size-large wp-image-174887\" src=\"https:\/\/jundiai.sp.gov.br\/noticias\/wp-content\/uploads\/sites\/32\/2016\/04\/festa_das_nacoes_reuniao_prefeito_D-10G-720x446.jpg\" alt=\"Prefeito e secret\u00e1ria com a comiss\u00e3o organizadora da Festa das Na\u00e7\u00f5es\" width=\"720\" height=\"446\" srcset=\"https:\/\/jundiai.sp.gov.br\/noticias\/wp-content\/uploads\/sites\/32\/2016\/04\/festa_das_nacoes_reuniao_prefeito_D-10G-720x446.jpg 720w, https:\/\/jundiai.sp.gov.br\/noticias\/wp-content\/uploads\/sites\/32\/2016\/04\/festa_das_nacoes_reuniao_prefeito_D-10G-300x186.jpg 300w, https:\/\/jundiai.sp.gov.br\/noticias\/wp-content\/uploads\/sites\/32\/2016\/04\/festa_das_nacoes_reuniao_prefeito_D-10G-768x476.jpg 768w, https:\/\/jundiai.sp.gov.br\/noticias\/wp-content\/uploads\/sites\/32\/2016\/04\/festa_das_nacoes_reuniao_prefeito_D-10G.jpg 1240w\" sizes=\"auto, (max-width: 720px) 100vw, 720px\" \/><\/a><p id=\"caption-attachment-174887\" class=\"wp-caption-text\">Prefeito e secret\u00e1ria com a comiss\u00e3o organizadora da Festa das Na\u00e7\u00f5es<\/p><\/div>\n<p>A primeira visita foi da comiss\u00e3o organizadora da <strong>Festa das Na\u00e7\u00f5es, promovida pela Par\u00f3quia Nossa Senhora do Perp\u00e9tuo Socorro e S\u00e3o Jos\u00e9<\/strong>. Em sua <strong>14\u00aa edi\u00e7\u00e3o<\/strong>, o evento beneficente est\u00e1 marcado para os dias <strong>27 e 28 de agosto e nos tr\u00eas primeiros finais de semana de setembro, no bairro Cidade Nova 1<\/strong>.<\/p>\n<div id=\"attachment_174889\" style=\"width: 410px\" class=\"wp-caption alignleft\"><a href=\"https:\/\/jundiai.sp.gov.br\/noticias\/wp-content\/uploads\/sites\/32\/2016\/04\/porco_rolete_D-14g.jpg\" rel=\"attachment wp-att-174889\"><img loading=\"lazy\" decoding=\"async\" aria-describedby=\"caption-attachment-174889\" class=\"size-large wp-image-174889\" src=\"https:\/\/jundiai.sp.gov.br\/noticias\/wp-content\/uploads\/sites\/32\/2016\/04\/porco_rolete_D-14g-720x509.jpg\" alt=\"Bigardi recebeu convite para Porco \u00e0 Paraguaia \" width=\"400\" height=\"350\" \/><\/a><p id=\"caption-attachment-174889\" class=\"wp-caption-text\">Bigardi recebeu convite para Porco \u00e0 Paraguaia<\/p><\/div>\n<p>Segundo o padre Joaquim de Souza Filho, est\u00e3o confirmadas nesta edi\u00e7\u00e3o as <strong>barracas italianas, alem\u00e3, japonesa, brasileira e \u00e1rabe, al\u00e9m de atra\u00e7\u00f5es culturais de m\u00fasica e dan\u00e7a<\/strong>. \u201c\u00c9 uma <strong>festa tradicional<\/strong>, que tem como objetivo arrecadar fundos para a par\u00f3quia, al\u00e9m de proporcional lazer e favorecer a integra\u00e7\u00e3o da comunidade.\u201d<\/p>\n<p><strong>Porco \u00e0 Paraguaia<\/strong><br \/>\nNa sequ\u00eancia, o P<strong>refeito recebeu a comiss\u00e3o organizadora do 15\u00ba Porco \u00e0 Paraguaia, evento promovido pela Par\u00f3quia Frederico Ozanam<\/strong>. Na oportunidade, o padre Adilson Amadi entregou a Bigardi o convite da festa, que vai ser no sal\u00e3o de festas da Cidade Vicentina. \u201cFazemos quest\u00e3o da presen\u00e7a do prefeito e sua fam\u00edlia em nosso evento, vai ser um prazer para a nossa comunidade receb\u00ea-los\u201d, disse o padre.<\/p>\n<p><strong>A renda do evento \u00e9 destinada \u00e0 Cidade Vicentina e aos jovens que v\u00e3o participar da Jornada Mundial da Juventude<\/strong>. Os convites est\u00e3o \u00e0 venda na Cidade Vicentina, que fica na rua Augusto Trevisan, 121, Parque do Col\u00e9gio. Mais informa\u00e7\u00f5es pelos telefones (11) 4521-5154 e 4583-1467.<\/p>\n<p><strong><em>Assessoria de Imprensa<br \/>\nFotos: Dorival Pinheiro Filho<\/em><\/strong><\/p>\n","protected":false},"excerpt":{"rendered":"<p>O prefeito Pedro Bigardi e a secret\u00e1ria de Agricultura, Abastecimento e Turismo, Val\u00e9ria Silveira de Oliveira, receberam, nesta quinta-feira (28), os representantes dos eventos Porco \u00e0 Paraguaia, no dia 22 de maio, e da Festa das Na\u00e7\u00f5es, em agosto. Bigardi destacou a import\u00e2ncia das festas, que fazem parte do calend\u00e1rio municipal de eventos. \u201cEstas festas [&hellip;]<\/p>\n","protected":false},"author":14,"featured_media":0,"comment_status":"closed","ping_status":"closed","sticky":false,"template":"","format":"standard","meta":{"footnotes":""},"categories":[2],"tags":[41,58],"ods":[],"class_list":["post-174881","post","type-post","status-publish","format-standard","hentry","category-noticias","tag-agricultura-abastecimento-e-turismo","tag-prefeito"],"_links":{"self":[{"href":"https:\/\/jundiai.sp.gov.br\/noticias\/wp-json\/wp\/v2\/posts\/174881","targetHints":{"allow":["GET"]}}],"collection":[{"href":"https:\/\/jundiai.sp.gov.br\/noticias\/wp-json\/wp\/v2\/posts"}],"about":[{"href":"https:\/\/jundiai.sp.gov.br\/noticias\/wp-json\/wp\/v2\/types\/post"}],"author":[{"embeddable":true,"href":"https:\/\/jundiai.sp.gov.br\/noticias\/wp-json\/wp\/v2\/users\/14"}],"replies":[{"embeddable":true,"href":"https:\/\/jundiai.sp.gov.br\/noticias\/wp-json\/wp\/v2\/comments?post=174881"}],"version-history":[{"count":6,"href":"https:\/\/jundiai.sp.gov.br\/noticias\/wp-json\/wp\/v2\/posts\/174881\/revisions"}],"predecessor-version":[{"id":174891,"href":"https:\/\/jundiai.sp.gov.br\/noticias\/wp-json\/wp\/v2\/posts\/174881\/revisions\/174891"}],"wp:attachment":[{"href":"https:\/\/jundiai.sp.gov.br\/noticias\/wp-json\/wp\/v2\/media?parent=174881"}],"wp:term":[{"taxonomy":"category","embeddable":true,"href":"https:\/\/jundiai.sp.gov.br\/noticias\/wp-json\/wp\/v2\/categories?post=174881"},{"taxonomy":"post_tag","embeddable":true,"href":"https:\/\/jundiai.sp.gov.br\/noticias\/wp-json\/wp\/v2\/tags?post=174881"},{"taxonomy":"ods","embeddable":true,"href":"https:\/\/jundiai.sp.gov.br\/noticias\/wp-json\/wp\/v2\/ods?post=174881"}],"curies":[{"name":"wp","href":"https:\/\/api.w.org\/{rel}","templated":true}]}}