{"id":175333,"date":"2016-05-02T15:08:45","date_gmt":"2016-05-02T18:08:45","guid":{"rendered":"https:\/\/jundiai.sp.gov.br\/noticias\/?p=175333"},"modified":"2016-11-04T13:11:58","modified_gmt":"2016-11-04T15:11:58","slug":"atletismo-classifica-19-atletas-para-estadual-amador-e-jogos-da-juventude","status":"publish","type":"post","link":"https:\/\/jundiai.sp.gov.br\/noticias\/2016\/05\/02\/atletismo-classifica-19-atletas-para-estadual-amador-e-jogos-da-juventude\/","title":{"rendered":"Atletismo classifica 19 atletas para estadual amador e Jogos da Juventude"},"content":{"rendered":"<p><strong>A equipe de atletismo da Prefeitura participou com 33 atletas de duas competi\u00e7\u00f5es nesse domingo (1\u00ba), na pista do Complexo Swiss Park, em Campinas, e obteve excelentes resultados. As duas competi\u00e7\u00f5es envolviam jovens atletas de dez\u00a0a 19 anos e eram classificat\u00f3rias para a fase estadual do 1\u00ba Campeonato Amador da modalidade e dos Jogos Abertos da Juventude, que re\u00fanem os melhores atletas de S\u00e3o Paulo.<\/strong><\/p>\n<p><strong>LEIA TAMB\u00c9M<\/strong><br \/>\n<a href=\"https:\/\/jundiai.sp.gov.br\/noticias\/2016\/05\/02\/ginastica-artistica-e-peama-tem-otimos-resultados-no-final-de-semana\/\">Gin\u00e1stica Art\u00edstica e Peama t\u00eam \u00f3timos resultados no final de semana<\/a><br \/>\n<a href=\"https:\/\/jundiai.sp.gov.br\/noticias\/2016\/04\/25\/jundiai-garante-vice-campeonato-nos-jogos-regionais-do-idoso-em-avare\/\">Jundia\u00ed garante vice-campeonato nos Jogos Regionais do Idoso, em Avar\u00e9<\/a><\/p>\n<div id=\"attachment_175334\" style=\"width: 410px\" class=\"wp-caption alignright\"><a href=\"https:\/\/jundiai.sp.gov.br\/noticias\/wp-content\/uploads\/sites\/32\/2016\/05\/ATLETISMO_G.jpg\" rel=\"attachment wp-att-175334\"><img loading=\"lazy\" decoding=\"async\" aria-describedby=\"caption-attachment-175334\" class=\"size-large wp-image-175334\" src=\"https:\/\/jundiai.sp.gov.br\/noticias\/wp-content\/uploads\/sites\/32\/2016\/05\/ATLETISMO_G-720x489.jpg\" alt=\"Ao todo, 19 atletas foram selecionados para as fases seguintes \" width=\"400\" height=\"350\" \/><\/a><p id=\"caption-attachment-175334\" class=\"wp-caption-text\">Ao todo, 19 atletas foram selecionados para as fases seguintes<\/p><\/div>\n<p><strong>Amador<\/strong><br \/>\nDestinado a <strong>jovens entre dez\u00a0e 15 anos<\/strong> e que n\u00e3o sejam vinculados \u00e0 Federa\u00e7\u00e3o Paulista de Atletismo, o 1\u00ba Campeonato Amador de Atletismo tem como objetivo <strong>estimular a pr\u00e1tica da modalidade para iniciantes<\/strong>. Sendo assim, <strong>17 dos alunos da inicia\u00e7\u00e3o participaram e tiveram um \u00f3timo desempenho<\/strong>. \u201cApesar de n\u00e3o trabalharmos a competi\u00e7\u00e3o nessas idades, na semana anterior \u00e0 competi\u00e7\u00e3o ensinamos <strong>t\u00e9cnicas iniciais e b\u00e1sicas<\/strong> das provas de que nossos alunos participariam, para que tivessem no\u00e7\u00e3o do que \u00e9 permitido ou n\u00e3o, pelas regras. E, mesmo assim, conseguimos <strong>cinco classifica\u00e7\u00f5es<\/strong>\u201d, disse o t\u00e9cnico da equipe, Robson Mian.<\/p>\n<p>Os classificados foram: Bruno Monteiro Felix, nos 75 metros; J\u00falio C\u00e9sar da Luz, nos 600 metros; Mayara Soares, no arremesso de peso; Maria Eduarda Lemos, no salto em dist\u00e2ncia; e Gabriel Farias, nos 800 metros.<\/p>\n<p>\u201cAgora, vamos trabalhar um pouco mais as t\u00e9cnicas iniciais dessas provas para que novamente fa\u00e7am bonito, desta vez em Sert\u00e3ozinho, entre os melhores do estado. <strong>Nossa escolinha de atletismo caminha na dire\u00e7\u00e3o certa para a futura renova\u00e7\u00e3o de atletas da modalidade<\/strong>\u201d, concluiu Mian.<\/p>\n<p><strong>Jogos Abertos<\/strong><br \/>\nNos <strong>33\u00ba Jogos Abertos da Juventude, 16 atletas com idade entre 15 a 19 anos, participaram representando Jundia\u00ed e conquistaram 14 classifica\u00e7\u00f5es para a fase estadual da competi\u00e7\u00e3o, de 13 a 15 de maio, em Caraguatatuba<\/strong>.<\/p>\n<p>Como alguns dos atletas jundiaienses tamb\u00e9m participam de provas da Federa\u00e7\u00e3o Paulista e por isso n\u00e3o puderam competir, a <strong>equipe j\u00e1 apresentou caras novas, resultado de uma natural renova\u00e7\u00e3o<\/strong>.<\/p>\n<p>Os <strong>treinos tamb\u00e9m foram direcionados especialmente para o torneio<\/strong>. \u201cCom <strong>dedica\u00e7\u00e3o e envolvimento de toda a comiss\u00e3o t\u00e9cnica<\/strong>, obtivemos <strong>\u00eaxitos consider\u00e1veis<\/strong> e os atletas agora preparam a mala para competir entre os melhores de S\u00e3o Paulo, o que j\u00e1 pode ser considerado um pr\u00eamio para eles\u201d, disse o t\u00e9cnico, que tamb\u00e9m esclareceu qual vai ser pr\u00f3ximo passo da equipe: <strong>minimizar os pontos fracos e otimizar o que t\u00eam de melhor para a disputa final<\/strong>.<\/p>\n<p>Os classificados foram: Lucas Herique Leite e Pablo Juliano de Oliveira, no arremesso de peso; Bruno Pav\u00e3o da Rocha e Carlos Henrique de Souza, no lan\u00e7amento de dardo; Ronaldo Pereira, nos 100 metros rasos; Carol Martins Assun\u00e7\u00e3o, no salto em altura e no salto triplo; Thaissa Gabrielle Cunha, nos 800 metros e 1500 metros; Jean Douglas Paulino Santos, nos 800 metros; Kaique Vin\u00edcius da Silva, nos 110 metros com barreiras; Vagna Soares da Silva , no lan\u00e7amento de disco; Francisco Marchiori da Mota, no salto com vara e A equipe Francisco, Josu\u00e9, Kaique e Jean no revezamento 4&#215;400.<\/p>\n<p>A comiss\u00e3o t\u00e9cnica foi formada pelos professores Robson Mian, Carlos Calabresi, Mariana Antonelli e estagi\u00e1rias Aline Martins e Fernanda Dallazem, com aux\u00edlio de Mayara Amorim e Val\u00e9ria Pilat.<\/p>\n<p><strong><em>Assessoria de Imprensa<br \/>\nFoto: Divulga\u00e7\u00e3o<\/em><\/strong><\/p>\n","protected":false},"excerpt":{"rendered":"<p>A equipe de atletismo da Prefeitura participou com 33 atletas de duas competi\u00e7\u00f5es nesse domingo (1\u00ba), na pista do Complexo Swiss Park, em Campinas, e obteve excelentes resultados. As duas competi\u00e7\u00f5es envolviam jovens atletas de dez\u00a0a 19 anos e eram classificat\u00f3rias para a fase estadual do 1\u00ba Campeonato Amador da modalidade e dos Jogos Abertos [&hellip;]<\/p>\n","protected":false},"author":14,"featured_media":0,"comment_status":"closed","ping_status":"closed","sticky":false,"template":"","format":"standard","meta":{"footnotes":""},"categories":[2],"tags":[104,546,545,35],"ods":[],"class_list":["post-175333","post","type-post","status-publish","format-standard","hentry","category-noticias","tag-atletismo","tag-atletismo-feminino","tag-atletismo-masculino","tag-esporte-e-lazer"],"_links":{"self":[{"href":"https:\/\/jundiai.sp.gov.br\/noticias\/wp-json\/wp\/v2\/posts\/175333","targetHints":{"allow":["GET"]}}],"collection":[{"href":"https:\/\/jundiai.sp.gov.br\/noticias\/wp-json\/wp\/v2\/posts"}],"about":[{"href":"https:\/\/jundiai.sp.gov.br\/noticias\/wp-json\/wp\/v2\/types\/post"}],"author":[{"embeddable":true,"href":"https:\/\/jundiai.sp.gov.br\/noticias\/wp-json\/wp\/v2\/users\/14"}],"replies":[{"embeddable":true,"href":"https:\/\/jundiai.sp.gov.br\/noticias\/wp-json\/wp\/v2\/comments?post=175333"}],"version-history":[{"count":3,"href":"https:\/\/jundiai.sp.gov.br\/noticias\/wp-json\/wp\/v2\/posts\/175333\/revisions"}],"predecessor-version":[{"id":175337,"href":"https:\/\/jundiai.sp.gov.br\/noticias\/wp-json\/wp\/v2\/posts\/175333\/revisions\/175337"}],"wp:attachment":[{"href":"https:\/\/jundiai.sp.gov.br\/noticias\/wp-json\/wp\/v2\/media?parent=175333"}],"wp:term":[{"taxonomy":"category","embeddable":true,"href":"https:\/\/jundiai.sp.gov.br\/noticias\/wp-json\/wp\/v2\/categories?post=175333"},{"taxonomy":"post_tag","embeddable":true,"href":"https:\/\/jundiai.sp.gov.br\/noticias\/wp-json\/wp\/v2\/tags?post=175333"},{"taxonomy":"ods","embeddable":true,"href":"https:\/\/jundiai.sp.gov.br\/noticias\/wp-json\/wp\/v2\/ods?post=175333"}],"curies":[{"name":"wp","href":"https:\/\/api.w.org\/{rel}","templated":true}]}}