{"id":175339,"date":"2016-05-02T15:26:52","date_gmt":"2016-05-02T18:26:52","guid":{"rendered":"https:\/\/jundiai.sp.gov.br\/noticias\/?p=175339"},"modified":"2016-11-04T13:14:18","modified_gmt":"2016-11-04T15:14:18","slug":"cultura-oferece-oficinas-gratuitas-de-danca-no-ceu-das-artes","status":"publish","type":"post","link":"https:\/\/jundiai.sp.gov.br\/noticias\/2016\/05\/02\/cultura-oferece-oficinas-gratuitas-de-danca-no-ceu-das-artes\/","title":{"rendered":"Cultura oferece oficinas gratuitas de dan\u00e7a no CEU das Artes"},"content":{"rendered":"<div id=\"attachment_175342\" style=\"width: 410px\" class=\"wp-caption alignleft\"><a href=\"https:\/\/jundiai.sp.gov.br\/noticias\/wp-content\/uploads\/sites\/32\/2016\/05\/IOA_dan\u00e7a_01g.jpg\" rel=\"attachment wp-att-175342\"><img loading=\"lazy\" decoding=\"async\" aria-describedby=\"caption-attachment-175342\" class=\"size-large wp-image-175342\" src=\"https:\/\/jundiai.sp.gov.br\/noticias\/wp-content\/uploads\/sites\/32\/2016\/05\/IOA_dan\u00e7a_01g-720x463.jpg\" alt=\"IOA apresenta gratuitamente o espet\u00e1culo &quot;O Peso de Si Mesmo&quot; \" width=\"400\" height=\"350\" \/><\/a><p id=\"caption-attachment-175342\" class=\"wp-caption-text\">IOA apresenta gratuitamente o espet\u00e1culo &#8220;O Peso de Si Mesmo&#8221;<\/p><\/div>\n<p><strong>A <a href=\"http:\/\/cultura.jundiai.sp.gov.br\/\" target=\"_blank\">Secretaria de Cultura<\/a> promove uma programa\u00e7\u00e3o gratuita \u00e0 comunidade do Jardim Vista Alegre no CEU das Artes, neste s\u00e1bado (7) e domingo (8), das 15h \u00e0s 18h, com oficinas de dan\u00e7a contempor\u00e2nea viabilizadas pelo Programa de Est\u00edmulo \u00e0 Cultura. A equipe da escola de dan\u00e7a \u201cIOA Dan\u00e7a\u201d, fundada h\u00e1 60 anos em Jundia\u00ed, \u00e9 a respons\u00e1vel pelo projeto e por ministrar as aulas.<\/strong><\/p>\n<p>Os interessados devem se inscrever antecipadamente pelo e-mail <a href=\"mailto:contato@ioadanca.com.br\" target=\"_blank\">contato@ioadanca.com.br<\/a> ou pelo telefone <strong>(11) 4586-6109. As vagas s\u00e3o limitadas.<\/strong><\/p>\n<p><strong>LEIA TAMB\u00c9M<\/strong><br \/>\n<a href=\"https:\/\/jundiai.sp.gov.br\/noticias\/2016\/05\/01\/eventos-celebram-dia-do-trabalhador-na-cidade\/\">Eventos celebram Dia do Trabalhador na cidade<\/a><br \/>\n<a href=\"https:\/\/jundiai.sp.gov.br\/noticias\/2016\/04\/30\/moradores-aprovam-revitalizacao-da-praca-do-vianelo\/\">Moradores aprovam reforma de pra\u00e7a no Vianelo<\/a><br \/>\n<a href=\"https:\/\/jundiai.sp.gov.br\/noticias\/2016\/04\/29\/espetaculo-flamenco-traz-nomes-internacionais-para-o-polytheama\/\">Espet\u00e1culo de flamenco traz nomes internacionais para o Polytheama<\/a><\/p>\n<p>Posteriormente, para celebrar as oficinas, os<strong> alunos que participarem se apresentam em um espet\u00e1culo com o tema \u201cPaz\u201d, no domingo (15), a partir das 18h<\/strong>, ap\u00f3s \u00faltimos ensinamentos da oficina.<\/p>\n<div id=\"attachment_175344\" style=\"width: 410px\" class=\"wp-caption alignright\"><a href=\"https:\/\/jundiai.sp.gov.br\/noticias\/wp-content\/uploads\/sites\/32\/2016\/05\/IOA_dan\u00e7a_02g.jpg\" rel=\"attachment wp-att-175344\"><img loading=\"lazy\" decoding=\"async\" aria-describedby=\"caption-attachment-175344\" class=\"size-large wp-image-175344\" src=\"https:\/\/jundiai.sp.gov.br\/noticias\/wp-content\/uploads\/sites\/32\/2016\/05\/IOA_dan\u00e7a_02g-720x510.jpg\" alt=\"T\u00e9cnicas de dan\u00e7a contempor\u00e2nea v\u00e3o ser ensinadas durante as oficinas\" width=\"400\" height=\"350\" \/><\/a><p id=\"caption-attachment-175344\" class=\"wp-caption-text\">T\u00e9cnicas de dan\u00e7a contempor\u00e2nea v\u00e3o ser ensinadas durante as oficinas<\/p><\/div>\n<p><strong>Mais<\/strong><br \/>\nAl\u00e9m das <strong>oficinas de dan\u00e7a contempor\u00e2nea<\/strong>, a popula\u00e7\u00e3o tamb\u00e9m vai poder assistir a <strong>duas apresenta\u00e7\u00f5es da coreografia \u201cO peso de si mesmo\u201d<\/strong>, tamb\u00e9m <strong>no CEU das Artes, \u00e0s 19h do s\u00e1bado (7) e domingo (8)<\/strong>. \u201cA obra aborda a necessidade e coragem de aceitarmos quem somos e aprendermos a carregar nosso peso de maneira leve\u201d, explica a diretora art\u00edstica do IOA Dan\u00e7a, Luana Esp\u00edndola.<\/p>\n<p><strong>O Ceu das Artes fica na rua Cabo Edivaldo Quirilo Santana, esquina com rua Di\u00e1cono Sebasti\u00e3o Cegobias Filho, s\/ n\u00ba, Vista Alegre. A entrada \u00e9 gratuita.<\/strong><\/p>\n<p><em><strong>Assessoria de Imprensa<br \/>\nFotos: Divulga\u00e7\u00e3o<\/strong><\/em><\/p>\n","protected":false},"excerpt":{"rendered":"<p>A Secretaria de Cultura promove uma programa\u00e7\u00e3o gratuita \u00e0 comunidade do Jardim Vista Alegre no CEU das Artes, neste s\u00e1bado (7) e domingo (8), das 15h \u00e0s 18h, com oficinas de dan\u00e7a contempor\u00e2nea viabilizadas pelo Programa de Est\u00edmulo \u00e0 Cultura. A equipe da escola de dan\u00e7a \u201cIOA Dan\u00e7a\u201d, fundada h\u00e1 60 anos em Jundia\u00ed, \u00e9 [&hellip;]<\/p>\n","protected":false},"author":14,"featured_media":0,"comment_status":"closed","ping_status":"closed","sticky":false,"template":"","format":"standard","meta":{"footnotes":""},"categories":[2],"tags":[894,29,430,439],"ods":[],"class_list":["post-175339","post","type-post","status-publish","format-standard","hentry","category-noticias","tag-ceu-das-artes-do-vista-alegre","tag-cultura","tag-cursos-gratuitos","tag-danca"],"_links":{"self":[{"href":"https:\/\/jundiai.sp.gov.br\/noticias\/wp-json\/wp\/v2\/posts\/175339","targetHints":{"allow":["GET"]}}],"collection":[{"href":"https:\/\/jundiai.sp.gov.br\/noticias\/wp-json\/wp\/v2\/posts"}],"about":[{"href":"https:\/\/jundiai.sp.gov.br\/noticias\/wp-json\/wp\/v2\/types\/post"}],"author":[{"embeddable":true,"href":"https:\/\/jundiai.sp.gov.br\/noticias\/wp-json\/wp\/v2\/users\/14"}],"replies":[{"embeddable":true,"href":"https:\/\/jundiai.sp.gov.br\/noticias\/wp-json\/wp\/v2\/comments?post=175339"}],"version-history":[{"count":5,"href":"https:\/\/jundiai.sp.gov.br\/noticias\/wp-json\/wp\/v2\/posts\/175339\/revisions"}],"predecessor-version":[{"id":175348,"href":"https:\/\/jundiai.sp.gov.br\/noticias\/wp-json\/wp\/v2\/posts\/175339\/revisions\/175348"}],"wp:attachment":[{"href":"https:\/\/jundiai.sp.gov.br\/noticias\/wp-json\/wp\/v2\/media?parent=175339"}],"wp:term":[{"taxonomy":"category","embeddable":true,"href":"https:\/\/jundiai.sp.gov.br\/noticias\/wp-json\/wp\/v2\/categories?post=175339"},{"taxonomy":"post_tag","embeddable":true,"href":"https:\/\/jundiai.sp.gov.br\/noticias\/wp-json\/wp\/v2\/tags?post=175339"},{"taxonomy":"ods","embeddable":true,"href":"https:\/\/jundiai.sp.gov.br\/noticias\/wp-json\/wp\/v2\/ods?post=175339"}],"curies":[{"name":"wp","href":"https:\/\/api.w.org\/{rel}","templated":true}]}}