{"id":175799,"date":"2016-05-04T15:42:15","date_gmt":"2016-05-04T18:42:15","guid":{"rendered":"https:\/\/jundiai.sp.gov.br\/noticias\/?p=175799"},"modified":"2016-11-04T13:17:43","modified_gmt":"2016-11-04T15:17:43","slug":"pat-nao-abre-na-quinta-12-e-sexta-feira-13-para-capacitacao","status":"publish","type":"post","link":"https:\/\/jundiai.sp.gov.br\/noticias\/2016\/05\/04\/pat-nao-abre-na-quinta-12-e-sexta-feira-13-para-capacitacao\/","title":{"rendered":"PAT n\u00e3o abre na quinta (12) e sexta-feira (13) para capacita\u00e7\u00e3o"},"content":{"rendered":"<p><strong>O Posto de Atendimento ao Trabalhador (Pat) de Jundia\u00ed vai estar fechado na quinta (12) e sexta-feira (13), porque todos os funcion\u00e1rios do \u00f3rg\u00e3o municipal foram convocados pela Secretaria Estadual de Emprego e Rela\u00e7\u00f5es de Trabalho (Sert) para um treinamento peri\u00f3dico em local a ser definido em Piracicaba.<\/strong><\/p>\n<p><a href=\"https:\/\/jundiai.sp.gov.br\/noticias\/tag\/emprego\/\">CONFIRA AS OFERTAS DE EMPREGO DO PAT JUNDIA\u00cd<\/a><\/p>\n<p>Diversos PATs da regi\u00e3o est\u00e3o sendo chamados para o encontro e tamb\u00e9m devem cancelar as atividades nos mesmos dias.<\/p>\n<p>Dentre os temas do curso, a atualiza\u00e7\u00e3o vai abordar <strong>mudan\u00e7as legislativas<\/strong>, principalmente sobre quest\u00f5es relacionadas ao <strong>seguro desemprego. O atendimento volta ao normal na segunda-feira (16)<\/strong>.<\/p>\n<p><strong><em>Assessoria de Imprensa<\/em><\/strong><\/p>\n","protected":false},"excerpt":{"rendered":"<p>O Posto de Atendimento ao Trabalhador (Pat) de Jundia\u00ed vai estar fechado na quinta (12) e sexta-feira (13), porque todos os funcion\u00e1rios do \u00f3rg\u00e3o municipal foram convocados pela Secretaria Estadual de Emprego e Rela\u00e7\u00f5es de Trabalho (Sert) para um treinamento peri\u00f3dico em local a ser definido em Piracicaba. CONFIRA AS OFERTAS DE EMPREGO DO PAT [&hellip;]<\/p>\n","protected":false},"author":14,"featured_media":0,"comment_status":"closed","ping_status":"closed","sticky":false,"template":"","format":"standard","meta":{"footnotes":""},"categories":[2],"tags":[365,480,187],"ods":[],"class_list":["post-175799","post","type-post","status-publish","format-standard","hentry","category-noticias","tag-desenvolvimento-economico-ciencia-e-tecnologia","tag-emprego","tag-posto-de-atendimento-ao-trabalhador-pat"],"_links":{"self":[{"href":"https:\/\/jundiai.sp.gov.br\/noticias\/wp-json\/wp\/v2\/posts\/175799","targetHints":{"allow":["GET"]}}],"collection":[{"href":"https:\/\/jundiai.sp.gov.br\/noticias\/wp-json\/wp\/v2\/posts"}],"about":[{"href":"https:\/\/jundiai.sp.gov.br\/noticias\/wp-json\/wp\/v2\/types\/post"}],"author":[{"embeddable":true,"href":"https:\/\/jundiai.sp.gov.br\/noticias\/wp-json\/wp\/v2\/users\/14"}],"replies":[{"embeddable":true,"href":"https:\/\/jundiai.sp.gov.br\/noticias\/wp-json\/wp\/v2\/comments?post=175799"}],"version-history":[{"count":5,"href":"https:\/\/jundiai.sp.gov.br\/noticias\/wp-json\/wp\/v2\/posts\/175799\/revisions"}],"predecessor-version":[{"id":175841,"href":"https:\/\/jundiai.sp.gov.br\/noticias\/wp-json\/wp\/v2\/posts\/175799\/revisions\/175841"}],"wp:attachment":[{"href":"https:\/\/jundiai.sp.gov.br\/noticias\/wp-json\/wp\/v2\/media?parent=175799"}],"wp:term":[{"taxonomy":"category","embeddable":true,"href":"https:\/\/jundiai.sp.gov.br\/noticias\/wp-json\/wp\/v2\/categories?post=175799"},{"taxonomy":"post_tag","embeddable":true,"href":"https:\/\/jundiai.sp.gov.br\/noticias\/wp-json\/wp\/v2\/tags?post=175799"},{"taxonomy":"ods","embeddable":true,"href":"https:\/\/jundiai.sp.gov.br\/noticias\/wp-json\/wp\/v2\/ods?post=175799"}],"curies":[{"name":"wp","href":"https:\/\/api.w.org\/{rel}","templated":true}]}}