{"id":175875,"date":"2016-05-04T18:28:08","date_gmt":"2016-05-04T21:28:08","guid":{"rendered":"https:\/\/jundiai.sp.gov.br\/noticias\/?p=175875"},"modified":"2016-11-04T13:15:33","modified_gmt":"2016-11-04T15:15:33","slug":"ficha-tecnica-de-somos-todos-cuidadores","status":"publish","type":"post","link":"https:\/\/jundiai.sp.gov.br\/noticias\/2016\/05\/04\/ficha-tecnica-de-somos-todos-cuidadores\/","title":{"rendered":"Ficha t\u00e9cnica de #somos todos cuidadores"},"content":{"rendered":"<p><strong>Ficha T\u00e9cnica<\/strong><\/p>\n<p><strong>Roteiro original:<\/strong> Maria Elisabete Thomasini<\/p>\n<p><strong>Adapta\u00e7\u00e3o:<\/strong> Ulisses Vertuan<\/p>\n<p><strong>Dire\u00e7\u00e3o:<\/strong> Marcos Freitas<\/p>\n<p><strong>Elenco:<\/strong> Joelma Marcolino, Marici Nicioli, Jimmy Roselli, Mariana Benatti, Ulisses Vertuan e Ricardo Santos Duran. Com participa\u00e7\u00e3o pontual de alunos do curso de teatro do Centro de Conviv\u00eancia do Idoso (Criju).<\/p>\n<p><strong>Dire\u00e7\u00e3o de imagens:<\/strong> George Toth<\/p>\n<p><strong>Operadores de c\u00e2mera:<\/strong> Carlos Souza, Juliano Justino, Paulo Pires e Rudineis Oliveira<\/p>\n<p><strong>Operador de \u00e1udio:<\/strong> V\u00edtor Ramos<\/p>\n<p><strong>Ilumina\u00e7\u00e3o:<\/strong> M\u00e1rio Rissoli<\/p>\n<p><strong>Assistente de dire\u00e7\u00e3o:<\/strong> Caroline Godoy<\/p>\n<p><strong>Edi\u00e7\u00e3o, sonoplastia e finaliza\u00e7\u00e3o:<\/strong> Aislan Ferretti<\/p>\n<p><em><strong>Jos\u00e9 Arnaldo de Oliveira <\/strong><\/em><\/p>\n","protected":false},"excerpt":{"rendered":"<p>Ficha T\u00e9cnica Roteiro original: Maria Elisabete Thomasini Adapta\u00e7\u00e3o: Ulisses Vertuan Dire\u00e7\u00e3o: Marcos Freitas Elenco: Joelma Marcolino, Marici Nicioli, Jimmy Roselli, Mariana Benatti, Ulisses Vertuan e Ricardo Santos Duran. Com participa\u00e7\u00e3o pontual de alunos do curso de teatro do Centro de Conviv\u00eancia do Idoso (Criju). Dire\u00e7\u00e3o de imagens: George Toth Operadores de c\u00e2mera: Carlos Souza, Juliano [&hellip;]<\/p>\n","protected":false},"author":10,"featured_media":0,"comment_status":"closed","ping_status":"closed","sticky":false,"template":"","format":"standard","meta":{"footnotes":""},"categories":[2],"tags":[87,29,72],"ods":[],"class_list":["post-175875","post","type-post","status-publish","format-standard","hentry","category-noticias","tag-coordenadoria-do-idoso","tag-cultura","tag-tve-jundiai"],"_links":{"self":[{"href":"https:\/\/jundiai.sp.gov.br\/noticias\/wp-json\/wp\/v2\/posts\/175875","targetHints":{"allow":["GET"]}}],"collection":[{"href":"https:\/\/jundiai.sp.gov.br\/noticias\/wp-json\/wp\/v2\/posts"}],"about":[{"href":"https:\/\/jundiai.sp.gov.br\/noticias\/wp-json\/wp\/v2\/types\/post"}],"author":[{"embeddable":true,"href":"https:\/\/jundiai.sp.gov.br\/noticias\/wp-json\/wp\/v2\/users\/10"}],"replies":[{"embeddable":true,"href":"https:\/\/jundiai.sp.gov.br\/noticias\/wp-json\/wp\/v2\/comments?post=175875"}],"version-history":[{"count":2,"href":"https:\/\/jundiai.sp.gov.br\/noticias\/wp-json\/wp\/v2\/posts\/175875\/revisions"}],"predecessor-version":[{"id":175878,"href":"https:\/\/jundiai.sp.gov.br\/noticias\/wp-json\/wp\/v2\/posts\/175875\/revisions\/175878"}],"wp:attachment":[{"href":"https:\/\/jundiai.sp.gov.br\/noticias\/wp-json\/wp\/v2\/media?parent=175875"}],"wp:term":[{"taxonomy":"category","embeddable":true,"href":"https:\/\/jundiai.sp.gov.br\/noticias\/wp-json\/wp\/v2\/categories?post=175875"},{"taxonomy":"post_tag","embeddable":true,"href":"https:\/\/jundiai.sp.gov.br\/noticias\/wp-json\/wp\/v2\/tags?post=175875"},{"taxonomy":"ods","embeddable":true,"href":"https:\/\/jundiai.sp.gov.br\/noticias\/wp-json\/wp\/v2\/ods?post=175875"}],"curies":[{"name":"wp","href":"https:\/\/api.w.org\/{rel}","templated":true}]}}