{"id":176094,"date":"2016-05-06T15:44:05","date_gmt":"2016-05-06T18:44:05","guid":{"rendered":"https:\/\/jundiai.sp.gov.br\/noticias\/?p=176094"},"modified":"2016-11-04T10:53:52","modified_gmt":"2016-11-04T12:53:52","slug":"obras-do-escadao-recebem-visita-de-prefeito-e-autoridades","status":"publish","type":"post","link":"https:\/\/jundiai.sp.gov.br\/noticias\/2016\/05\/06\/obras-do-escadao-recebem-visita-de-prefeito-e-autoridades\/","title":{"rendered":"Obras do Escad\u00e3o recebem visita de prefeito e autoridades"},"content":{"rendered":"<p><strong>A remodela\u00e7\u00e3o da Esplanada do Monte Castelo (Escad\u00e3o) recebeu, nesta sexta-feira (6), a visita do prefeito, dos secret\u00e1rios: de Planejamento e Meio Ambiente, Daniela da C\u00e2mara Sutti; de\u00a0Agricultura, Abastecimento e Turismo,\u00a0Val\u00e9ria Silveira de Oliveira; de\u00a0Servi\u00e7os P\u00fablicos,\u00a0Aguinaldo Leite; e de Sa\u00fade, Lu\u00eds Carlos Casarin;<\/strong><strong>\u00a0al\u00e9m dos vereadores Gerson Sartori e Rog\u00e9rio Ricardo, com o objetivo de conhecer o andamento dos trabalhos. A inaugura\u00e7\u00e3o ser\u00e1 no s\u00e1bado (14), \u00e0s 17h.<\/strong><\/p>\n<p><strong>LEIA TAMB\u00c9M<\/strong><br \/>\n<a href=\"https:\/\/jundiai.sp.gov.br\/noticias\/2016\/05\/04\/prefeitura-prepara-reabertura-do-novo-escadao\/\">Prefeitura prepara reabertura do \u2018novo\u2019 Escad\u00e3o<\/a><br \/>\n<a href=\"https:\/\/jundiai.sp.gov.br\/noticias\/2016\/05\/05\/jundiai-analisa-acao-local-de-propostas-globais-para-biodiversidade\/\">Jundia\u00ed analisa a\u00e7\u00e3o local de propostas globais para biodiversidade<\/a><\/p>\n<div id=\"attachment_176096\" style=\"width: 730px\" class=\"wp-caption aligncenter\"><a href=\"https:\/\/jundiai.sp.gov.br\/noticias\/wp-content\/uploads\/sites\/32\/2016\/05\/Prefeito-visita-Obras-Esplanada-Monte-Castelo_c_24_G.jpg\" rel=\"attachment wp-att-176096\"><img loading=\"lazy\" decoding=\"async\" aria-describedby=\"caption-attachment-176096\" class=\"size-full wp-image-176096\" src=\"https:\/\/jundiai.sp.gov.br\/noticias\/wp-content\/uploads\/sites\/32\/2016\/05\/Prefeito-visita-Obras-Esplanada-Monte-Castelo_c_24_G.jpg\" alt=\"Bigardi, secret\u00e1rios e vereadores percorreram o percurso em finaliza\u00e7\u00e3o do local\" width=\"720\" height=\"513\" \/><\/a><p id=\"caption-attachment-176096\" class=\"wp-caption-text\">Prefeito, secret\u00e1rios e vereadores percorreram o percurso em finaliza\u00e7\u00e3o do local<\/p><\/div>\n<p>\u201cEst\u00e1 ficando muito bom, estamos conseguindo<strong> recriar um espa\u00e7o muito importante para a cidade e com muitas hist\u00f3rias para contar<\/strong>\u201d, observou o prefeito ao notar o uso de imagens antigas impressas em cer\u00e2mica, como j\u00e1 tinha sido implementado na vizinha <a href=\"http:\/\/pontetorta.jundiai.sp.gov.br\/\" target=\"_blank\">Ponte Torta<\/a>.<\/p>\n<p>A visita percorreu desde a parte alta (onde est\u00e3o a <a href=\"http:\/\/www.jundiai.sp.leg.br\/\" target=\"_blank\">C\u00e2mara<\/a>, o <a href=\"http:\/\/cultura.jundiai.sp.gov.br\/espacos-culturais\/teatro-polytheama\/\" target=\"_blank\">Teatro Polytheama<\/a>, a <a href=\"http:\/\/cultura.jundiai.sp.gov.br\/espacos-culturais\/pinacoteca-diogenes-duarte-paes\/\" target=\"_blank\">Pinacoteca<\/a>, o Projeto Guri e a Escola Estadual Antenor Soares Gandra) at\u00e9 a parte baixa (onde est\u00e3o os acessos para o Complexo Argos). <strong>Com o projeto, esse caminho pode ser feito por degraus ou pelas rampas acess\u00edveis, de inclina\u00e7\u00e3o m\u00e1xima de sete graus. Ao longo do trajeto, bancos e mesas formam pontos de parada e conviv\u00eancia.<\/strong><\/p>\n<p>Todo o trabalho foi feito sem custos para a municipalidade, como uma contrapartida de Estudo de Impacto de Vizinhan\u00e7a (EIV) implementada pela empresa MPD a partir de projeto elaborado pela Secretaria de Planejamento e Meio Ambiente.<\/p>\n<div id=\"attachment_176097\" style=\"width: 730px\" class=\"wp-caption aligncenter\"><a href=\"https:\/\/jundiai.sp.gov.br\/noticias\/wp-content\/uploads\/sites\/32\/2016\/05\/Prefeito-visita-Obras-Esplanada-Monte-Castelo_c_43_G.jpg\" rel=\"attachment wp-att-176097\"><img loading=\"lazy\" decoding=\"async\" aria-describedby=\"caption-attachment-176097\" class=\"size-full wp-image-176097\" src=\"https:\/\/jundiai.sp.gov.br\/noticias\/wp-content\/uploads\/sites\/32\/2016\/05\/Prefeito-visita-Obras-Esplanada-Monte-Castelo_c_43_G.jpg\" alt=\"Daniela explicou detalhes para o prefeito e visitantes\" width=\"720\" height=\"513\" \/><\/a><p id=\"caption-attachment-176097\" class=\"wp-caption-text\">Daniela explicou detalhes para o prefeito e visitantes<\/p><\/div>\n<p><strong>Evento<\/strong><br \/>\nA inaugura\u00e7\u00e3o do \u201cnovo\u201d Escad\u00e3o acontece no s\u00e1bado (14) a partir das 17h. Al\u00e9m de <strong>bancas de alimenta\u00e7\u00e3o e de artesanato, vai contar com apresenta\u00e7\u00f5es musicais de chorinho e de blues<\/strong>.<\/p>\n<p><em><strong>Jos\u00e9 Arnaldo de Oliveira<br \/>\nFotos: Cleber de Almeida<\/strong><\/em><\/p>\n","protected":false},"excerpt":{"rendered":"<p>Inaugura\u00e7\u00e3o vai ser no s\u00e1bado (14), \u00e0s 17h, com bancas de alimenta\u00e7\u00e3o, artesanato e atra\u00e7\u00f5es musicais<\/p>\n","protected":false},"author":21,"featured_media":176108,"comment_status":"closed","ping_status":"closed","sticky":false,"template":"","format":"standard","meta":{"footnotes":""},"categories":[2],"tags":[41,29,888,695,32,58,341,338],"ods":[],"class_list":["post-176094","post","type-post","status-publish","format-standard","has-post-thumbnail","hentry","category-noticias","tag-agricultura-abastecimento-e-turismo","tag-cultura","tag-escadao","tag-estudo-de-impacto-de-vizinhanca-eiv","tag-planejamento-e-meio-ambiente","tag-prefeito","tag-servicos-publicos","tag-transportes"],"_links":{"self":[{"href":"https:\/\/jundiai.sp.gov.br\/noticias\/wp-json\/wp\/v2\/posts\/176094","targetHints":{"allow":["GET"]}}],"collection":[{"href":"https:\/\/jundiai.sp.gov.br\/noticias\/wp-json\/wp\/v2\/posts"}],"about":[{"href":"https:\/\/jundiai.sp.gov.br\/noticias\/wp-json\/wp\/v2\/types\/post"}],"author":[{"embeddable":true,"href":"https:\/\/jundiai.sp.gov.br\/noticias\/wp-json\/wp\/v2\/users\/21"}],"replies":[{"embeddable":true,"href":"https:\/\/jundiai.sp.gov.br\/noticias\/wp-json\/wp\/v2\/comments?post=176094"}],"version-history":[{"count":12,"href":"https:\/\/jundiai.sp.gov.br\/noticias\/wp-json\/wp\/v2\/posts\/176094\/revisions"}],"predecessor-version":[{"id":176193,"href":"https:\/\/jundiai.sp.gov.br\/noticias\/wp-json\/wp\/v2\/posts\/176094\/revisions\/176193"}],"wp:featuredmedia":[{"embeddable":true,"href":"https:\/\/jundiai.sp.gov.br\/noticias\/wp-json\/wp\/v2\/media\/176108"}],"wp:attachment":[{"href":"https:\/\/jundiai.sp.gov.br\/noticias\/wp-json\/wp\/v2\/media?parent=176094"}],"wp:term":[{"taxonomy":"category","embeddable":true,"href":"https:\/\/jundiai.sp.gov.br\/noticias\/wp-json\/wp\/v2\/categories?post=176094"},{"taxonomy":"post_tag","embeddable":true,"href":"https:\/\/jundiai.sp.gov.br\/noticias\/wp-json\/wp\/v2\/tags?post=176094"},{"taxonomy":"ods","embeddable":true,"href":"https:\/\/jundiai.sp.gov.br\/noticias\/wp-json\/wp\/v2\/ods?post=176094"}],"curies":[{"name":"wp","href":"https:\/\/api.w.org\/{rel}","templated":true}]}}