{"id":176101,"date":"2016-05-06T15:05:45","date_gmt":"2016-05-06T18:05:45","guid":{"rendered":"https:\/\/jundiai.sp.gov.br\/noticias\/?p=176101"},"modified":"2016-11-04T10:53:52","modified_gmt":"2016-11-04T12:53:52","slug":"coral-madrigal-brasil-leva-apresentacoes-gratuitas-para-bairros","status":"publish","type":"post","link":"https:\/\/jundiai.sp.gov.br\/noticias\/2016\/05\/06\/coral-madrigal-brasil-leva-apresentacoes-gratuitas-para-bairros\/","title":{"rendered":"Coral \u2018Madrigal Brasil\u2019 leva apresenta\u00e7\u00f5es gratuitas para bairros"},"content":{"rendered":"<p><strong>A <a href=\"http:\/\/cultura.jundiai.sp.gov.br\/\" target=\"_blank\">Secretaria de Cultura<\/a> leva quatro apresenta\u00e7\u00f5es gratuitas do coral \u201cMadrigal Brasil\u201d a quatro diferentes bairros &#8211; Vila Santana, Vila Arens, Terra Nova e Jardim Carolina &#8211; na proposta singular de promover os ritmos musicais brasileiros. O projeto idealizado pela maestrina Eliss\u00e9ia Duarte \u00e9 viabilizado pelo Programa de Est\u00edmulo \u00e0 Cultura.<\/strong><\/p>\n<p><strong>LEIA TAMB\u00c9M<\/strong><br \/>\n<a href=\"https:\/\/jundiai.sp.gov.br\/noticias\/2016\/05\/05\/revista-digital-e-instrumento-de-reflexao-e-pesquisa-sobre-patrimonio\/\">Revista digital \u00e9 instrumento de reflex\u00e3o e pesquisa sobre patrim\u00f4nio<\/a><br \/>\n<a href=\"https:\/\/jundiai.sp.gov.br\/noticias\/2016\/05\/05\/truck-nos-trilhos-e-neste-sabado-7-e-domingo-8\/\">\u2018Truck nos Trilhos\u2019 no Complexo Argos \u00e9 neste s\u00e1bado (7) e domingo (8)<\/a><br \/>\n<a href=\"https:\/\/jundiai.sp.gov.br\/noticias\/2016\/05\/04\/emocao-marca-o-filme-somos-todos-cuidadores\/\">Emo\u00e7\u00e3o marca lan\u00e7amento do filme #somostodoscuidadores na Biblioteca<\/a><\/p>\n<div id=\"attachment_176103\" style=\"width: 410px\" class=\"wp-caption alignleft\"><a href=\"https:\/\/jundiai.sp.gov.br\/noticias\/wp-content\/uploads\/sites\/32\/2016\/05\/madrigal-brasil_G.jpg\" rel=\"attachment wp-att-176103\"><img loading=\"lazy\" decoding=\"async\" aria-describedby=\"caption-attachment-176103\" class=\"size-large wp-image-176103\" src=\"https:\/\/jundiai.sp.gov.br\/noticias\/wp-content\/uploads\/sites\/32\/2016\/05\/madrigal-brasil_G-720x441.jpg\" alt=\"Coro tem foco nas can\u00e7\u00f5es e ritimos musicais brasileiros, como a Ciranda, o Bai\u00e3o e o Maracatu\" width=\"400\" height=\"350\" \/><\/a><p id=\"caption-attachment-176103\" class=\"wp-caption-text\">Coro tem foco nas can\u00e7\u00f5es e ritimos musicais brasileiros, como a Ciranda, o Bai\u00e3o e o Maracatu<\/p><\/div>\n<p>Na <strong>quarta-feira (11)<\/strong>, a <strong>E. E. Prof\u00aa. Maria de Lourdes de Fran\u00e7a Silveira, na Vila Santana<\/strong>, recebe, a partir das<strong> 20h<\/strong>, a primeira apresenta\u00e7\u00e3o agendada. A escola fica na <strong>rua Pedro Nano, n\u00ba 175, Vila Santana<\/strong>.<\/p>\n<p>Para o <strong>domingo (15)<\/strong>, a agenda reserva muita anima\u00e7\u00e3o no <strong>Sindicato dos Metal\u00fargicos, na Vila Arens<\/strong>, <strong>\u00e0s 17h<\/strong>, com a segunda apresenta\u00e7\u00e3o. O sindicato fica na rua\u00a0<strong>15\u00a0de Novembro, n\u00ba 240<\/strong>.<\/p>\n<p>Na <strong>ter\u00e7a-feira (31)<\/strong>, \u00e9 a vez da <strong>Escola T\u00e9cnica Estadual Vasco Ant\u00f4nio Venchiarutti (Etevav), no Terra Nova<\/strong>, receber o coro \u00e0s <strong>20h45<\/strong>. A Etevav fica na avenida <strong>Eng. Tasso Pinheiro, n\u00ba 700, Terra Nova<\/strong>.<\/p>\n<p>Em <strong>junho, o Jardim Carolina recebe, no dia 4, na Cidade dos Meninos e Meninas<\/strong>, a partir das <strong>10h<\/strong>, outra apresenta\u00e7\u00e3o oferecida pelo projeto. A organiza\u00e7\u00e3o fica na <strong>rua Juvenal Arantes, n\u00ba 310, Jardim Carolina<\/strong>.<\/p>\n<p>Os repert\u00f3rios das apresenta\u00e7\u00f5es contam com os t\u00edtulos: \u201cCad\u00ea o Boi?\u201d, de Tavinho Moura e Gonzaguinha; \u201cMoreninha, se eu te pedisse&#8230;\u201d, de Henrique Dawid Korenchendler; \u201cCongada\u201d, de Francisco Mignone; \u201cBoi Bumb\u00e1\u201d, de Waldemar Henrique; \u201cCiranda\u201d, de Gabriel Levy; \u201cDois Maracatus do Recife\u201d, de Ant\u00f4nio Vaz; \u201cCancioneiro de Lampi\u00e3o, opus 52 \u2013 Mui\u00e9 Rend\u00eara\u201d, de Marlos Nobre; \u201cDe onde vem o bai\u00e3o\u201d , de Gilberto Gil; e \u201cLata d\u2019\u00e1gua\u201d, de Lu\u00eds Ant\u00f4nio e Candeias Jota Jr..<\/p>\n<p><strong><em>Assessoria de Imprensa<br \/>\nFoto: Divulga\u00e7\u00e3o<\/em><\/strong><\/p>\n","protected":false},"excerpt":{"rendered":"<p>A Secretaria de Cultura leva quatro apresenta\u00e7\u00f5es gratuitas do coral \u201cMadrigal Brasil\u201d a quatro diferentes bairros &#8211; Vila Santana, Vila Arens, Terra Nova e Jardim Carolina &#8211; na proposta singular de promover os ritmos musicais brasileiros. O projeto idealizado pela maestrina Eliss\u00e9ia Duarte \u00e9 viabilizado pelo Programa de Est\u00edmulo \u00e0 Cultura. LEIA TAMB\u00c9M Revista digital [&hellip;]<\/p>\n","protected":false},"author":14,"featured_media":0,"comment_status":"closed","ping_status":"closed","sticky":false,"template":"","format":"standard","meta":{"footnotes":""},"categories":[2],"tags":[881,29,632],"ods":[],"class_list":["post-176101","post","type-post","status-publish","format-standard","hentry","category-noticias","tag-coral","tag-cultura","tag-programa-estimulo-a-cultura"],"_links":{"self":[{"href":"https:\/\/jundiai.sp.gov.br\/noticias\/wp-json\/wp\/v2\/posts\/176101","targetHints":{"allow":["GET"]}}],"collection":[{"href":"https:\/\/jundiai.sp.gov.br\/noticias\/wp-json\/wp\/v2\/posts"}],"about":[{"href":"https:\/\/jundiai.sp.gov.br\/noticias\/wp-json\/wp\/v2\/types\/post"}],"author":[{"embeddable":true,"href":"https:\/\/jundiai.sp.gov.br\/noticias\/wp-json\/wp\/v2\/users\/14"}],"replies":[{"embeddable":true,"href":"https:\/\/jundiai.sp.gov.br\/noticias\/wp-json\/wp\/v2\/comments?post=176101"}],"version-history":[{"count":6,"href":"https:\/\/jundiai.sp.gov.br\/noticias\/wp-json\/wp\/v2\/posts\/176101\/revisions"}],"predecessor-version":[{"id":176114,"href":"https:\/\/jundiai.sp.gov.br\/noticias\/wp-json\/wp\/v2\/posts\/176101\/revisions\/176114"}],"wp:attachment":[{"href":"https:\/\/jundiai.sp.gov.br\/noticias\/wp-json\/wp\/v2\/media?parent=176101"}],"wp:term":[{"taxonomy":"category","embeddable":true,"href":"https:\/\/jundiai.sp.gov.br\/noticias\/wp-json\/wp\/v2\/categories?post=176101"},{"taxonomy":"post_tag","embeddable":true,"href":"https:\/\/jundiai.sp.gov.br\/noticias\/wp-json\/wp\/v2\/tags?post=176101"},{"taxonomy":"ods","embeddable":true,"href":"https:\/\/jundiai.sp.gov.br\/noticias\/wp-json\/wp\/v2\/ods?post=176101"}],"curies":[{"name":"wp","href":"https:\/\/api.w.org\/{rel}","templated":true}]}}