{"id":176115,"date":"2016-05-06T15:36:20","date_gmt":"2016-05-06T18:36:20","guid":{"rendered":"https:\/\/jundiai.sp.gov.br\/noticias\/?p=176115"},"modified":"2020-11-05T09:03:33","modified_gmt":"2020-11-05T12:03:33","slug":"prefeitura-apresenta-novo-caminhao-contra-incendios-florestais","status":"publish","type":"post","link":"https:\/\/jundiai.sp.gov.br\/noticias\/2016\/05\/06\/prefeitura-apresenta-novo-caminhao-contra-incendios-florestais\/","title":{"rendered":"Prefeitura apresenta caminh\u00e3o contra inc\u00eandios florestais"},"content":{"rendered":"<p><strong>O Largo da Matriz, no Centro, recebeu, nesta sexta-feira (6), a apresenta\u00e7\u00e3o do novo caminh\u00e3o contra inc\u00eandios florestais obtido pela Prefeitura com base em <a href=\"https:\/\/jundiai.sp.gov.br\/noticias\/2016\/04\/06\/jundiai-fica-entre-os-top-15-do-municipio-verde-e-azul\/\">resultados da avalia\u00e7\u00e3o estadual do Programa Munic\u00edpio Verde e Azul<\/a>.<\/strong><\/p>\n<p>Com capacidade de<strong> 15 mil litros de \u00e1gua<\/strong>, o caminh\u00e3o conta com <strong>lan\u00e7a-jato na parte superior e equipamentos de aspers\u00e3o lateral e traseira (\u201cpav\u00e3o\u201d e \u201cchuveiro\u201d)<\/strong>, al\u00e9m de outro do tipo <strong>\u201csapo\u201d, que pode reabastec\u00ea-lo em 20 minutos com o acesso para a \u00e1gua de um c\u00f3rrego ou lago<\/strong>. A fabrica\u00e7\u00e3o norte-americana \u00e9 da empresa International e seu peso total carregado \u00e9 de<strong> 24 toneladas<\/strong>.<\/p>\n<p><strong>LEIA TAMB\u00c9M<\/strong><br \/>\n<a href=\"https:\/\/jundiai.sp.gov.br\/noticias\/2016\/05\/06\/obras-do-escadao-recebem-visita-de-prefeito-e-autoridades\/\">Obras do Escad\u00e3o recebem visita de prefeito e autoridades<\/a><br \/>\n<a href=\"https:\/\/jundiai.sp.gov.br\/noticias\/2016\/05\/04\/prefeitura-inicia-manutencao-da-iluminacao-publica-com-melhorias\/\">Prefeitura inicia manuten\u00e7\u00e3o da ilumina\u00e7\u00e3o com melhorias<\/a><br \/>\n<a href=\"https:\/\/jundiai.sp.gov.br\/noticias\/2016\/05\/05\/bigardi-vistoria-recapeamento-de-trecho-da-frederico-ozanan\/\">Prefeito vistoria recapeamento de trecho da Frederico Ozanan<\/a><br \/>\n<a href=\"https:\/\/jundiai.sp.gov.br\/noticias\/2016\/05\/05\/gerente-do-sesc-jundiai-convida-prefeito-para-o-dia-do-desafio\/\">Gerente do Sesc Jundia\u00ed convida prefeito para o Dia do Desafio<\/a><\/p>\n<div id=\"attachment_176116\" style=\"width: 730px\" class=\"wp-caption aligncenter\"><a href=\"https:\/\/jundiai.sp.gov.br\/noticias\/wp-content\/uploads\/sites\/32\/2016\/05\/Caminhao-Municipio-Verde_c_61_G.jpg\" rel=\"attachment wp-att-176116\"><img loading=\"lazy\" decoding=\"async\" aria-describedby=\"caption-attachment-176116\" class=\"size-large wp-image-176116\" src=\"https:\/\/jundiai.sp.gov.br\/noticias\/wp-content\/uploads\/sites\/32\/2016\/05\/Caminhao-Municipio-Verde_c_61_G-720x448.jpg\" alt=\"O prefeito Pedro Bigardi e autoridades durante a entrega no Largo da Matriz\" width=\"720\" height=\"448\" srcset=\"https:\/\/jundiai.sp.gov.br\/noticias\/wp-content\/uploads\/sites\/32\/2016\/05\/Caminhao-Municipio-Verde_c_61_G-720x448.jpg 720w, https:\/\/jundiai.sp.gov.br\/noticias\/wp-content\/uploads\/sites\/32\/2016\/05\/Caminhao-Municipio-Verde_c_61_G-300x187.jpg 300w, https:\/\/jundiai.sp.gov.br\/noticias\/wp-content\/uploads\/sites\/32\/2016\/05\/Caminhao-Municipio-Verde_c_61_G-768x478.jpg 768w, https:\/\/jundiai.sp.gov.br\/noticias\/wp-content\/uploads\/sites\/32\/2016\/05\/Caminhao-Municipio-Verde_c_61_G.jpg 1240w\" sizes=\"auto, (max-width: 720px) 100vw, 720px\" \/><\/a><p id=\"caption-attachment-176116\" class=\"wp-caption-text\">O prefeito e autoridades durante a entrega no Largo da Matriz<\/p><\/div>\n<p>\u201cN\u00f3s <strong>escolhemos essa configura\u00e7\u00e3o junto ao governo do Estado como pr\u00eamio por bons resultados de 2013<\/strong>. Agora saiu, como resultado dessa <strong>comunh\u00e3o de esfor\u00e7os de muitos jundiaienses<\/strong>. \u00c9 esse trabalho de todos que nos faz <strong>uma das melhores cidades do pa\u00eds. Esta \u00e1rea de preven\u00e7\u00e3o exige aten\u00e7\u00e3o, tanto nas chuvas quanto na seca<\/strong>\u201d, afirmou o prefeito.<\/p>\n<p>Al\u00e9m do caminh\u00e3o, que passou por testes como o combate a inc\u00eandios nesta semana na rodovia Engenheiro Const\u00e2ncio Cintra e na avenida Antonio Frederico Ozanan, o conjunto inclui ainda <strong>kits menores contra inc\u00eandios, com 400 litros em um dos jipes Marru\u00e1 da Guarda Municipal e com 700 litros em uma caminhonete da Defesa Civil<\/strong>.<\/p>\n<div id=\"attachment_176118\" style=\"width: 410px\" class=\"wp-caption alignright\"><a href=\"https:\/\/jundiai.sp.gov.br\/noticias\/wp-content\/uploads\/sites\/32\/2016\/05\/Caminhao-Municipio-Verde_c_3_G.jpg\" rel=\"attachment wp-att-176118\"><img loading=\"lazy\" decoding=\"async\" aria-describedby=\"caption-attachment-176118\" class=\"size-large wp-image-176118\" src=\"https:\/\/jundiai.sp.gov.br\/noticias\/wp-content\/uploads\/sites\/32\/2016\/05\/Caminhao-Municipio-Verde_c_3_G-720x515.jpg\" alt=\"O novo conjunto de equipamentos contra inc\u00eandios florestais, em tr\u00eas fases\" width=\"400\" height=\"350\" \/><\/a><p id=\"caption-attachment-176118\" class=\"wp-caption-text\">O novo conjunto de equipamentos contra inc\u00eandios florestais, em tr\u00eas fases<\/p><\/div>\n<p>De acordo com a secret\u00e1ria de Planejamento e Meio Ambiente, Daniela da C\u00e2mara Sutti, os <strong>resultados atingidos na \u00e1rea ambiental mostram uma gest\u00e3o s\u00e9ria<\/strong>.<\/p>\n<p>\u201c<strong>Nos \u00faltimos anos ficamos sempre entre os 15 melhores entre os 650 munic\u00edpios paulistas pelo trabalho de todas as pastas<\/strong>, implementando planos como de <strong>saneamento, de res\u00edduos s\u00f3lidos, de desenvolvimento rura<\/strong>l e outros, al\u00e9m do <a href=\"http:\/\/planodiretor.jundiai.sp.gov.br\/\" target=\"_blank\" rel=\"noopener noreferrer\">Plano Diretor Participativo<\/a>, entendendo que o <strong>ambiente \u00e9 mais que a <a href=\"http:\/\/serradojapi.jundiai.sp.gov.br\/\" target=\"_blank\" rel=\"noopener noreferrer\">Serra do Japi<\/a> e abrangendo tamb\u00e9m os ambientes urbano ou rural<\/strong>\u201d, afirmou.<\/p>\n<p>Entre moradores, violeiros, estudantes e outros frequentadores do Centro Hist\u00f3rico, a apresenta\u00e7\u00e3o contou com a <strong>equipe da unidade de servi\u00e7os US 5, do setor oeste, treinada para operar o novo equipamento<\/strong>.<\/p>\n<p>Estiveram presentes o secret\u00e1rio de Servi\u00e7os P\u00fablicos, Aguinaldo Leite; o comandante da Guarda Municipal, Jos\u00e9 Roberto Ferraz, e o subcomandante Vicente Soares; a coordenadora da Defesa Civil, Juliana Mazzei;\u00a0o capit\u00e3o do Corpo de Bombeiros Vilas Boas, representando o comandante e tenente Erivelton; e o advogado da <a href=\"http:\/\/www.oabjundiai.org.br\/site\/\" target=\"_blank\" rel=\"noopener noreferrer\">33\u00aa Subsec\u00e7\u00e3o da Ordem dos Advogados do Brasil (OAB)<\/a>, Leandro Ienne.<\/p>\n<p>Tamb\u00e9m compareceram os secret\u00e1rios: de\u00a0<a href=\"http:\/\/cultura.jundiai.sp.gov.br\/\" target=\"_blank\" rel=\"noopener noreferrer\">Cultura<\/a>,\u00a0Jean Camoleze; de\u00a0Agricultura, Abastecimento e Turismo,\u00a0Val\u00e9ria Silveira de Oliveira; de Sa\u00fade,\u00a0Lu\u00eds Carlos Casarin; de\u00a0Esportes e Lazer,\u00a0Jo\u00e3o Maffia; e de Gest\u00e3o de Pessoas,\u00a0Mary Fornari Marinho; al\u00e9m do\u00a0Gabinete de Gest\u00e3o Integrada Municipal (GGIM),\u00a0Jos\u00e9 Carlos Pires; e o diretor-presidente da\u00a0Escola de Governo e Gest\u00e3o,\u00a0Marcelo Lo M\u00f4naco.<\/p>\n<p>Estiveram presentes na solenidade os vereadores Gerson Sartori, Eliezer Barbosa da Silva, Rafael Purgato e o suplente em exerc\u00edcio Nelson Crepaldi. De acordo com Sartori, \u201cuma cidade que busca cuidar do ambiente, e com isso da sa\u00fade, da seguran\u00e7a e do conv\u00edvio das pessoas, estimula o trabalho parlamentar\u201d.<\/p>\n<p>Os t\u00e9cnicos dos diversos setores envolvidos afirmaram que o <strong>sistema preventivo da cidade melhora com a articula\u00e7\u00e3o de diversos equipamentos<\/strong>. O investimento estadual no caminh\u00e3o, do Fundo de Combate \u00e0 Polui\u00e7\u00e3o (Fecop), foi de <strong>R$ 236,4 mil e foi complementado por investimentos municipais nos demais equipamentos<\/strong>.<\/p>\n<p><strong><em>Jos\u00e9 Arnaldo de Oliveira<br \/>\nFotos: Cleber de Almeida<\/em><\/strong><\/p>\n","protected":false},"excerpt":{"rendered":"<p>Ve\u00edculo de R$ 236,4 mil e capacidade de 15 mil litros \u00e9 resultado de avalia\u00e7\u00e3o no Programa Munic\u00edpio Verde e Azul<\/p>\n","protected":false},"author":14,"featured_media":176129,"comment_status":"closed","ping_status":"closed","sticky":false,"template":"","format":"standard","meta":{"footnotes":""},"categories":[2],"tags":[34,31,32,58,341],"ods":[],"class_list":["post-176115","post","type-post","status-publish","format-standard","has-post-thumbnail","hentry","category-noticias","tag-defesa-civil","tag-guarda-municipal","tag-planejamento-e-meio-ambiente","tag-prefeito","tag-servicos-publicos"],"_links":{"self":[{"href":"https:\/\/jundiai.sp.gov.br\/noticias\/wp-json\/wp\/v2\/posts\/176115","targetHints":{"allow":["GET"]}}],"collection":[{"href":"https:\/\/jundiai.sp.gov.br\/noticias\/wp-json\/wp\/v2\/posts"}],"about":[{"href":"https:\/\/jundiai.sp.gov.br\/noticias\/wp-json\/wp\/v2\/types\/post"}],"author":[{"embeddable":true,"href":"https:\/\/jundiai.sp.gov.br\/noticias\/wp-json\/wp\/v2\/users\/14"}],"replies":[{"embeddable":true,"href":"https:\/\/jundiai.sp.gov.br\/noticias\/wp-json\/wp\/v2\/comments?post=176115"}],"version-history":[{"count":14,"href":"https:\/\/jundiai.sp.gov.br\/noticias\/wp-json\/wp\/v2\/posts\/176115\/revisions"}],"predecessor-version":[{"id":257491,"href":"https:\/\/jundiai.sp.gov.br\/noticias\/wp-json\/wp\/v2\/posts\/176115\/revisions\/257491"}],"wp:featuredmedia":[{"embeddable":true,"href":"https:\/\/jundiai.sp.gov.br\/noticias\/wp-json\/wp\/v2\/media\/176129"}],"wp:attachment":[{"href":"https:\/\/jundiai.sp.gov.br\/noticias\/wp-json\/wp\/v2\/media?parent=176115"}],"wp:term":[{"taxonomy":"category","embeddable":true,"href":"https:\/\/jundiai.sp.gov.br\/noticias\/wp-json\/wp\/v2\/categories?post=176115"},{"taxonomy":"post_tag","embeddable":true,"href":"https:\/\/jundiai.sp.gov.br\/noticias\/wp-json\/wp\/v2\/tags?post=176115"},{"taxonomy":"ods","embeddable":true,"href":"https:\/\/jundiai.sp.gov.br\/noticias\/wp-json\/wp\/v2\/ods?post=176115"}],"curies":[{"name":"wp","href":"https:\/\/api.w.org\/{rel}","templated":true}]}}