{"id":176188,"date":"2016-05-06T17:46:59","date_gmt":"2016-05-06T20:46:59","guid":{"rendered":"https:\/\/jundiai.sp.gov.br\/noticias\/?p=176188"},"modified":"2016-11-04T10:53:53","modified_gmt":"2016-11-04T12:53:53","slug":"fumas-avanca-na-demolicao-de-moradias-e-conclui-mudancas-no-sao-camilo","status":"publish","type":"post","link":"https:\/\/jundiai.sp.gov.br\/noticias\/2016\/05\/06\/fumas-avanca-na-demolicao-de-moradias-e-conclui-mudancas-no-sao-camilo\/","title":{"rendered":"Fumas avan\u00e7a em demoli\u00e7\u00e3o e conclui mudan\u00e7as no S\u00e3o Camilo"},"content":{"rendered":"<p><strong>A <a href=\"http:\/\/fumas.jundiai.sp.gov.br\/\" target=\"_blank\">Funda\u00e7\u00e3o Municipal de A\u00e7\u00e3o Social (Fumas)<\/a> avan\u00e7ou na demoli\u00e7\u00e3o das antigas resid\u00eancias de moradores do S\u00e3o Camilo. Al\u00e9m disso, foram conclu\u00eddas as mudan\u00e7as para as <a href=\"https:\/\/jundiai.sp.gov.br\/noticias\/2016\/03\/07\/prefeito-entrega-400-apartamentos-no-sao-camilo\/\">400 unidades habitacionais dos residenciais Roma e G\u00eanova, entregues recentemente pelo prefeito<\/a>.<\/strong><\/p>\n<p>Junto \u00e0s demoli\u00e7\u00f5es, tamb\u00e9m ocorre a <strong>remo\u00e7\u00e3o do entulho no bairro<\/strong>. A expectativa \u00e9 concluir o trabalho em at\u00e9 um m\u00eas, quando vai ser iniciada a <strong>abertura de uma rua<\/strong>, que vai ligar a parte baixa \u00e0 parte alta do bairro, <strong>interligando a rua \u00c2ngelo Rivelli com a Pedro Ravaiane<\/strong>. Al\u00e9m disso, est\u00e1 sendo realizada a <strong>abertura de um trecho da rua Jos\u00e9 Maria Witaker<\/strong>.<\/p>\n<p><strong>LEIA TAMB\u00c9M<\/strong><br \/>\n<a href=\"https:\/\/jundiai.sp.gov.br\/noticias\/2016\/05\/05\/fumas-e-sesi-fazem-curso-alimente-se-bem-missao-possivel\/\">Fumas e Sesi fazem curso Alimente-se Bem Miss\u00e3o Poss\u00edvel<\/a><br \/>\n<a href=\"https:\/\/jundiai.sp.gov.br\/noticias\/2016\/05\/04\/prefeito-anuncia-regularizacao-fundiaria-no-sao-camilo\/\">Prefeito anuncia regulariza\u00e7\u00e3o fundi\u00e1ria para fam\u00edlias do S\u00e3o Camilo<\/a><\/p>\n<div id=\"attachment_176189\" style=\"width: 730px\" class=\"wp-caption aligncenter\"><a href=\"https:\/\/jundiai.sp.gov.br\/noticias\/wp-content\/uploads\/sites\/32\/2016\/05\/Demolicao-de-casas-no-Sao-Camilo_c_11_G.jpg\" rel=\"attachment wp-att-176189\"><img loading=\"lazy\" decoding=\"async\" aria-describedby=\"caption-attachment-176189\" class=\"size-large wp-image-176189\" src=\"https:\/\/jundiai.sp.gov.br\/noticias\/wp-content\/uploads\/sites\/32\/2016\/05\/Demolicao-de-casas-no-Sao-Camilo_c_11_G-720x480.jpg\" alt=\"Demoli\u00e7\u00f5es est\u00e3o a todo vapor. \u00c1rea vai dar espa\u00e7o a nova rua\" width=\"720\" height=\"480\" srcset=\"https:\/\/jundiai.sp.gov.br\/noticias\/wp-content\/uploads\/sites\/32\/2016\/05\/Demolicao-de-casas-no-Sao-Camilo_c_11_G-720x480.jpg 720w, https:\/\/jundiai.sp.gov.br\/noticias\/wp-content\/uploads\/sites\/32\/2016\/05\/Demolicao-de-casas-no-Sao-Camilo_c_11_G-300x200.jpg 300w, https:\/\/jundiai.sp.gov.br\/noticias\/wp-content\/uploads\/sites\/32\/2016\/05\/Demolicao-de-casas-no-Sao-Camilo_c_11_G-768x512.jpg 768w, https:\/\/jundiai.sp.gov.br\/noticias\/wp-content\/uploads\/sites\/32\/2016\/05\/Demolicao-de-casas-no-Sao-Camilo_c_11_G.jpg 1240w\" sizes=\"auto, (max-width: 720px) 100vw, 720px\" \/><\/a><p id=\"caption-attachment-176189\" class=\"wp-caption-text\">Demoli\u00e7\u00f5es est\u00e3o a todo vapor. \u00c1rea vai dar espa\u00e7o a nova rua<\/p><\/div>\n<p>Segundo o engenheiro da Funda\u00e7\u00e3o, Jose Cicero Ara\u00fajo Novaes, <strong>faltam cerca de 120 casas, de um total de 274 im\u00f3veis<\/strong>. Ele agradece o apoio da <a href=\"http:\/\/www.daejundiai.com.br\/\" target=\"_blank\">Dae<\/a>, que tem realizado o <strong>desligamento da \u00e1gua<\/strong> e a Secretaria de Servi\u00e7os P\u00fablicos, que est\u00e1<strong> desligando a energia el\u00e9trica, para que as m\u00e1quinas trabalhem em seguran\u00e7a<\/strong>. \u201cO processo de demoli\u00e7\u00e3o \u00e9 mais simples que o de remo\u00e7\u00e3o, pois trata-se de um <strong>terreno complicado. No entanto, estamos trabalhando para agilizar o processo<\/strong>.\u201d<\/p>\n<p><strong>Apartamentos<\/strong><br \/>\nA Fumas realizou a mudan\u00e7a de cerca de <strong>300 fam\u00edlias<\/strong>. As <strong>outras 100 estavam em aux\u00edlio-aluguel<\/strong> e fizeram o trabalho por conta pr\u00f3pria. <strong>Assim que as fam\u00edlias sa\u00edram, a demoli\u00e7\u00e3o come\u00e7ou para evitar invas\u00f5es<\/strong>.<\/p>\n<p>Os apartamentos para os quais as fam\u00edlias foram t\u00eam <strong>45 metros quadrados, com dois quartos, sala, banheiro, cozinha e \u00e1rea de servi\u00e7o, com piso cer\u00e2mico em todos os ambientes<\/strong>. Os condom\u00ednios contam com <strong>sal\u00e3o de festas, parque para as crian\u00e7as, ciclovia, al\u00e9m de garagens<\/strong>.Os apartamentos ficam na Avenida Giustiniano Borin, no pr\u00f3prio bairro.<\/p>\n<p>As moradias t\u00eam aporte de <strong>R$ 8 milh\u00f5es do <a href=\"http:\/\/www.habitacao.sp.gov.br\/casapaulista\/programas_habitacionais_casa_paulista.aspx\" target=\"_blank\">Casa Paulista<\/a> (R$ 20 mil por unidade) e R$ 29,8 milh\u00f5es do <a href=\"http:\/\/www.caixa.gov.br\/voce\/habitacao\/minha-casa-minha-vida\/Paginas\/default.aspx\" target=\"_blank\">Minha Casa Minha Vida<\/a>.<\/strong> Todas as unidades foram destinadas a <strong>fam\u00edlias com renda mensal de at\u00e9 R$ 1.600<\/strong>.<\/p>\n<p><strong>Regulariza\u00e7\u00e3o <\/strong><br \/>\nAl\u00e9m da reurbaniza\u00e7\u00e3o, o S\u00e3o Camilo caminha tamb\u00e9m para a <strong>regulariza\u00e7\u00e3o fundi\u00e1ria<\/strong>. <a href=\"https:\/\/jundiai.sp.gov.br\/noticias\/2016\/05\/04\/prefeito-anuncia-regularizacao-fundiaria-no-sao-camilo\/\">Nessa ter\u00e7a-feira (3), 28 fam\u00edlias moradoras do Jardim S\u00e3o Camilo receberam das m\u00e3os do prefeito uma c\u00f3pia da matr\u00edcula dos lotes em que residem<\/a> e um <strong>folder com explica\u00e7\u00e3o sobre a demarca\u00e7\u00e3o urban\u00edstica<\/strong> da quadra um, setor 2, no qual moram.<\/p>\n<p>J\u00e1 foi <strong>conclu\u00eddo o registro no cart\u00f3rio<\/strong> e o pr\u00f3ximo passo \u00e9 a <strong>aprova\u00e7\u00e3o do projeto de regulariza\u00e7\u00e3o fundi\u00e1ria<\/strong> pela Secretaria de Obras. Depois de todo o processo, os moradores v\u00e3o receber o <strong>t\u00edtulo de regulariza\u00e7\u00e3o de posse e a expectativa \u00e9 de que isso ocorra at\u00e9 o final desse ano. A convers\u00e3o em propriedade ocorre ap\u00f3s cinco anos<\/strong>.<\/p>\n<p><strong><em>Luana Dias<br \/>\nFoto: Cl\u00e9ber de Almeida<\/em><\/strong><\/p>\n","protected":false},"excerpt":{"rendered":"<p>No local vai ser aberta uma rua ligando parte baixa \u00e0 parte alta do bairro, onde foram recentemente entregues 400 novas unidades habitacionais<\/p>\n","protected":false},"author":14,"featured_media":176196,"comment_status":"closed","ping_status":"closed","sticky":false,"template":"","format":"standard","meta":{"footnotes":""},"categories":[2],"tags":[66,49,490,341],"ods":[],"class_list":["post-176188","post","type-post","status-publish","format-standard","has-post-thumbnail","hentry","category-noticias","tag-dae","tag-fundacao-municipal-de-acao-social-fumas","tag-habitacao","tag-servicos-publicos"],"_links":{"self":[{"href":"https:\/\/jundiai.sp.gov.br\/noticias\/wp-json\/wp\/v2\/posts\/176188","targetHints":{"allow":["GET"]}}],"collection":[{"href":"https:\/\/jundiai.sp.gov.br\/noticias\/wp-json\/wp\/v2\/posts"}],"about":[{"href":"https:\/\/jundiai.sp.gov.br\/noticias\/wp-json\/wp\/v2\/types\/post"}],"author":[{"embeddable":true,"href":"https:\/\/jundiai.sp.gov.br\/noticias\/wp-json\/wp\/v2\/users\/14"}],"replies":[{"embeddable":true,"href":"https:\/\/jundiai.sp.gov.br\/noticias\/wp-json\/wp\/v2\/comments?post=176188"}],"version-history":[{"count":10,"href":"https:\/\/jundiai.sp.gov.br\/noticias\/wp-json\/wp\/v2\/posts\/176188\/revisions"}],"predecessor-version":[{"id":177643,"href":"https:\/\/jundiai.sp.gov.br\/noticias\/wp-json\/wp\/v2\/posts\/176188\/revisions\/177643"}],"wp:featuredmedia":[{"embeddable":true,"href":"https:\/\/jundiai.sp.gov.br\/noticias\/wp-json\/wp\/v2\/media\/176196"}],"wp:attachment":[{"href":"https:\/\/jundiai.sp.gov.br\/noticias\/wp-json\/wp\/v2\/media?parent=176188"}],"wp:term":[{"taxonomy":"category","embeddable":true,"href":"https:\/\/jundiai.sp.gov.br\/noticias\/wp-json\/wp\/v2\/categories?post=176188"},{"taxonomy":"post_tag","embeddable":true,"href":"https:\/\/jundiai.sp.gov.br\/noticias\/wp-json\/wp\/v2\/tags?post=176188"},{"taxonomy":"ods","embeddable":true,"href":"https:\/\/jundiai.sp.gov.br\/noticias\/wp-json\/wp\/v2\/ods?post=176188"}],"curies":[{"name":"wp","href":"https:\/\/api.w.org\/{rel}","templated":true}]}}