{"id":176390,"date":"2016-05-09T18:20:03","date_gmt":"2016-05-09T21:20:03","guid":{"rendered":"https:\/\/jundiai.sp.gov.br\/noticias\/?p=176390"},"modified":"2020-11-06T11:15:24","modified_gmt":"2020-11-06T14:15:24","slug":"atracoes-locais-recheiam-agenda-da-virada-jundiai-2016","status":"publish","type":"post","link":"https:\/\/jundiai.sp.gov.br\/noticias\/2016\/05\/09\/atracoes-locais-recheiam-agenda-da-virada-jundiai-2016\/","title":{"rendered":"Atra\u00e7\u00f5es locais recheiam agenda da Virada Jundia\u00ed 2016"},"content":{"rendered":"<p><strong>Com intuito de incentivar a atividade art\u00edstica local, a Virada Jundia\u00ed 2016 tem na programa\u00e7\u00e3o diversas atra\u00e7\u00f5es de renome na cidade. M\u00fasica, teatro, dan\u00e7a e circo s\u00e3o algumas das vertentes que ganham espa\u00e7o nos tr\u00eas dias de festa: na sexta-feira (20), s\u00e1bado (21) e domingo (22). <\/strong><\/p>\n<p>Na m\u00fasica, a <strong>Banda UTI<\/strong>, que em 27 anos conquistou o jundiaiense com consagrados covers do rock cl\u00e1ssico, mostra seu talento. \u201cMod\u00e9stia \u00e0\u00a0parte, nossa banda tem um dos maiores p\u00fablicos dentro da cidade e isto \u00e9 fenomenal. Para se ter uma ideia, distribu\u00edmos cerca de 1.5 mil camisetas oficiais aos nossos f\u00e3s\u201d, contou o guitarrista e fundador da UTI, Marcelo Bertola.<\/p>\n<p>Para a edi\u00e7\u00e3o 2016 da Virada, a UTI prepara um repert\u00f3rio com nomes como Journey, Queen, Iron Maiden, Guns N&#8217; Roses e Bon Jovi. A apresenta\u00e7\u00e3o da banda est\u00e1 marcada para o <strong>domingo (22), no Parque Comendador Ant\u00f4nio Carbonari (Parque da Uva), \u00e0s 18h, no palco externo<\/strong>. O show marca o aquecimento para o show da <strong>banda Ira!, \u00e0s 20h30<\/strong>.<\/p>\n<p><strong>LEIA TAMB\u00c9M<br \/>\n<\/strong><a href=\"https:\/\/jundiai.sp.gov.br\/noticias\/2016\/05\/09\/a-reforma-sem-custos-ao-orcamento-municipal-foi-bancada-por-contrapartida\/\">M\u00fasica e feiras marcam reabertura do \u2018Escad\u00e3o\u2019<\/a><br \/>\n<a href=\"https:\/\/jundiai.sp.gov.br\/noticias\/2016\/05\/06\/novidades-estampam-marca-da-virada-jundiai-2016\/\">Novidades estampam marca da Virada Jundia\u00ed 2016<\/a><\/p>\n<div id=\"attachment_176395\" style=\"width: 730px\" class=\"wp-caption aligncenter\"><a href=\"https:\/\/jundiai.sp.gov.br\/noticias\/wp-content\/uploads\/sites\/32\/2016\/05\/ra\u00edzes_g.jpg\" rel=\"attachment wp-att-176395\"><img loading=\"lazy\" decoding=\"async\" aria-describedby=\"caption-attachment-176395\" class=\"size-large wp-image-176395\" src=\"https:\/\/jundiai.sp.gov.br\/noticias\/wp-content\/uploads\/sites\/32\/2016\/05\/ra\u00edzes_g-720x480.jpg\" alt=\"Ra\u00edzes Rasta comemora 15 anos de trabalho com document\u00e1rio\" width=\"720\" height=\"480\" srcset=\"https:\/\/jundiai.sp.gov.br\/noticias\/wp-content\/uploads\/sites\/32\/2016\/05\/ra\u00edzes_g-720x480.jpg 720w, https:\/\/jundiai.sp.gov.br\/noticias\/wp-content\/uploads\/sites\/32\/2016\/05\/ra\u00edzes_g-300x200.jpg 300w, https:\/\/jundiai.sp.gov.br\/noticias\/wp-content\/uploads\/sites\/32\/2016\/05\/ra\u00edzes_g-768x512.jpg 768w, https:\/\/jundiai.sp.gov.br\/noticias\/wp-content\/uploads\/sites\/32\/2016\/05\/ra\u00edzes_g.jpg 1240w\" sizes=\"auto, (max-width: 720px) 100vw, 720px\" \/><\/a><p id=\"caption-attachment-176395\" class=\"wp-caption-text\">Ra\u00edzes Rasta comemora 15 anos de trabalho com document\u00e1rio<\/p><\/div>\n<p>Quem gosta de dan\u00e7ar vai poder se divertir ao som da banda <strong>Mika-Soul<\/strong>, de samba rock. A apresenta\u00e7\u00e3o \u00e9\u00a0<strong>\u00e0s 15h do domingo (22), no palco interno do Parque da Uva<\/strong>, com repert\u00f3rio que passa por cantores como Jorge Ben Jor, Bebeto e Branca Di Neve. Segundo o vocalista Mael, o grupo est\u00e1 ansioso para o evento. \u201c\u00c9 a nossa primeira vez na Virada. Vai ser muito legal estar l\u00e1, junto a outros nomes que servem de refer\u00eancia para n\u00f3s, como o grupo Sand\u00e1lia de Prata\u201d, disse o cantor.<\/p>\n<p>Com muito reggae, a banda <strong>Ra\u00edzes Rasta\u00a0<\/strong>vai\u00a0promover sua segunda participa\u00e7\u00e3o na Virada Jundia\u00ed, no <strong>s\u00e1bado (21), \u00e0s 20h, no palco externo do Parque da Uva<\/strong>, e vai comemorar os 15 anos de banda com o document\u00e1rio \u201c15 anos de Ra\u00edzes Rasta\u201d, projeto contemplado no Programa de Est\u00edmulo \u00e0 Cultura, da <a href=\"http:\/\/cultura.jundiai.sp.gov.br\/\" target=\"_blank\" rel=\"noopener noreferrer\">Secretaria de Cultura<\/a>.<\/p>\n<p>\u201cVamos comemorar os 15 anos de banda e ainda tocar nossas m\u00fasicas autorais e &#8220;covers&#8221; de Bob Marley e Soja. Realmente \u00e9 um marco em nossa hist\u00f3ria\u201d, contou o empres\u00e1rio do grupo, Rafael Ferreira.<\/p>\n<div id=\"attachment_176397\" style=\"width: 730px\" class=\"wp-caption aligncenter\"><a href=\"https:\/\/jundiai.sp.gov.br\/noticias\/wp-content\/uploads\/sites\/32\/2016\/05\/968807_10200490302203975_1851647058_n.jpg\" rel=\"attachment wp-att-176397\"><img loading=\"lazy\" decoding=\"async\" aria-describedby=\"caption-attachment-176397\" class=\"size-large wp-image-176397\" src=\"https:\/\/jundiai.sp.gov.br\/noticias\/wp-content\/uploads\/sites\/32\/2016\/05\/968807_10200490302203975_1851647058_n-720x480.jpg\" alt=\"Perform\u00e1tico EOS traz espet\u00e1culo infantil de bonecos\" width=\"720\" height=\"480\" srcset=\"https:\/\/jundiai.sp.gov.br\/noticias\/wp-content\/uploads\/sites\/32\/2016\/05\/968807_10200490302203975_1851647058_n-720x480.jpg 720w, https:\/\/jundiai.sp.gov.br\/noticias\/wp-content\/uploads\/sites\/32\/2016\/05\/968807_10200490302203975_1851647058_n-300x200.jpg 300w, https:\/\/jundiai.sp.gov.br\/noticias\/wp-content\/uploads\/sites\/32\/2016\/05\/968807_10200490302203975_1851647058_n-768x512.jpg 768w, https:\/\/jundiai.sp.gov.br\/noticias\/wp-content\/uploads\/sites\/32\/2016\/05\/968807_10200490302203975_1851647058_n.jpg 800w\" sizes=\"auto, (max-width: 720px) 100vw, 720px\" \/><\/a><p id=\"caption-attachment-176397\" class=\"wp-caption-text\">Perform\u00e1tico EOS traz espet\u00e1culo infantil de bonecos<\/p><\/div>\n<p><strong>Teatro<\/strong><br \/>\nO <strong>Perform\u00e1tico \u00c9os<\/strong>\u00a0\u00e9\u00a0atra\u00e7\u00e3o no <strong>s\u00e1bado (21) em frente \u00e0 marquise da Casa da Cultura, \u00e0s 12h30<\/strong>, com o espet\u00e1culo infantil de bonecos \u201c4 vezes Grimm: Hist\u00f3rias animadas\u201d, que conta uma hist\u00f3ria envolvendo as personagens Bela Juvenil, Pr\u00edncipe Sapo, Rapunzel e Chapeuzinho Vermelho. O <strong>texto \u00e9 in\u00e9dito em Jundia\u00ed e estreia especialmente dentro da Virada<\/strong>.<\/p>\n<p>\u201c<strong>Todo espet\u00e1culo \u00e9 baseado no trabalho dos irm\u00e3os Grimm e conta com os bonecos de uma das maiores bonequeiras do Pa\u00eds, Daisy Neri, al\u00e9m da participa\u00e7\u00e3o do percussionista Michel Denon, com m\u00fasica ao vivo<\/strong>\u201d, salientou o ator, contador e manipulador de bonecos, Ulisses Vertuan.<\/p>\n<p><strong>Reconhecimento<\/strong><br \/>\nPara o Secret\u00e1rio de Cultura, Jean Camoleze, o <strong>apoio \u00e0s atra\u00e7\u00f5es locais permite o reconhecimento do artista jundiaiense<\/strong>. \u201cA <strong>difus\u00e3o das atra\u00e7\u00f5es locais \u00e9 um marco deste governo<\/strong>, que desde o primeiro momento <strong>valorizou o artista local e possibilitou a participa\u00e7\u00e3o em todos os eventos promovidos pela Prefeitura<\/strong>. Esta conduta auxilia na forma\u00e7\u00e3o do p\u00fablico local e na promo\u00e7\u00e3o das nossas manifesta\u00e7\u00f5es art\u00edsticas\u201d, ressaltou Camoleze.<\/p>\n<p><em><strong>Assessoria de Imprensa<br \/>\nFotos: Divulga\u00e7\u00e3o <\/strong><\/em><\/p>\n","protected":false},"excerpt":{"rendered":"<p>Evento segue tradi\u00e7\u00e3o adotada pela administra\u00e7\u00e3o municipal de valorizar os artistas e grupos da cidade  <\/p>\n","protected":false},"author":10,"featured_media":176401,"comment_status":"closed","ping_status":"closed","sticky":false,"template":"","format":"standard","meta":{"footnotes":""},"categories":[2],"tags":[29,439,399,276,632,400,578,879],"ods":[],"class_list":["post-176390","post","type-post","status-publish","format-standard","has-post-thumbnail","hentry","category-noticias","tag-cultura","tag-danca","tag-musica","tag-parque-da-uva","tag-programa-estimulo-a-cultura","tag-teatro","tag-virada-jundiai","tag-virada-jundiai-2016"],"_links":{"self":[{"href":"https:\/\/jundiai.sp.gov.br\/noticias\/wp-json\/wp\/v2\/posts\/176390","targetHints":{"allow":["GET"]}}],"collection":[{"href":"https:\/\/jundiai.sp.gov.br\/noticias\/wp-json\/wp\/v2\/posts"}],"about":[{"href":"https:\/\/jundiai.sp.gov.br\/noticias\/wp-json\/wp\/v2\/types\/post"}],"author":[{"embeddable":true,"href":"https:\/\/jundiai.sp.gov.br\/noticias\/wp-json\/wp\/v2\/users\/10"}],"replies":[{"embeddable":true,"href":"https:\/\/jundiai.sp.gov.br\/noticias\/wp-json\/wp\/v2\/comments?post=176390"}],"version-history":[{"count":15,"href":"https:\/\/jundiai.sp.gov.br\/noticias\/wp-json\/wp\/v2\/posts\/176390\/revisions"}],"predecessor-version":[{"id":258168,"href":"https:\/\/jundiai.sp.gov.br\/noticias\/wp-json\/wp\/v2\/posts\/176390\/revisions\/258168"}],"wp:featuredmedia":[{"embeddable":true,"href":"https:\/\/jundiai.sp.gov.br\/noticias\/wp-json\/wp\/v2\/media\/176401"}],"wp:attachment":[{"href":"https:\/\/jundiai.sp.gov.br\/noticias\/wp-json\/wp\/v2\/media?parent=176390"}],"wp:term":[{"taxonomy":"category","embeddable":true,"href":"https:\/\/jundiai.sp.gov.br\/noticias\/wp-json\/wp\/v2\/categories?post=176390"},{"taxonomy":"post_tag","embeddable":true,"href":"https:\/\/jundiai.sp.gov.br\/noticias\/wp-json\/wp\/v2\/tags?post=176390"},{"taxonomy":"ods","embeddable":true,"href":"https:\/\/jundiai.sp.gov.br\/noticias\/wp-json\/wp\/v2\/ods?post=176390"}],"curies":[{"name":"wp","href":"https:\/\/api.w.org\/{rel}","templated":true}]}}