{"id":176483,"date":"2016-05-10T16:15:40","date_gmt":"2016-05-10T19:15:40","guid":{"rendered":"https:\/\/jundiai.sp.gov.br\/noticias\/?p=176483"},"modified":"2020-11-05T09:00:41","modified_gmt":"2020-11-05T12:00:41","slug":"inteligencia-e-usada-para-ampliar-combate-aos-pancadoes","status":"publish","type":"post","link":"https:\/\/jundiai.sp.gov.br\/noticias\/2016\/05\/10\/inteligencia-e-usada-para-ampliar-combate-aos-pancadoes\/","title":{"rendered":"Intelig\u00eancia \u00e9 usada para ampliar combate aos pancad\u00f5es"},"content":{"rendered":"<p><strong>O servi\u00e7o de intelig\u00eancia \u00e9 ferramenta essencial na amplia\u00e7\u00e3o de opera\u00e7\u00f5es integradas entre for\u00e7as de seguran\u00e7a e secretarias da Prefeitura para coibir os chamados pancad\u00f5es, proibidos em Jundia\u00ed pela <a href=\"http:\/\/sapl.camarajundiai.sp.gov.br\/sapl_documentos\/norma_juridica\/14847_texto_integral.pdf\" target=\"_blank\" rel=\"noopener noreferrer\">lei 8105\/2013<\/a>.<\/strong><\/p>\n<p>O tema voltou a ser discutido na manh\u00e3 desta ter\u00e7a-feira (10) em encontro na sede do Gabinete de Gest\u00e3o Integrada Municipal (GGIM), na Escola de Governo e Gest\u00e3o, na Vila Arens.<\/p>\n<p><strong>LEIA TAMB\u00c9M<\/strong><br \/>\n<a href=\"https:\/\/jundiai.sp.gov.br\/noticias\/2016\/05\/08\/operacao-conjunta-de-forcas-de-seguranca-coibe-pancadoes-na-vila-marlene\/\">Opera\u00e7\u00e3o conjunta co\u00edbe pancad\u00f5es na Vila Marlene<\/a><br \/>\n<a href=\"https:\/\/jundiai.sp.gov.br\/noticias\/2016\/04\/27\/especialista-em-guerra-cibernetica-confirma-presenca-no-1o-forum-de-seguranca\/\">1\u00ba F\u00f3rum de Seguran\u00e7a vai ter especialista em guerra cibern\u00e9tica<\/a><br \/>\n<a href=\"https:\/\/jundiai.sp.gov.br\/noticias\/2016\/04\/26\/general-de-missoes-da-onu-faz-palestra-no-1o-forum-de-seguranca-em-jundiai\/\">General de miss\u00f5es da ONU faz palestra no 1\u00ba F\u00f3rum de Seguran\u00e7a<\/a><br \/>\n<a href=\"https:\/\/jundiai.sp.gov.br\/noticias\/2016\/05\/09\/solenidade-marca-dia-da-bandeira-de-jundiai-nesta-segunda-feira-9\/\">Solenidade marca Dia da Bandeira de Jundia\u00ed em Emeb nesta segunda-feira (9)<\/a><\/p>\n<div id=\"attachment_176587\" style=\"width: 730px\" class=\"wp-caption aligncenter\"><a href=\"https:\/\/jundiai.sp.gov.br\/noticias\/wp-content\/uploads\/sites\/32\/2016\/05\/reuniao-GGIM_c_10_G.jpg\" rel=\"attachment wp-att-176587\"><img loading=\"lazy\" decoding=\"async\" aria-describedby=\"caption-attachment-176587\" class=\"size-large wp-image-176587\" src=\"https:\/\/jundiai.sp.gov.br\/noticias\/wp-content\/uploads\/sites\/32\/2016\/05\/reuniao-GGIM_c_10_G-720x506.jpg\" alt=\"Detalhes sobre futuras opera\u00e7\u00f5es integradas foran definidos durante encontro nesta ter\u00e7a (10)\" width=\"720\" height=\"506\" srcset=\"https:\/\/jundiai.sp.gov.br\/noticias\/wp-content\/uploads\/sites\/32\/2016\/05\/reuniao-GGIM_c_10_G-720x506.jpg 720w, https:\/\/jundiai.sp.gov.br\/noticias\/wp-content\/uploads\/sites\/32\/2016\/05\/reuniao-GGIM_c_10_G-300x211.jpg 300w, https:\/\/jundiai.sp.gov.br\/noticias\/wp-content\/uploads\/sites\/32\/2016\/05\/reuniao-GGIM_c_10_G-768x539.jpg 768w, https:\/\/jundiai.sp.gov.br\/noticias\/wp-content\/uploads\/sites\/32\/2016\/05\/reuniao-GGIM_c_10_G.jpg 1240w\" sizes=\"auto, (max-width: 720px) 100vw, 720px\" \/><\/a><p id=\"caption-attachment-176587\" class=\"wp-caption-text\">Detalhes sobre futuras opera\u00e7\u00f5es integradas foram definidos durante encontro nesta ter\u00e7a (10)<\/p><\/div>\n<p>Representantes das pol\u00edcias Militar e Civil, Juizado de Menores, fiscaliza\u00e7\u00e3o de Com\u00e9rcio e Tr\u00e2nsito e Vigil\u00e2ncia Sanit\u00e1ria mostraram <strong>alternativas de a\u00e7\u00f5es preventivas e pr\u00e1ticas para extinguir a atividade il\u00edcita<\/strong>.<\/p>\n<p>\u201c<strong>Temos recebido den\u00fancias e colhido informa\u00e7\u00f5es por meio do servi\u00e7o de intelig\u00eancia da Guarda Municipal e da Pol\u00edcia Militar de v\u00e1rios encontros em que o som alto, o consumo de bebidas alco\u00f3licas e drogas, inclusive por menores, ocorrem em diversas regi\u00f5es de Jundia\u00ed<\/strong>. Ent\u00e3o as <strong>opera\u00e7\u00f5es v\u00e3o ser cada vez mais constantes<\/strong>\u201d, pontua o coordenador especial do GGIM, Jos\u00e9 Carlos Pires.<\/p>\n<p>Um <strong>trabalho minucioso<\/strong> \u00e9 feito por homens da intelig\u00eancia das pol\u00edcias Militar e Civil e da Guarda Municipal, que contam, inclusive, com a <strong>ajuda de redes sociais<\/strong>. \u201cLevantamos os locais com maior incid\u00eancia de pancad\u00f5es e j\u00e1 come\u00e7amos a agir. <strong>Opera\u00e7\u00f5es conjuntas v\u00e3o continuar<\/strong>\u201d, destaca o tenente-coronel e comandante do 11\u00ba Batalh\u00e3o da Pol\u00edcia Militar (BPM\/I), Henrique Pereira de Souza Neto.<\/p>\n<p><a href=\"https:\/\/jundiai.sp.gov.br\/noticias\/2016\/05\/08\/operacao-conjunta-de-forcas-de-seguranca-coibe-pancadoes-na-vila-marlene\/\">No domingo (8), a Vila Marlene recebeu a a\u00e7\u00e3o<\/a>. Participaram <strong>cerca de 60 pessoas<\/strong>. Militares do 49\u00ba BPMI, guardas municipais, fiscais de tr\u00e2nsito e com\u00e9rcio e Juizado de Menores estiveram no local.<\/p>\n<p>O resultado foi a <strong>apreens\u00e3o de tr\u00eas motocicletas e dois ve\u00edculos<\/strong>. <strong>Com\u00e9rcios foram notificados e conscientizados sobre a pr\u00e1tica ilegal de som alto e a venda de bebidas a menores<\/strong>.<\/p>\n<p>Outras <strong>duas a\u00e7\u00f5es foram feitas no Rio Acima e Vila Progresso<\/strong> com a apreens\u00e3o de garrafas de bebidas. Menores flagrados nos locais foram liberados diante da presen\u00e7a dos pais ou respons\u00e1veis.<\/p>\n<p>O encontro desta ter\u00e7a-feira (10) na sede do GGIM tamb\u00e9m contou coma as presen\u00e7as do major Rog\u00e9rio Carlos Capuano e dos capit\u00e3es Robinson Panillo e Roberto Borges, al\u00e9m da delegada assistente da Seccional de Jundia\u00ed, Jaqueline Makowiski de Oliveira Bariani. Representantes do Juizado de Menores, Vigil\u00e2ncia Sanit\u00e1ria e fiscais do com\u00e9rcio tamb\u00e9m debateram o tema.<\/p>\n<p><strong><em>Ivan Lopes<br \/>\nFoto: Cl\u00e9ber de Almeida<\/em><\/strong><\/p>\n","protected":false},"excerpt":{"rendered":"<p>O servi\u00e7o de intelig\u00eancia \u00e9 ferramenta essencial na amplia\u00e7\u00e3o de opera\u00e7\u00f5es integradas entre for\u00e7as de seguran\u00e7a e secretarias da Prefeitura para coibir os chamados pancad\u00f5es, proibidos em Jundia\u00ed pela lei 8105\/2013. O tema voltou a ser discutido na manh\u00e3 desta ter\u00e7a-feira (10) em encontro na sede do Gabinete de Gest\u00e3o Integrada Municipal (GGIM), na Escola [&hellip;]<\/p>\n","protected":false},"author":14,"featured_media":0,"comment_status":"closed","ping_status":"closed","sticky":false,"template":"","format":"standard","meta":{"footnotes":""},"categories":[2],"tags":[345,250,31,3,27,338,517],"ods":[],"class_list":["post-176483","post","type-post","status-publish","format-standard","hentry","category-noticias","tag-financas","tag-gabinete-de-gestao-integrada-municipal-ggim","tag-guarda-municipal","tag-saude","tag-transito","tag-transportes","tag-vigilancia-sanitaria"],"_links":{"self":[{"href":"https:\/\/jundiai.sp.gov.br\/noticias\/wp-json\/wp\/v2\/posts\/176483","targetHints":{"allow":["GET"]}}],"collection":[{"href":"https:\/\/jundiai.sp.gov.br\/noticias\/wp-json\/wp\/v2\/posts"}],"about":[{"href":"https:\/\/jundiai.sp.gov.br\/noticias\/wp-json\/wp\/v2\/types\/post"}],"author":[{"embeddable":true,"href":"https:\/\/jundiai.sp.gov.br\/noticias\/wp-json\/wp\/v2\/users\/14"}],"replies":[{"embeddable":true,"href":"https:\/\/jundiai.sp.gov.br\/noticias\/wp-json\/wp\/v2\/comments?post=176483"}],"version-history":[{"count":9,"href":"https:\/\/jundiai.sp.gov.br\/noticias\/wp-json\/wp\/v2\/posts\/176483\/revisions"}],"predecessor-version":[{"id":257488,"href":"https:\/\/jundiai.sp.gov.br\/noticias\/wp-json\/wp\/v2\/posts\/176483\/revisions\/257488"}],"wp:attachment":[{"href":"https:\/\/jundiai.sp.gov.br\/noticias\/wp-json\/wp\/v2\/media?parent=176483"}],"wp:term":[{"taxonomy":"category","embeddable":true,"href":"https:\/\/jundiai.sp.gov.br\/noticias\/wp-json\/wp\/v2\/categories?post=176483"},{"taxonomy":"post_tag","embeddable":true,"href":"https:\/\/jundiai.sp.gov.br\/noticias\/wp-json\/wp\/v2\/tags?post=176483"},{"taxonomy":"ods","embeddable":true,"href":"https:\/\/jundiai.sp.gov.br\/noticias\/wp-json\/wp\/v2\/ods?post=176483"}],"curies":[{"name":"wp","href":"https:\/\/api.w.org\/{rel}","templated":true}]}}