{"id":176554,"date":"2016-05-10T18:00:57","date_gmt":"2016-05-10T21:00:57","guid":{"rendered":"https:\/\/jundiai.sp.gov.br\/noticias\/?p=176554"},"modified":"2020-11-06T13:52:55","modified_gmt":"2020-11-06T16:52:55","slug":"palco-black-e-tenda-eletronica-sao-diferenciais-da-virada","status":"publish","type":"post","link":"https:\/\/jundiai.sp.gov.br\/noticias\/2016\/05\/10\/palco-black-e-tenda-eletronica-sao-diferenciais-da-virada\/","title":{"rendered":"Palco Black e Tenda Eletr\u00f4nica s\u00e3o diferenciais da Virada"},"content":{"rendered":"<p><strong>Ao contemplar todos os g\u00eaneros e estilos, a Virada Jundia\u00ed 2016 n\u00e3o deixa de fora a representatividade da black music e das batidas eletr\u00f4nicas. Dentro da programa\u00e7\u00e3o oficial, o s\u00e1bado (21) e o domingo (22) v\u00e3o proporcionar palcos exclusivos no Parque Comendador Ant\u00f4nio Carbonari (Parque da Uva) \u00e0 diversidade de Dj\u2019s, rappers, grupos de samba-rock e hip-hop, al\u00e9m de intera\u00e7\u00e3o audiovisual e grafite em carros.<\/strong><\/p>\n<p>Intitulado de \u201cPalco Black\u201d, a partir das 13h do s\u00e1bado, no Parque da Uva, muita anima\u00e7\u00e3o com Dj Piggy tocando sucessos da black music e o conhecido grupo de hip-hop da regi\u00e3o \u201c288\u201d com repert\u00f3rio autoral.<\/p>\n<p><strong>LEIA TAMB\u00c9M<br \/>\n<\/strong><a href=\"https:\/\/jundiai.sp.gov.br\/noticias\/2016\/05\/06\/novidades-estampam-marca-da-virada-jundiai-2016\/\">Novidades estampam marca da Virada Jundia\u00ed 2016<\/a><br \/>\n<a href=\"https:\/\/jundiai.sp.gov.br\/noticias\/2016\/05\/09\/atracoes-locais-recheiam-agenda-da-virada-jundiai-2016\/\">Atra\u00e7\u00f5es locais recheiam agenda da Virada Jundia\u00ed 2016<\/a><br \/>\n<a href=\"https:\/\/jundiai.sp.gov.br\/noticias\/2016\/05\/09\/sexta-no-centro-de-maio-contempla-diversidade-musical\/\">\u2018Sexta no Centro\u2019 de maio contempla diversidade musical<\/a><\/p>\n<div id=\"attachment_176561\" style=\"width: 730px\" class=\"wp-caption aligncenter\"><a href=\"https:\/\/jundiai.sp.gov.br\/noticias\/wp-content\/uploads\/sites\/32\/2016\/05\/sandalia_de_prata-2016-credito-Patricia-Ribeiro-1_G.jpg\" rel=\"attachment wp-att-176561\"><img loading=\"lazy\" decoding=\"async\" aria-describedby=\"caption-attachment-176561\" class=\"size-large wp-image-176561\" src=\"https:\/\/jundiai.sp.gov.br\/noticias\/wp-content\/uploads\/sites\/32\/2016\/05\/sandalia_de_prata-2016-credito-Patricia-Ribeiro-1_G-720x501.jpg\" alt=\"Com muito samba-rock, o Sand\u00e1lia de Prata promete colocar todo mundo para dan\u00e7ar\" width=\"720\" height=\"501\" srcset=\"https:\/\/jundiai.sp.gov.br\/noticias\/wp-content\/uploads\/sites\/32\/2016\/05\/sandalia_de_prata-2016-credito-Patricia-Ribeiro-1_G-720x501.jpg 720w, https:\/\/jundiai.sp.gov.br\/noticias\/wp-content\/uploads\/sites\/32\/2016\/05\/sandalia_de_prata-2016-credito-Patricia-Ribeiro-1_G-300x209.jpg 300w, https:\/\/jundiai.sp.gov.br\/noticias\/wp-content\/uploads\/sites\/32\/2016\/05\/sandalia_de_prata-2016-credito-Patricia-Ribeiro-1_G-768x535.jpg 768w, https:\/\/jundiai.sp.gov.br\/noticias\/wp-content\/uploads\/sites\/32\/2016\/05\/sandalia_de_prata-2016-credito-Patricia-Ribeiro-1_G.jpg 1240w\" sizes=\"auto, (max-width: 720px) 100vw, 720px\" \/><\/a><p id=\"caption-attachment-176561\" class=\"wp-caption-text\">Com muito samba-rock, o Sand\u00e1lia de Prata promete colocar todo mundo para dan\u00e7ar<\/p><\/div>\n<p>\u201cVamos fazer um som legal e o mais empolgante \u00e9 que tudo ser\u00e1 registrado em v\u00eddeo para retratar a cena do hip-hop na regi\u00e3o\u201d, revela um dos vocalistas da \u201c288\u201d, Eduardo Ramalho, mais conhecido como \u201cFesta\u201d. Ele ainda completa. \u201cAcho muito importante essa vis\u00e3o do poder p\u00fablico em promover a cultura negra dentro de um evento deste porte, pois permite que os negros se mantenham posicionados\u201d, finaliza.<\/p>\n<p>Logo ap\u00f3s, o \u2018Aul\u00e3o\u2019 de samba-rock, \u00e0s 16h, com os professores Marquinhos Willians e Camila Camargo, aquece o p\u00fablico para dan\u00e7ar muito ao som do Sand\u00e1lia de Prata, \u00e0s 18h. Com muita energia, o famoso grupo de samba-rock traz seu repert\u00f3rio animado com o show \u201cMaloqueiro e Elegante\u201d, que mescla a musicalidade do samba ao jazz, rap e a gafieira.<\/p>\n<div id=\"attachment_176560\" style=\"width: 340px\" class=\"wp-caption alignleft\"><a href=\"https:\/\/jundiai.sp.gov.br\/noticias\/wp-content\/uploads\/sites\/32\/2016\/05\/Rapper-tha\u00edde_G.jpg\" rel=\"attachment wp-att-176560\"><img loading=\"lazy\" decoding=\"async\" aria-describedby=\"caption-attachment-176560\" class=\"size-large wp-image-176560\" src=\"https:\/\/jundiai.sp.gov.br\/noticias\/wp-content\/uploads\/sites\/32\/2016\/05\/Rapper-tha\u00edde_G-640x960.jpg\" alt=\"Tha\u00edde \u00e9 atra\u00e7\u00e3o nacional do rap, dentro da Virada Jundia\u00ed 2016\" width=\"330\" height=\"390\" \/><\/a><p id=\"caption-attachment-176560\" class=\"wp-caption-text\">Tha\u00edde \u00e9 atra\u00e7\u00e3o nacional do rap, dentro da Virada Jundia\u00ed 2016<\/p><\/div>\n<p>\u00c0s 20h, o rapper Tha\u00edde adentra o Palco Black para levar aos amantes do rap muita agita\u00e7\u00e3o. Reconhecido nacionalmente, o m\u00fasico j\u00e1 acumula mais de 12 discos lan\u00e7ados e in\u00fameras participa\u00e7\u00f5es na televis\u00e3o brasileira. Seu repert\u00f3rio consagrado promete agradar com as can\u00e7\u00f5es: &#8220;A Noite&#8221;, &#8220;Afro brasileiro&#8221;, &#8220;Apresento meu amigo&#8221; e o mega hit &#8220;Senhor Tempo Bom&#8221;.<\/p>\n<p>Enquanto isso, o grafite do Live Paint em Carro ocorre simultaneamente \u00e0 programa\u00e7\u00e3o musical com grafiteiros de toda regi\u00e3o.<\/p>\n<p>O movimento conta com estandes da cultura afro pelas ruas do Parque com expositores de artesanato e vestimentas caracter\u00edsticas, al\u00e9m de uma roda de conversa\u00e7\u00e3o com o projeto \u201cCausa Preta\u201d, que vai discutir, dentro do pavilh\u00e3o principal, a partir das 14h, o empoderamento da mulher negra por meio da escrita e da est\u00e9tica.<\/p>\n<p>Algumas das convidadas da roda \u201cCausa Preta\u201d s\u00e3o: a modelo e blogueira, D\u00e9bora Ninja; a empres\u00e1ria da moda afro, Ana Paula Xongani; e a coordenadora do Coletivo Akofena, Joice Aziza de Mendon\u00e7a.<\/p>\n<p><strong>Virada Eletr\u00f4nica<\/strong><br \/>\nCom mais de dez atra\u00e7\u00f5es, a virada eletr\u00f4nica ganha destaque com in\u00fameros Dj\u2019s de renome, no domingo (22), a partir das 14h, no palco coreto 2. Dentre os atrativos, o Dj Ale Monaceli, de S\u00e3o Paulo, que j\u00e1 atua na discotecagem h\u00e1 mais de 20 anos e j\u00e1 tocou nas casas mais badaladas do Estado, como Pacha, Eazy, Club 33, Clash Club, Club A, Ubatuba 180, Sirena e The Year, abrilhanta a festa.<\/p>\n<p>\u201cJ\u00e1 conhe\u00e7o Jundia\u00ed e tenho um p\u00fablico fiel na cidade. A tenda eletr\u00f4nica vai agradar ao p\u00fablico mais jovem, que gosta deste tipo de m\u00fasica, mas que muitas vezes n\u00e3o veem espa\u00e7o nas iniciativas\u201d, destaca Monaceli.<\/p>\n<p>Tamb\u00e9m o projeto \u201cDiscobug\u201d, dos Dj\u2019s jundiaienses Daves Dvs e Fernando Sotti, traz para a programa\u00e7\u00e3o eletr\u00f4nica, a partir das 19h, m\u00fasicas do estilo techno e techno house, em proposta mais alegre e agitada para a noite. Outros nomes que participam da virada eletr\u00f4nica s\u00e3o: DJ Jota Le\u00e3o; DJ Dig\u00e3o e Dhal; DJ Bira B Aggi; DJ Paul\u00e3o Maretti; DJ Sovietik Soul; DJ Vinicius Marchine e Cume V\u00ea com interven\u00e7\u00e3o audiovisual.<\/p>\n<p><em><strong>Assessoria de Imprensa<br \/>\nFotos: Divulga\u00e7\u00e3o <\/strong><\/em><\/p>\n","protected":false},"excerpt":{"rendered":"<p>A Black music de Tha\u00edde (foto) e batidas eletr\u00f4nicas tomam o Parque da Uva nos dias 21 e 22. Confira a programa\u00e7\u00e3o<\/p>\n","protected":false},"author":10,"featured_media":176574,"comment_status":"closed","ping_status":"closed","sticky":false,"template":"","format":"standard","meta":{"footnotes":""},"categories":[2],"tags":[29,399,578,879],"ods":[],"class_list":["post-176554","post","type-post","status-publish","format-standard","has-post-thumbnail","hentry","category-noticias","tag-cultura","tag-musica","tag-virada-jundiai","tag-virada-jundiai-2016"],"_links":{"self":[{"href":"https:\/\/jundiai.sp.gov.br\/noticias\/wp-json\/wp\/v2\/posts\/176554","targetHints":{"allow":["GET"]}}],"collection":[{"href":"https:\/\/jundiai.sp.gov.br\/noticias\/wp-json\/wp\/v2\/posts"}],"about":[{"href":"https:\/\/jundiai.sp.gov.br\/noticias\/wp-json\/wp\/v2\/types\/post"}],"author":[{"embeddable":true,"href":"https:\/\/jundiai.sp.gov.br\/noticias\/wp-json\/wp\/v2\/users\/10"}],"replies":[{"embeddable":true,"href":"https:\/\/jundiai.sp.gov.br\/noticias\/wp-json\/wp\/v2\/comments?post=176554"}],"version-history":[{"count":10,"href":"https:\/\/jundiai.sp.gov.br\/noticias\/wp-json\/wp\/v2\/posts\/176554\/revisions"}],"predecessor-version":[{"id":258189,"href":"https:\/\/jundiai.sp.gov.br\/noticias\/wp-json\/wp\/v2\/posts\/176554\/revisions\/258189"}],"wp:featuredmedia":[{"embeddable":true,"href":"https:\/\/jundiai.sp.gov.br\/noticias\/wp-json\/wp\/v2\/media\/176574"}],"wp:attachment":[{"href":"https:\/\/jundiai.sp.gov.br\/noticias\/wp-json\/wp\/v2\/media?parent=176554"}],"wp:term":[{"taxonomy":"category","embeddable":true,"href":"https:\/\/jundiai.sp.gov.br\/noticias\/wp-json\/wp\/v2\/categories?post=176554"},{"taxonomy":"post_tag","embeddable":true,"href":"https:\/\/jundiai.sp.gov.br\/noticias\/wp-json\/wp\/v2\/tags?post=176554"},{"taxonomy":"ods","embeddable":true,"href":"https:\/\/jundiai.sp.gov.br\/noticias\/wp-json\/wp\/v2\/ods?post=176554"}],"curies":[{"name":"wp","href":"https:\/\/api.w.org\/{rel}","templated":true}]}}