{"id":176853,"date":"2016-05-12T17:44:13","date_gmt":"2016-05-12T20:44:13","guid":{"rendered":"https:\/\/jundiai.sp.gov.br\/noticias\/?p=176853"},"modified":"2016-11-04T10:53:57","modified_gmt":"2016-11-04T12:53:57","slug":"semads-amplia-atividades-para-populacao-idosa","status":"publish","type":"post","link":"https:\/\/jundiai.sp.gov.br\/noticias\/2016\/05\/12\/semads-amplia-atividades-para-populacao-idosa\/","title":{"rendered":"Semads amplia atividades para popula\u00e7\u00e3o idosa"},"content":{"rendered":"<p><strong>A secret\u00e1ria de Assist\u00eancia e Desenvolvimento Social (Semads), Giany P\u00f3voa, participou, nesta quinta-feira (12), da reuni\u00e3o do <a href=\"http:\/\/comdipi.jundiai.sp.gov.br\/\" target=\"_blank\">Conselho Municipal dos Direitos da Pessoa Idosa (Comdipi)<\/a>, na sede do Centro de Refer\u00eancia do Idoso de Jundia\u00ed (Criju). Na oportunidade, a secret\u00e1ria apresentou os projetos e programas voltados \u00e0 popula\u00e7\u00e3o idosa desenvolvidos pela pasta.<\/strong><\/p>\n<p><strong>LEIA TAMB\u00c9M<\/strong><br \/>\n<a href=\"https:\/\/jundiai.sp.gov.br\/noticias\/2016\/05\/10\/amigo-do-idoso-cumpre-mais-uma-etapa-em-jundiai\/\">\u2018Amigo do Idoso\u2019 cumpre mais uma etapa em Jundia\u00ed<\/a><\/p>\n<div id=\"attachment_176854\" style=\"width: 410px\" class=\"wp-caption alignleft\"><a href=\"https:\/\/jundiai.sp.gov.br\/noticias\/wp-content\/uploads\/sites\/32\/2016\/05\/Semads-amplia-atividades-para-popula\u00e7\u00e3o-idosa.jpg\" rel=\"attachment wp-att-176854\"><img loading=\"lazy\" decoding=\"async\" aria-describedby=\"caption-attachment-176854\" class=\"size-large wp-image-176854\" src=\"https:\/\/jundiai.sp.gov.br\/noticias\/wp-content\/uploads\/sites\/32\/2016\/05\/Semads-amplia-atividades-para-popula\u00e7\u00e3o-idosa-720x525.jpg\" alt=\"Secret\u00e1ria da Semads participou de reuni\u00e3o do Comdipi \" width=\"400\" height=\"350\" \/><\/a><p id=\"caption-attachment-176854\" class=\"wp-caption-text\">Secret\u00e1ria da Semads participou de reuni\u00e3o do Comdipi<\/p><\/div>\n<p>Entre as novidades, Giany destacou a <strong>descentraliza\u00e7\u00e3o das atividades para esse p\u00fablico<\/strong>, que passaram a ser ofertadas nos territ\u00f3rios dos <strong>Centros de Refer\u00eancia de Assist\u00eancia Social (Cras)<\/strong> desde o m\u00eas passado. \u201cCom a descentraliza\u00e7\u00e3o, al\u00e9m do Criju, atividades como <strong>dan\u00e7a circular, tai-chi-chuan, artesanato, jardinagem<\/strong>, entre outras, passam a ser oferecidas nos Cras.\u201d<\/p>\n<p>Segundo a secret\u00e1ria da Semads, a inten\u00e7\u00e3o \u00e9 que <strong>toda pessoa idosa possa ter acesso \u00e0s atividades em seu territ\u00f3rio<\/strong>. \u201c\u00c0s vezes, \u00e9 dif\u00edcil para o idoso se deslocar at\u00e9 o Criju. Esperamos, com isso, <strong>atender um n\u00famero maior de pessoas. Hoje, cerca de 700 participam das atividades no Criju<\/strong>.\u201d<\/p>\n<p><strong>Giany tamb\u00e9m ressaltou a aten\u00e7\u00e3o que o governo vem dando \u00e0 tem\u00e1tica do idoso<\/strong>. \u201cTodas as equipes dos servi\u00e7os est\u00e3o sendo <strong>ampliadas<\/strong> para dar conta do atendimento desta popula\u00e7\u00e3o.\u201d<\/p>\n<p>O presidente do Comdipi, Milton Calzavara, considerou positiva a participa\u00e7\u00e3o da Semads na reuni\u00e3o do conselho. \u201cA vinda da secret\u00e1ria \u00e9 importante para <strong>estreitar as rela\u00e7\u00f5es e trazer informa\u00e7\u00f5es aos conselheiros<\/strong>.\u201d<\/p>\n<p>Tamb\u00e9m presente, o promotor de Justi\u00e7a do Idoso, Flam\u00ednio Silveira Amaral J\u00fanior, <strong>elogiou a atua\u00e7\u00e3o da pasta. \u201cA Semads tem demonstrado crescimento nesta \u00e1rea e o trabalho em rede com a Secretaria de Sa\u00fade tem beneficiado a popula\u00e7\u00e3o idosa.\u201d<\/strong><\/p>\n<p><strong><em>Viviane Rodrigues<br \/>\nFoto: Fot\u00f3grafos PMJ<\/em><\/strong><\/p>\n","protected":false},"excerpt":{"rendered":"<p>A secret\u00e1ria de Assist\u00eancia e Desenvolvimento Social (Semads), Giany P\u00f3voa, participou, nesta quinta-feira (12), da reuni\u00e3o do Conselho Municipal dos Direitos da Pessoa Idosa (Comdipi), na sede do Centro de Refer\u00eancia do Idoso de Jundia\u00ed (Criju). Na oportunidade, a secret\u00e1ria apresentou os projetos e programas voltados \u00e0 popula\u00e7\u00e3o idosa desenvolvidos pela pasta. LEIA TAMB\u00c9M \u2018Amigo [&hellip;]<\/p>\n","protected":false},"author":14,"featured_media":0,"comment_status":"closed","ping_status":"closed","sticky":false,"template":"","format":"standard","meta":{"footnotes":""},"categories":[2],"tags":[664,53,374,73],"ods":[],"class_list":["post-176853","post","type-post","status-publish","format-standard","hentry","category-noticias","tag-centro-de-referencia-de-assistencia-social-cras","tag-centro-de-referencia-do-idoso-criju","tag-conselho-da-pessoa-idosa","tag-secretaria-de-assistencia-e-desenvolvimento-social-semads"],"_links":{"self":[{"href":"https:\/\/jundiai.sp.gov.br\/noticias\/wp-json\/wp\/v2\/posts\/176853","targetHints":{"allow":["GET"]}}],"collection":[{"href":"https:\/\/jundiai.sp.gov.br\/noticias\/wp-json\/wp\/v2\/posts"}],"about":[{"href":"https:\/\/jundiai.sp.gov.br\/noticias\/wp-json\/wp\/v2\/types\/post"}],"author":[{"embeddable":true,"href":"https:\/\/jundiai.sp.gov.br\/noticias\/wp-json\/wp\/v2\/users\/14"}],"replies":[{"embeddable":true,"href":"https:\/\/jundiai.sp.gov.br\/noticias\/wp-json\/wp\/v2\/comments?post=176853"}],"version-history":[{"count":5,"href":"https:\/\/jundiai.sp.gov.br\/noticias\/wp-json\/wp\/v2\/posts\/176853\/revisions"}],"predecessor-version":[{"id":177605,"href":"https:\/\/jundiai.sp.gov.br\/noticias\/wp-json\/wp\/v2\/posts\/176853\/revisions\/177605"}],"wp:attachment":[{"href":"https:\/\/jundiai.sp.gov.br\/noticias\/wp-json\/wp\/v2\/media?parent=176853"}],"wp:term":[{"taxonomy":"category","embeddable":true,"href":"https:\/\/jundiai.sp.gov.br\/noticias\/wp-json\/wp\/v2\/categories?post=176853"},{"taxonomy":"post_tag","embeddable":true,"href":"https:\/\/jundiai.sp.gov.br\/noticias\/wp-json\/wp\/v2\/tags?post=176853"},{"taxonomy":"ods","embeddable":true,"href":"https:\/\/jundiai.sp.gov.br\/noticias\/wp-json\/wp\/v2\/ods?post=176853"}],"curies":[{"name":"wp","href":"https:\/\/api.w.org\/{rel}","templated":true}]}}