{"id":176884,"date":"2016-05-12T17:06:47","date_gmt":"2016-05-12T20:06:47","guid":{"rendered":"https:\/\/jundiai.sp.gov.br\/noticias\/?p=176884"},"modified":"2016-11-04T10:53:57","modified_gmt":"2016-11-04T12:53:57","slug":"prefeito-participa-de-homenagem-a-profissionais-de-saude","status":"publish","type":"post","link":"https:\/\/jundiai.sp.gov.br\/noticias\/2016\/05\/12\/prefeito-participa-de-homenagem-a-profissionais-de-saude\/","title":{"rendered":"Prefeito participa de homenagem no S\u00e3o Vicente"},"content":{"rendered":"<p><strong>A reuni\u00e3o semanal de gestores do <a href=\"http:\/\/www.hsvicente.org.br\/\" target=\"_blank\">Hospital de Caridade S\u00e3o Vicente de Paulo<\/a> foi especial nesta quinta-feira (12). No dia em que \u00e9 comemorado o Dia Mundial do Enfermeiro e do Profissional de Sa\u00fade, o encontro contou com a participa\u00e7\u00e3o do prefeito Pedro Bigardi e do secret\u00e1rio de Sa\u00fade, Lu\u00eds Carlos Casarin, que agradeceram a dedica\u00e7\u00e3o e empenho dos profissionais do hospital e de toda a rede municipal.<\/strong><\/p>\n<p><strong>\u201cEm nome dos profissionais aqui do hospital, parabenizo todos os servidores da sa\u00fade por essa data\u201d<\/strong>, disse o prefeito. <strong>\u201cO trabalho que \u00e9 feito aqui, o empenho e a dedica\u00e7\u00e3o de voc\u00eas d\u00e3o seguran\u00e7a para a nossa gest\u00e3o\u201d<\/strong>, destacou Bigardi, ao lado do superintendente do hospital, Francisco Claro.<\/p>\n<p><strong>LEIA TAMB\u00c9M<\/strong><br \/>\n<a href=\"https:\/\/jundiai.sp.gov.br\/noticias\/2016\/05\/12\/bispo-conhece-gestao-de-residuos-de-jundiai\/\">Bispo conhece gest\u00e3o de res\u00edduos de Jundia\u00ed<\/a><br \/>\n<a href=\"https:\/\/jundiai.sp.gov.br\/noticias\/2016\/05\/12\/prefeito-e-primeira-dama-recebem-novo-gerente-do-senac-jundiai\/\">Prefeito e primeira-dama recebem novo gerente do Senac Jundia\u00ed<\/a><br \/>\n<a href=\"https:\/\/jundiai.sp.gov.br\/noticias\/2016\/05\/11\/programa-saude-na-escola-leva-profissionais-da-educacao-ao-vale-verde\/\">Programa Sa\u00fade na Escola leva profissionais da Educa\u00e7\u00e3o ao Vale Verde<\/a><\/p>\n<div id=\"attachment_176891\" style=\"width: 730px\" class=\"wp-caption aligncenter\"><a href=\"https:\/\/jundiai.sp.gov.br\/noticias\/wp-content\/uploads\/sites\/32\/2016\/05\/dia_saude_D16g.jpg\" rel=\"attachment wp-att-176891\"><img loading=\"lazy\" decoding=\"async\" aria-describedby=\"caption-attachment-176891\" class=\"size-large wp-image-176891\" src=\"https:\/\/jundiai.sp.gov.br\/noticias\/wp-content\/uploads\/sites\/32\/2016\/05\/dia_saude_D16g-720x502.jpg\" alt=\"Prefeito agradeceu a dedica\u00e7\u00e3o de todos os profissionais \" width=\"720\" height=\"502\" srcset=\"https:\/\/jundiai.sp.gov.br\/noticias\/wp-content\/uploads\/sites\/32\/2016\/05\/dia_saude_D16g-720x502.jpg 720w, https:\/\/jundiai.sp.gov.br\/noticias\/wp-content\/uploads\/sites\/32\/2016\/05\/dia_saude_D16g-300x209.jpg 300w, https:\/\/jundiai.sp.gov.br\/noticias\/wp-content\/uploads\/sites\/32\/2016\/05\/dia_saude_D16g-768x535.jpg 768w, https:\/\/jundiai.sp.gov.br\/noticias\/wp-content\/uploads\/sites\/32\/2016\/05\/dia_saude_D16g.jpg 1240w\" sizes=\"auto, (max-width: 720px) 100vw, 720px\" \/><\/a><p id=\"caption-attachment-176891\" class=\"wp-caption-text\">Prefeito agradeceu a dedica\u00e7\u00e3o de todos os profissionais<\/p><\/div>\n<p>O prefeito aproveitou o encontro para<strong> explicar o funcionamento do conv\u00eanio entre o hospital e a Prefeitura<\/strong>\u00a0e destacou o momento delicado pelo qual o Pa\u00eds passa atualmente. <strong>\u201cApesar da queda de arrecada\u00e7\u00e3o, da dificuldade or\u00e7ament\u00e1ria que atinge todos os munic\u00edpios, continuamos investindo na sa\u00fade e vamos continuar investindo e cumprindo todos os compromissos\u201d<\/strong>, afirmou.<\/p>\n<div id=\"attachment_176893\" style=\"width: 410px\" class=\"wp-caption alignleft\"><a href=\"https:\/\/jundiai.sp.gov.br\/noticias\/wp-content\/uploads\/sites\/32\/2016\/05\/dia_saude_D45g.jpg\" rel=\"attachment wp-att-176893\"><img loading=\"lazy\" decoding=\"async\" aria-describedby=\"caption-attachment-176893\" class=\"size-large wp-image-176893\" src=\"https:\/\/jundiai.sp.gov.br\/noticias\/wp-content\/uploads\/sites\/32\/2016\/05\/dia_saude_D45g-720x556.jpg\" alt=\"Francisco Claro e Pedro Bigardi: novas a\u00e7\u00f5es \" width=\"400\" height=\"350\" \/><\/a><p id=\"caption-attachment-176893\" class=\"wp-caption-text\">Francisco Claro e Pedro Bigardi: novas a\u00e7\u00f5es<\/p><\/div>\n<p>Casarin refor\u00e7ou o <strong>empenho do governo municipal em priorizar a \u00e1rea da sa\u00fade<\/strong>. \u201cEnquanto o Brasil passa por uma crise, <strong>Jundia\u00ed continua investindo e garantindo recursos para o hospital e toda a \u00e1rea da sa\u00fade<\/strong>\u201d, frisou. Ele tamb\u00e9m lembrou que, independentemente das dificuldades enfrentadas, <strong>pesquisas mostram uma alta taxa de satisfa\u00e7\u00e3o dos pacientes com o atendimento no Hospital S\u00e3o Vicente<\/strong>.<\/p>\n<p>Para o superintendente Francisco Claro, a visita do prefeito mostra a <strong>import\u00e2ncia da data e a preocupa\u00e7\u00e3o da Prefeitura com a institui\u00e7\u00e3o<\/strong>. \u201cNos reunimos tamb\u00e9m para conversar sobre a implanta\u00e7\u00e3o da nova Unidade de Pronto-Atendimento (UPA), apresentar o plano de a\u00e7\u00e3o da unidade e propor novas a\u00e7\u00f5es na institui\u00e7\u00e3o. <strong>Esse encontro tem grande import\u00e2ncia para o desenvolvimento dos projetos, al\u00e9m de estreitar os la\u00e7os entre as duas gest\u00f5es<\/strong>\u201d, comentou.<\/p>\n<p><strong><em>Niza Souza<br \/>\nFotos: Dorival Pinheiro Filho<\/em><\/strong><\/p>\n","protected":false},"excerpt":{"rendered":"<p>Nesta quinta-feira (12) \u00e9 comemorado o Dia Mundial do Enfermeiro e do Profissional de Sa\u00fade<\/p>\n","protected":false},"author":14,"featured_media":176901,"comment_status":"closed","ping_status":"closed","sticky":false,"template":"","format":"standard","meta":{"footnotes":""},"categories":[2],"tags":[321,58,3],"ods":[],"class_list":["post-176884","post","type-post","status-publish","format-standard","has-post-thumbnail","hentry","category-noticias","tag-hospital-de-caridade-sao-vicente-de-paulo","tag-prefeito","tag-saude"],"_links":{"self":[{"href":"https:\/\/jundiai.sp.gov.br\/noticias\/wp-json\/wp\/v2\/posts\/176884","targetHints":{"allow":["GET"]}}],"collection":[{"href":"https:\/\/jundiai.sp.gov.br\/noticias\/wp-json\/wp\/v2\/posts"}],"about":[{"href":"https:\/\/jundiai.sp.gov.br\/noticias\/wp-json\/wp\/v2\/types\/post"}],"author":[{"embeddable":true,"href":"https:\/\/jundiai.sp.gov.br\/noticias\/wp-json\/wp\/v2\/users\/14"}],"replies":[{"embeddable":true,"href":"https:\/\/jundiai.sp.gov.br\/noticias\/wp-json\/wp\/v2\/comments?post=176884"}],"version-history":[{"count":6,"href":"https:\/\/jundiai.sp.gov.br\/noticias\/wp-json\/wp\/v2\/posts\/176884\/revisions"}],"predecessor-version":[{"id":176902,"href":"https:\/\/jundiai.sp.gov.br\/noticias\/wp-json\/wp\/v2\/posts\/176884\/revisions\/176902"}],"wp:featuredmedia":[{"embeddable":true,"href":"https:\/\/jundiai.sp.gov.br\/noticias\/wp-json\/wp\/v2\/media\/176901"}],"wp:attachment":[{"href":"https:\/\/jundiai.sp.gov.br\/noticias\/wp-json\/wp\/v2\/media?parent=176884"}],"wp:term":[{"taxonomy":"category","embeddable":true,"href":"https:\/\/jundiai.sp.gov.br\/noticias\/wp-json\/wp\/v2\/categories?post=176884"},{"taxonomy":"post_tag","embeddable":true,"href":"https:\/\/jundiai.sp.gov.br\/noticias\/wp-json\/wp\/v2\/tags?post=176884"},{"taxonomy":"ods","embeddable":true,"href":"https:\/\/jundiai.sp.gov.br\/noticias\/wp-json\/wp\/v2\/ods?post=176884"}],"curies":[{"name":"wp","href":"https:\/\/api.w.org\/{rel}","templated":true}]}}