{"id":176934,"date":"2016-05-13T15:40:16","date_gmt":"2016-05-13T18:40:16","guid":{"rendered":"https:\/\/jundiai.sp.gov.br\/noticias\/?p=176934"},"modified":"2020-11-06T11:13:38","modified_gmt":"2020-11-06T14:13:38","slug":"programacao-da-virada-jundiai-no-centro-historico","status":"publish","type":"post","link":"https:\/\/jundiai.sp.gov.br\/noticias\/2016\/05\/13\/programacao-da-virada-jundiai-no-centro-historico\/","title":{"rendered":"Programa\u00e7\u00e3o da Virada Jundia\u00ed no Centro Hist\u00f3rico"},"content":{"rendered":"<h2>Sexta-feira (20)<\/h2>\n<p><strong>17h30 \u2013 Largo da Matriz<\/strong> \u2013 cortejo de maracatu do Tambores de Inkice (da pra\u00e7a do F\u00f3rum, na regi\u00e3o da Cadeia Velha, at\u00e9 a pra\u00e7a Pedro de Toledo, em frente ao <a href=\"http:\/\/cultura.jundiai.sp.gov.br\/espacos-culturais\/museu-historico-e-cultural-de-jundiai\/\" target=\"_blank\" rel=\"noopener noreferrer\">Solar do Bar\u00e3o<\/a>);<\/p>\n<p><strong>das 17h30 a 22h00<\/strong> &#8211; <strong>Largo da Matriz<\/strong> \u2013 exposi\u00e7\u00e3o \u201cO Que (Eu) Vi\u201d, de Mar\u00edlia Scarabello (Solar do Bar\u00e3o);<\/p>\n<p><strong>18h30 \u2013 Largo da Matriz<\/strong> \u2013 cerimonial de abertura da Virada Jundia\u00ed (pra\u00e7a Pedro de Toledo);<\/p>\n<p><strong>19h \u2013 Largo da Matriz<\/strong> \u2013 espet\u00e1culo musical com os Originais do Samba (pra\u00e7a Pedro de Toledo);<\/p>\n<p><strong>20h \u2013 Esplanada Monte Castelo<\/strong> \u2013 espet\u00e1culo de dan\u00e7a \u201cEleEla\u201d, da Companhia Anac\u00e3 (<a href=\"http:\/\/cultura.jundiai.sp.gov.br\/espacos-culturais\/teatro-polytheama\/\" target=\"_blank\" rel=\"noopener noreferrer\">Teatro Polytheama<\/a>);<\/p>\n<p><strong>20h30 \u2013 Largo da Matriz<\/strong> \u2013 espet\u00e1culo musical de samba com Panela Preta (pra\u00e7a Pedro de Toledo);<\/p>\n<h2>S\u00e1bado (21)<\/h2>\n<p><strong>das 9h \u00e0s\u00a010h30 \u2013 Largo da Matriz<\/strong> \u2013 performance \u201cSarau dos Bobos\u201d, do Itiner\u00e2ncias 493 (Marquise da Casa da Cultura);<\/p>\n<p><strong>das 9h \u00e0s\u00a012h \u2013 Regi\u00e3o da Cadeia Velha<\/strong> \u2013 oficina e apresenta\u00e7\u00e3o de \u201cCantigas de Ninar\u201d, com Eloisa Bellini dos Santos (<a href=\"http:\/\/cultura.jundiai.sp.gov.br\/espacos-culturais\/casa-das-letras-e-artes-de-jundiai\/\" target=\"_blank\" rel=\"noopener noreferrer\">Casa das\u00a0Letras e Artes<\/a>);<\/p>\n<p><strong>das 9h \u00e0s\u00a017h \u2013 Largo da Matriz<\/strong> &#8211; exposi\u00e7\u00e3o \u201cO Que (Eu) Vi\u201d, de Mar\u00edlia Scarabello (no Solar do Bar\u00e3o);<\/p>\n<p><strong>das 9h \u00e0s\u00a012h e das 15h \u00e0s\u00a017h \u2013 Regi\u00e3o da Cadeia Velha<\/strong> &#8211; exposi\u00e7\u00e3o \u201cVentos de Outono\u201d, da Associa\u00e7\u00e3o dos Artistas Pl\u00e1sticos de Jundia\u00ed (Casa de Artes e Letras);<\/p>\n<p><strong>das 9h \u00e0s\u00a012h \u2013 Regi\u00e3o da Cadeia Velha<\/strong> &#8211; Oficina e apresenta\u00e7\u00e3o \u201cCantigas de Ninar\u201d \u2013 Eloisa Bellini dos Santos (Casa de Artes e Letras);<\/p>\n<p><strong>9h \u2013 Largo da Companhia Paulista<\/strong> \u2013 interven\u00e7\u00e3o de m\u00e1gica \u201cWalking Around\u201d de Fernando Lazzaro (Complexo Fepasa);<\/p>\n<p><strong>9h30<\/strong> \u2013 Largo da Companhia Paulista \u2013 visita monitorada ao <a href=\"http:\/\/cultura.jundiai.sp.gov.br\/espacos-culturais\/museu-da-cia-paulista\/\" target=\"_blank\" rel=\"noopener noreferrer\">Museu da Cia. Paulista<\/a> (Complexo Fepasa);<\/p>\n<p><strong>10h \u2013 Largo da Matriz<\/strong> \u2013 espet\u00e1culo de MPB com Batuta Trio (pra\u00e7a Pedro de Toledo);<\/p>\n<p><strong>11h \u2013 Largo da Matriz<\/strong> \u2013 interven\u00e7\u00e3o de palha\u00e7o da ACT Produ\u00e7\u00f5es (pra\u00e7a Pedro de Toledo);<\/p>\n<p><strong>11h \u2013 Esplanada Monte Castelo<\/strong> \u2013 espet\u00e1culo infantil \u201cA Rainha Procura\u201d, do Grupo Jogando no Quintal (Teatro Polytheama);<\/p>\n<p><strong>11h \u2013 Largo da Companhia Paulista<\/strong> \u2013 m\u00fasicas da cultura popular com Grupo Ara\u00fana (Complexo Fepasa);<\/p>\n<p><strong>das 11h \u00e0s\u00a012h \u2013 Largo da Matriz &#8211;<\/strong> performance \u201cImagine-se\u201d, de Carolina Nery e Felipe Antunes (Marquise da Casa da Cultura);<\/p>\n<p><strong>11h45 \u2013 Largo da Matriz<\/strong> \u2013 espet\u00e1culo de blues com Rafael Rosa Trio (pra\u00e7a Pedro de Toledo);<\/p>\n<p><strong>das 12h30 \u00e0s\u00a013h30 \u2013 Largo da Matriz<\/strong> &#8211; conta\u00e7\u00e3o de hist\u00f3rias de \u201cQuatro Vezes Grimm\u201d, do Perform\u00e1tico \u00c9os (Marquise da Casa da Cultura);<\/p>\n<p><strong>13h30 \u2013 Largo da Matriz<\/strong> \u2013 espet\u00e1culo de black MPB com Bem Mais (pra\u00e7a Pedro de Toledo);<\/p>\n<p><strong>15h a 17h \u2013 Regi\u00e3o da Cadeia Velha<\/strong> \u2013 sarau com integrantes da Academia Jundiaiense de Letras (Casa de Artes e Letras);<\/p>\n<p><strong>15h15 \u2013 Largo da Matriz<\/strong> \u2013 espet\u00e1culo de \u201cclassic rock\u201d com Black Maverick (pra\u00e7a Pedro de Toledo);<\/p>\n<p><strong>16h \u2013 Ponte Torta<\/strong> \u2013 apresenta\u00e7\u00e3o de maracatu com Maracatu Jundia\u00ed (pra\u00e7a Eraz\u00ea Martinho);<\/p>\n<p><strong>17h30 \u2013 Ponte Torta<\/strong> \u2013 roda de capoeira Ubuntu, com Idalina do mestre C\u00e1ssio Martinho (pra\u00e7a Eraz\u00ea Martinho);<\/p>\n<p><strong>19h \u2013 Esplanada Monte Castelo<\/strong> \u2013 concerto \u201cM\u00fasica Caipira Paulista\u201d, do Coral Cant&#8217;Arte (<a href=\"http:\/\/cultura.jundiai.sp.gov.br\/espacos-culturais\/pinacoteca-diogenes-duarte-paes\/\" target=\"_blank\" rel=\"noopener noreferrer\">Pinacoteca Municipal<\/a>);<\/p>\n<p><strong>19h \u2013 Ponte Torta<\/strong> \u2013 apresenta\u00e7\u00e3o de folia de reis com Os Filhos de Bel\u00e9m (pra\u00e7a Eraz\u00ea Martinho);<\/p>\n<p><strong>20h \u2013 Ponte Torta<\/strong> \u2013 concerto do bloco Refogado do Sandi, com Amigos do Samba (pra\u00e7a Eraz\u00ea Martinho);<\/p>\n<p><strong>20h30 \u2013 Esplanada Monte Castelo<\/strong> \u2013 concerto instrumental de Fil\u00f3 Machado Sexteto, dos Concertos Astra Finamax (Teatro Polytheama);<\/p>\n<p><strong>20h30 \u2013 Esplanada Monte Castelo<\/strong> \u2013 concerto instrumental \u201cCl\u00e1ssicos do Rock\u201d com Quartet Noble In Concert (Pinacoteca);<\/p>\n<h2>Domingo (22)<\/h2>\n<p><strong>das 10h \u00e0s\u00a012h \u2013 Regi\u00e3o da Cadeia Velha<\/strong> \u2013 exposi\u00e7\u00e3o \u201cVentos de Outono\u201d, da Associa\u00e7\u00e3o dos Artistas Pl\u00e1sticos de Jundia\u00ed (Casa de Artes e Letras);<\/p>\n<p><strong>das 10h \u00e0s\u00a012h \u2013 Regi\u00e3o da Cadeia Velha<\/strong> \u2013 manh\u00e3 musical com Academia Jundiaiense de Letras e Coral de M\u00fasica Sertaneja (Casa de Artes e Letras);<\/p>\n<p><strong>das 10h \u00e0s\u00a019h \u2013 Largo da Companhia Paulista<\/strong> \u2013 <a href=\"https:\/\/jundiai.sp.gov.br\/noticias\/2016\/05\/12\/estacao-geek-estara-pela-segunda-vez-na-virada-jundiai\/\">festival \u201cEsta\u00e7\u00e3o Geek\u201d, organizado pela Esta\u00e7\u00e3o Juventude (Complexo Fepasa)<\/a>;<\/p>\n<p><strong>das 10h30 \u00e0s\u00a012h \u2013 Regi\u00e3o da Cadeia Velha<\/strong> \u2013 declama\u00e7\u00e3o po\u00e9tica \u201cM\u00e3es, Sempre M\u00e3es\u201d, da Academia Jundiaiense de Letras (Casa de Artes e Letras);<\/p>\n<p><strong>11h \u2013 Esplanada Monte Castelo<\/strong> &#8211; concerto da Orquestra Municipal de Jundia\u00ed com solista F\u00e1bio Cury (Teatro Polytheama);<\/p>\n<p><strong>das 15h \u00e0s\u00a020h \u2013 Largo da Matriz<\/strong> &#8211; exposi\u00e7\u00e3o \u201cO Que (Eu) Vi\u201d, de Mar\u00edlia Scarabello (Solar do Bar\u00e3o);<\/p>\n<p><strong>das 16h \u00e0s\u00a017h30 \u2013 Largo da Matriz<\/strong> \u2013 document\u00e1rio \u201cBandas pelos Sal\u00f5es da Terra da Uva\u201d (Solar do Bar\u00e3o);<\/p>\n<p><strong>17h30 \u2013 Largo da Matriz<\/strong> &#8211; filme \u201cBikes x Carros\u201d, exibido pelo Cineclube Consci\u00eancia (Solar do Bar\u00e3o);<\/p>\n<p><strong>18h \u2013 Esplanada Monte Castelo<\/strong> \u2013 teatro adulto \u201cConsertando Frank\u201d, de Ken Hanes (Teatro Polytheama).<\/p>\n","protected":false},"excerpt":{"rendered":"<p>Sexta-feira (20) 17h30 \u2013 Largo da Matriz \u2013 cortejo de maracatu do Tambores de Inkice (da pra\u00e7a do F\u00f3rum, na regi\u00e3o da Cadeia Velha, at\u00e9 a pra\u00e7a Pedro de Toledo, em frente ao Solar do Bar\u00e3o); das 17h30 a 22h00 &#8211; Largo da Matriz \u2013 exposi\u00e7\u00e3o \u201cO Que (Eu) Vi\u201d, de Mar\u00edlia Scarabello (Solar do [&hellip;]<\/p>\n","protected":false},"author":14,"featured_media":0,"comment_status":"closed","ping_status":"closed","sticky":false,"template":"","format":"standard","meta":{"footnotes":""},"categories":[2],"tags":[666,747,29,888,449,674,450,290,307,370,427,98,578,879],"ods":[],"class_list":["post-176934","post","type-post","status-publish","format-standard","hentry","category-noticias","tag-casa-da-cultura","tag-casa-das-letras-e-artes","tag-cultura","tag-escadao","tag-espaco-expressa","tag-estacao-geek","tag-museu-dos-ferroviarios","tag-museu-historico-e-cultural-solar-do-barao","tag-orquestra-municipal-de-jundiai","tag-pinacoteca-municipal-diogenes-duarte-paes","tag-ponte-torta","tag-teatro-polytheama","tag-virada-jundiai","tag-virada-jundiai-2016"],"_links":{"self":[{"href":"https:\/\/jundiai.sp.gov.br\/noticias\/wp-json\/wp\/v2\/posts\/176934","targetHints":{"allow":["GET"]}}],"collection":[{"href":"https:\/\/jundiai.sp.gov.br\/noticias\/wp-json\/wp\/v2\/posts"}],"about":[{"href":"https:\/\/jundiai.sp.gov.br\/noticias\/wp-json\/wp\/v2\/types\/post"}],"author":[{"embeddable":true,"href":"https:\/\/jundiai.sp.gov.br\/noticias\/wp-json\/wp\/v2\/users\/14"}],"replies":[{"embeddable":true,"href":"https:\/\/jundiai.sp.gov.br\/noticias\/wp-json\/wp\/v2\/comments?post=176934"}],"version-history":[{"count":3,"href":"https:\/\/jundiai.sp.gov.br\/noticias\/wp-json\/wp\/v2\/posts\/176934\/revisions"}],"predecessor-version":[{"id":258162,"href":"https:\/\/jundiai.sp.gov.br\/noticias\/wp-json\/wp\/v2\/posts\/176934\/revisions\/258162"}],"wp:attachment":[{"href":"https:\/\/jundiai.sp.gov.br\/noticias\/wp-json\/wp\/v2\/media?parent=176934"}],"wp:term":[{"taxonomy":"category","embeddable":true,"href":"https:\/\/jundiai.sp.gov.br\/noticias\/wp-json\/wp\/v2\/categories?post=176934"},{"taxonomy":"post_tag","embeddable":true,"href":"https:\/\/jundiai.sp.gov.br\/noticias\/wp-json\/wp\/v2\/tags?post=176934"},{"taxonomy":"ods","embeddable":true,"href":"https:\/\/jundiai.sp.gov.br\/noticias\/wp-json\/wp\/v2\/ods?post=176934"}],"curies":[{"name":"wp","href":"https:\/\/api.w.org\/{rel}","templated":true}]}}