{"id":177033,"date":"2016-05-14T15:05:19","date_gmt":"2016-05-14T18:05:19","guid":{"rendered":"https:\/\/jundiai.sp.gov.br\/noticias\/?p=177033"},"modified":"2016-11-04T10:53:32","modified_gmt":"2016-11-04T12:53:32","slug":"peama-da-exemplo-de-superacao-nas-pistas-do-bolao-durante-o-4o-triathlon-unificado","status":"publish","type":"post","link":"https:\/\/jundiai.sp.gov.br\/noticias\/2016\/05\/14\/peama-da-exemplo-de-superacao-nas-pistas-do-bolao-durante-o-4o-triathlon-unificado\/","title":{"rendered":"Peama d\u00e1 exemplo de supera\u00e7\u00e3o nas pistas do Bol\u00e3o durante o 4\u00ba Triathlon Unificado"},"content":{"rendered":"<p><strong>Os 29 atletas participantes do 4\u00ba Triathlon Unificado deram um show de supera\u00e7\u00e3o, neste s\u00e1bado (14), no Conjunto Poliesportivo Dr. Nicolino de Lucca, o Bol\u00e3o. O evento foi promovido pelo Programa de Esportes e Atividades Motoras Adaptadas (Peama), da Secretaria de Esportes e Lazer, em parceria com a <a href=\"http:\/\/www.esef.br\/\" target=\"_blank\">Escola Superior de Educa\u00e7\u00e3o F\u00edsica (Esef)<\/a>, e contou com a presen\u00e7a do prefeito, que destacou o esp\u00edrito de solidariedade dos atletas. <\/strong><\/p>\n<p>\u201c<strong>O Peama \u00e9 uma refer\u00eancia importante de inclus\u00e3o em Jundia\u00ed<\/strong> e \u00e9 bonito de ver este esp\u00edrito de solidariedade e competi\u00e7\u00e3o entre os participantes, que ajudam um ao outro, e isto \u00e9 muito importante no esporte\u201d, disse Bigardi.<\/p>\n<p>A atividade envolveu pessoas com defici\u00eancias f\u00edsica, visual e intelectual, acompanhadas por alunos da Esef, nas provas de corrida ou caminhada, bicicleta simples ou adaptada e nata\u00e7\u00e3o. Este ano, os atletas foram divididos em cinco equipes de acordo com o n\u00edvel de habilidade.<\/p>\n<p><strong>LEIA TAMB\u00c9M<br \/>\n<strong><a href=\"https:\/\/jundiai.sp.gov.br\/noticias\/2016\/05\/13\/cerca-15-mil-ja-foram-orientados-na-campanha-maio-amarelo-atencao-para-a-vida\/\">Cerca de 15 mil j\u00e1 foram orientados na campanha \u2018Maio Amarelo\u2019<\/a><\/strong><br \/>\n<a href=\"https:\/\/jundiai.sp.gov.br\/noticias\/2016\/05\/10\/peama-conquista-tres-medalhas-na-16a-corrida-dos-sonhos-graacc\/\">Peama conquista tr\u00eas medalhas na 16\u00aa Corrida dos Sonhos Graacc<\/a><\/strong><br \/>\n<strong><a href=\"https:\/\/jundiai.sp.gov.br\/noticias\/2016\/05\/11\/secretaria-de-esportes-e-lazer-leva-mais-de-900-mulheres-ao-cinema\/\">Secretaria de Esportes e Lazer leva mais de 900 mulheres ao cinema<\/a><\/strong><\/p>\n<div id=\"attachment_177034\" style=\"width: 730px\" class=\"wp-caption aligncenter\"><a href=\"https:\/\/jundiai.sp.gov.br\/noticias\/wp-content\/uploads\/sites\/32\/2016\/05\/Triathlon-PEAMA_c_156_G.jpg\" rel=\"attachment wp-att-177034\"><img loading=\"lazy\" decoding=\"async\" aria-describedby=\"caption-attachment-177034\" class=\"size-large wp-image-177034\" src=\"https:\/\/jundiai.sp.gov.br\/noticias\/wp-content\/uploads\/sites\/32\/2016\/05\/Triathlon-PEAMA_c_156_G-720x546.jpg\" alt=\"Bigardi participou da entrega dos trof\u00e9us \u00e0s equipes\" width=\"720\" height=\"546\" srcset=\"https:\/\/jundiai.sp.gov.br\/noticias\/wp-content\/uploads\/sites\/32\/2016\/05\/Triathlon-PEAMA_c_156_G-720x546.jpg 720w, https:\/\/jundiai.sp.gov.br\/noticias\/wp-content\/uploads\/sites\/32\/2016\/05\/Triathlon-PEAMA_c_156_G-300x227.jpg 300w, https:\/\/jundiai.sp.gov.br\/noticias\/wp-content\/uploads\/sites\/32\/2016\/05\/Triathlon-PEAMA_c_156_G-768x582.jpg 768w, https:\/\/jundiai.sp.gov.br\/noticias\/wp-content\/uploads\/sites\/32\/2016\/05\/Triathlon-PEAMA_c_156_G.jpg 1240w\" sizes=\"auto, (max-width: 720px) 100vw, 720px\" \/><\/a><p id=\"caption-attachment-177034\" class=\"wp-caption-text\">Prefeito\u00a0participou da entrega dos trof\u00e9us \u00e0s equipes<\/p><\/div>\n<p>\u201cPara o aluno \u00e9 uma novidade e uma oportunidade de estar sempre se testando, e para os alunos da Esef a possibilidade de dar aula para pessoas com defici\u00eancia. <strong>\u00c9 uma troca e uma experi\u00eancia interessante, pois eles se deparam com dificuldades como interrup\u00e7\u00f5es e mudan\u00e7as de percurso, que fazem parte do universo da competi\u00e7\u00e3o<\/strong>\u201d, ressaltou a diretora do programa, Denise Neves.<\/p>\n<p>Segundo o diretor da Esef, Pedro Rocha Lemos, h\u00e1 um trabalho forte voltado \u00e0s pessoas com defici\u00eancia. \u201cEsta experi\u00eancia para a forma\u00e7\u00e3o dos alunos \u00e9 fant\u00e1stica.\u201d<\/p>\n<p>Todos os participantes foram premiados com medalhas e as tr\u00eas primeiras equipes receberam trof\u00e9u.<\/p>\n<p><em><strong>Viviane Rodrigues<br \/>\nFoto: Cleber de Almeida <\/strong><\/em><\/p>\n","protected":false},"excerpt":{"rendered":"<p>Evento reuniu 29 atletas e foi promovido pelo Peama, da Secretaria de Esportes e Lazer, em parceria com a Escola Superior de Educa\u00e7\u00e3o F\u00edsica<\/p>\n","protected":false},"author":10,"featured_media":177037,"comment_status":"closed","ping_status":"closed","sticky":false,"template":"","format":"standard","meta":{"footnotes":""},"categories":[2],"tags":[110,91,35,58,96],"ods":[],"class_list":["post-177033","post","type-post","status-publish","format-standard","has-post-thumbnail","hentry","category-noticias","tag-bolao","tag-escola-superior-de-educacao-fisica-de-jundiai-esef","tag-esporte-e-lazer","tag-prefeito","tag-programa-de-esportes-e-atividades-motoras-adaptadas-peama"],"_links":{"self":[{"href":"https:\/\/jundiai.sp.gov.br\/noticias\/wp-json\/wp\/v2\/posts\/177033","targetHints":{"allow":["GET"]}}],"collection":[{"href":"https:\/\/jundiai.sp.gov.br\/noticias\/wp-json\/wp\/v2\/posts"}],"about":[{"href":"https:\/\/jundiai.sp.gov.br\/noticias\/wp-json\/wp\/v2\/types\/post"}],"author":[{"embeddable":true,"href":"https:\/\/jundiai.sp.gov.br\/noticias\/wp-json\/wp\/v2\/users\/10"}],"replies":[{"embeddable":true,"href":"https:\/\/jundiai.sp.gov.br\/noticias\/wp-json\/wp\/v2\/comments?post=177033"}],"version-history":[{"count":12,"href":"https:\/\/jundiai.sp.gov.br\/noticias\/wp-json\/wp\/v2\/posts\/177033\/revisions"}],"predecessor-version":[{"id":177598,"href":"https:\/\/jundiai.sp.gov.br\/noticias\/wp-json\/wp\/v2\/posts\/177033\/revisions\/177598"}],"wp:featuredmedia":[{"embeddable":true,"href":"https:\/\/jundiai.sp.gov.br\/noticias\/wp-json\/wp\/v2\/media\/177037"}],"wp:attachment":[{"href":"https:\/\/jundiai.sp.gov.br\/noticias\/wp-json\/wp\/v2\/media?parent=177033"}],"wp:term":[{"taxonomy":"category","embeddable":true,"href":"https:\/\/jundiai.sp.gov.br\/noticias\/wp-json\/wp\/v2\/categories?post=177033"},{"taxonomy":"post_tag","embeddable":true,"href":"https:\/\/jundiai.sp.gov.br\/noticias\/wp-json\/wp\/v2\/tags?post=177033"},{"taxonomy":"ods","embeddable":true,"href":"https:\/\/jundiai.sp.gov.br\/noticias\/wp-json\/wp\/v2\/ods?post=177033"}],"curies":[{"name":"wp","href":"https:\/\/api.w.org\/{rel}","templated":true}]}}