{"id":177045,"date":"2016-05-14T15:17:28","date_gmt":"2016-05-14T18:17:28","guid":{"rendered":"https:\/\/jundiai.sp.gov.br\/noticias\/?p=177045"},"modified":"2016-11-04T10:53:32","modified_gmt":"2016-11-04T12:53:32","slug":"prefeito-marca-presenca-na-102a-romaria-diocesana-masculina","status":"publish","type":"post","link":"https:\/\/jundiai.sp.gov.br\/noticias\/2016\/05\/14\/prefeito-marca-presenca-na-102a-romaria-diocesana-masculina\/","title":{"rendered":"Prefeito marca presen\u00e7a na 102\u00aa Romaria Diocesana Masculina"},"content":{"rendered":"<div id=\"attachment_177046\" style=\"width: 730px\" class=\"wp-caption aligncenter\"><a href=\"https:\/\/jundiai.sp.gov.br\/noticias\/wp-content\/uploads\/sites\/32\/2016\/05\/102\u00ba-Romaria-a-Pirapora_c_26_G.jpg\" rel=\"attachment wp-att-177046\"><img loading=\"lazy\" decoding=\"async\" aria-describedby=\"caption-attachment-177046\" class=\"size-large wp-image-177046\" src=\"https:\/\/jundiai.sp.gov.br\/noticias\/wp-content\/uploads\/sites\/32\/2016\/05\/102\u00ba-Romaria-a-Pirapora_c_26_G-720x533.jpg\" alt=\"Bigardi prestigiou a sa\u00edda da Romaria Diocesana Masculina, que completa 102 anos\" width=\"720\" height=\"533\" srcset=\"https:\/\/jundiai.sp.gov.br\/noticias\/wp-content\/uploads\/sites\/32\/2016\/05\/102\u00ba-Romaria-a-Pirapora_c_26_G-720x533.jpg 720w, https:\/\/jundiai.sp.gov.br\/noticias\/wp-content\/uploads\/sites\/32\/2016\/05\/102\u00ba-Romaria-a-Pirapora_c_26_G-300x222.jpg 300w, https:\/\/jundiai.sp.gov.br\/noticias\/wp-content\/uploads\/sites\/32\/2016\/05\/102\u00ba-Romaria-a-Pirapora_c_26_G-768x569.jpg 768w, https:\/\/jundiai.sp.gov.br\/noticias\/wp-content\/uploads\/sites\/32\/2016\/05\/102\u00ba-Romaria-a-Pirapora_c_26_G.jpg 1240w\" sizes=\"auto, (max-width: 720px) 100vw, 720px\" \/><\/a><p id=\"caption-attachment-177046\" class=\"wp-caption-text\">O prefeito prestigiou a sa\u00edda da Romaria Diocesana Masculina, que completa 102 anos<\/p><\/div>\n<p><strong>O prefeito compareceu \u00e0 b\u00ean\u00e7\u00e3o de sa\u00edda da 102\u00aa Romaria Diocesana Masculina de Jundia\u00ed ao Santu\u00e1rio de Pirapora do Bom Jesus, realizada na manh\u00e3 deste s\u00e1bado (14) na Igreja da Varginha, pelo padre Jo\u00e3o Batista de Carvalho.<\/strong><\/p>\n<p>\u201cSempre prestigio as romarias, <strong>\u00e9 muito bonito ver a religiosidade das pessoas e essa tradi\u00e7\u00e3o sendo seguida na cidade por v\u00e1rias gera\u00e7\u00f5es<\/strong>, como \u00e9 o caso desta, que completa 102 anos\u201d, disse o prefeito.<\/p>\n<p><strong>LEIA TAMB\u00c9M<br \/>\n<a href=\"https:\/\/jundiai.sp.gov.br\/noticias\/2016\/05\/12\/prefeito-participa-de-homenagem-a-profissionais-de-saude\/\">Prefeito participa de homenagem no S\u00e3o Vicente<\/a><\/strong><br \/>\n<strong><a href=\"https:\/\/jundiai.sp.gov.br\/noticias\/2016\/05\/10\/bigardi-entrega-primeira-obra-do-complexo-jundiai\/\">Prefeito entrega primeira obra do Complexo Jundia\u00ed<\/a><\/strong><br \/>\n<strong><a href=\"https:\/\/jundiai.sp.gov.br\/noticias\/2016\/05\/12\/prefeito-e-primeira-dama-recebem-novo-gerente-do-senac-jundiai\/\">Prefeito e primeira-dama recebem novo gerente do Senac Jundia\u00ed<\/a><\/strong><\/p>\n<p>Ap\u00f3s a b\u00ean\u00e7\u00e3o, cerca de <strong>1500 romeiros seguiram rumo ao Santu\u00e1rio de Pirapora do Bom Jesus, em um trajeto que dura oito horas. No local, \u00e0s 5 da manh\u00e3 deste domingo (15), ser\u00e1 celebrada a santa missa Romeira<\/strong>, o ponto alto da peregrina\u00e7\u00e3o.<\/p>\n<p>O presidente da Romaria Diocesana Masculina, Rodinei Antonio Bardi Fonseca, agradeceu o apoio dado pela Prefeitura. \u201c<strong>O apoio com a organiza\u00e7\u00e3o do tr\u00e2nsito \u00e9 fundamental, sem isso seria dif\u00edcil dar continuidade \u00e0 romaria. A presen\u00e7a do prefeito tamb\u00e9m nos honra muito, ele foi o que deu mais import\u00e2ncia \u00e0 nossa romaria, comparecendo todos os anos<\/strong>\u201d, afirmou.<\/p>\n<p>Em 19 de janeiro deste ano, a Romaria Diocesana Masculina de Jundia\u00ed, a mais antiga da cidade, recebeu do Conselho Municipal de Patrim\u00f4nio Cultural (Compac) o <a href=\"https:\/\/jundiai.sp.gov.br\/noticias\/2016\/03\/30\/romaria-diocesana-recebe-registro-de-patrimonio-imaterial\/\">registro de patrim\u00f4nio imaterial de Jundia\u00ed<\/a>. \u201cEste registro significa muito para n\u00f3s, pois garante a manuten\u00e7\u00e3o desta tradi\u00e7\u00e3o\u201d, ressaltou o diretor social da romaria, Mauro Franchi.<\/p>\n<p>A sa\u00edda dos romeiros tamb\u00e9m foi acompanhada pela secret\u00e1ria de Agricultura, Abastecimento e Turismo, Val\u00e9ria Silveira de Oliveira, e pelos vereadores Marcelo Gastaldo e Gerson Sartori.<\/p>\n<p><em><strong>Viviane Rodrigues<br \/>\nFoto: Cleber de Almeida <\/strong><\/em><\/p>\n","protected":false},"excerpt":{"rendered":"<p>O prefeito compareceu \u00e0 b\u00ean\u00e7\u00e3o de sa\u00edda da 102\u00aa Romaria Diocesana Masculina de Jundia\u00ed ao Santu\u00e1rio de Pirapora do Bom Jesus, realizada na manh\u00e3 deste s\u00e1bado (14) na Igreja da Varginha, pelo padre Jo\u00e3o Batista de Carvalho. \u201cSempre prestigio as romarias, \u00e9 muito bonito ver a religiosidade das pessoas e essa tradi\u00e7\u00e3o sendo seguida na [&hellip;]<\/p>\n","protected":false},"author":10,"featured_media":0,"comment_status":"closed","ping_status":"closed","sticky":false,"template":"","format":"standard","meta":{"footnotes":""},"categories":[2],"tags":[41,256,800,58],"ods":[],"class_list":["post-177045","post","type-post","status-publish","format-standard","hentry","category-noticias","tag-agricultura-abastecimento-e-turismo","tag-conselho-do-patrimonio-cultural-compac","tag-patrimonio-historico-e-cultural","tag-prefeito"],"_links":{"self":[{"href":"https:\/\/jundiai.sp.gov.br\/noticias\/wp-json\/wp\/v2\/posts\/177045","targetHints":{"allow":["GET"]}}],"collection":[{"href":"https:\/\/jundiai.sp.gov.br\/noticias\/wp-json\/wp\/v2\/posts"}],"about":[{"href":"https:\/\/jundiai.sp.gov.br\/noticias\/wp-json\/wp\/v2\/types\/post"}],"author":[{"embeddable":true,"href":"https:\/\/jundiai.sp.gov.br\/noticias\/wp-json\/wp\/v2\/users\/10"}],"replies":[{"embeddable":true,"href":"https:\/\/jundiai.sp.gov.br\/noticias\/wp-json\/wp\/v2\/comments?post=177045"}],"version-history":[{"count":8,"href":"https:\/\/jundiai.sp.gov.br\/noticias\/wp-json\/wp\/v2\/posts\/177045\/revisions"}],"predecessor-version":[{"id":177585,"href":"https:\/\/jundiai.sp.gov.br\/noticias\/wp-json\/wp\/v2\/posts\/177045\/revisions\/177585"}],"wp:attachment":[{"href":"https:\/\/jundiai.sp.gov.br\/noticias\/wp-json\/wp\/v2\/media?parent=177045"}],"wp:term":[{"taxonomy":"category","embeddable":true,"href":"https:\/\/jundiai.sp.gov.br\/noticias\/wp-json\/wp\/v2\/categories?post=177045"},{"taxonomy":"post_tag","embeddable":true,"href":"https:\/\/jundiai.sp.gov.br\/noticias\/wp-json\/wp\/v2\/tags?post=177045"},{"taxonomy":"ods","embeddable":true,"href":"https:\/\/jundiai.sp.gov.br\/noticias\/wp-json\/wp\/v2\/ods?post=177045"}],"curies":[{"name":"wp","href":"https:\/\/api.w.org\/{rel}","templated":true}]}}