{"id":177052,"date":"2016-05-14T15:41:28","date_gmt":"2016-05-14T18:41:28","guid":{"rendered":"https:\/\/jundiai.sp.gov.br\/noticias\/?p=177052"},"modified":"2016-11-04T11:07:44","modified_gmt":"2016-11-04T13:07:44","slug":"olimpiada-de-redacao-volta-a-surpreender-em-jundiai","status":"publish","type":"post","link":"https:\/\/jundiai.sp.gov.br\/noticias\/2016\/05\/14\/olimpiada-de-redacao-volta-a-surpreender-em-jundiai\/","title":{"rendered":"Olimp\u00edada de Reda\u00e7\u00e3o volta a surpreender em Jundia\u00ed"},"content":{"rendered":"<p><strong>Com mais de 3 mil participantes em 2015, a <a href=\"https:\/\/jundiai.sp.gov.br\/noticias\/2016\/05\/12\/biblioteca-lanca-12o-olimpiada-de-redacao-nesta-sexta-13\/\">12\u00aa Olimp\u00edada de Reda\u00e7\u00e3o<\/a> foi lan\u00e7ada nesta sexta-feira (13) pela Prefeitura de Jundia\u00ed com uma cerim\u00f4nia emocionante na Biblioteca P\u00fablica Nelson Foot, no Complexo Argos, onde 60 autores de diversas faixas et\u00e1rias tamb\u00e9m receberam seus kits de livros premiados na 11\u00aa edi\u00e7\u00e3o do evento.<\/strong><\/p>\n<p><a href=\"https:\/\/web.cijun.sp.gov.br\/PMJ\/OL\/Inscrired.aspx\" target=\"_blank\">ENVIE A SUA REDA\u00c7\u00c3O<\/a><iframe loading=\"lazy\" class=\"alignright\" width=\"420\" height=\"315\" src=\"https:\/\/www.youtube.com\/embed\/Pe9Fbkct6bw\" frameborder=\"0\" allowfullscreen><\/iframe><\/p>\n<p>A passagem do tema da rela\u00e7\u00e3o homem-natureza, adotada no ano passado, para o do envelhecimento que vai ser celebrado neste ano contou com atra\u00e7\u00f5es como o Coral do Centro de Conviv\u00eancia do Idoso (Criju), regido por Andr\u00e9 Minutti, com surpresas como a adapta\u00e7\u00e3o de \u201cDeus e Eu no Sert\u00e3o\u201d, de Victor Chaves, e por um cordel bem humorado surgido no curso de literatura do mesmo espa\u00e7o, apresentado por J\u00falia Heimann e Nelma Ara\u00fajo.<\/p>\n<p><a href=\"https:\/\/web.cijun.sp.gov.br\/PMJ\/OL\/reenviored.aspx\" target=\"_blank\">CONFIRA A SITUA\u00c7\u00c3O DA SUA INSCRI\u00c7\u00c3O<\/a><\/p>\n<p>\u201cOs textos selecionados mostram n\u00e3o apenas uma qualidade t\u00e9cnica de reda\u00e7\u00e3o, mas <strong>uma qualidade de conte\u00fado que valoriza todos os participantes em geral<\/strong>\u201d, afirma o secret\u00e1rio de Educa\u00e7\u00e3o, Jos\u00e9 Renato Polli.<\/p>\n<p><a href=\"https:\/\/www.flickr.com\/photos\/prefeituradejundiai\/albums\/72157668395181986\" target=\"_blank\">CONFIRA AS FOTOS<\/a><\/p>\n<p><strong>LEIA TAMB\u00c9M<br \/>\n<a href=\"https:\/\/jundiai.sp.gov.br\/noticias\/2016\/05\/12\/jundiai-feito-a-mao-vem-em-dose-tripla-neste-fim-de-semana\/\">\u2018Jundia\u00ed Feito \u00e0 M\u00e3o\u2019 vem em dose tripla no fim de semana<\/a><\/strong><br \/>\n<strong><a href=\"https:\/\/jundiai.sp.gov.br\/noticias\/2016\/05\/06\/mec-vistoria-terreno-doado-pela-prefeitura-ao-instituto-federal\/\">MEC vistoria terreno doado pela Prefeitura ao Instituto Federal<\/a><\/strong><br \/>\n<strong><a href=\"https:\/\/jundiai.sp.gov.br\/noticias\/2016\/05\/12\/na-pista-certa-orienta-mais-de-duas-mil-criancas\/\">\u2018Na Pista Certa\u2019 orienta mais de duas mil crian\u00e7as da rede municipal<\/a><\/strong><\/p>\n<div id=\"attachment_177054\" style=\"width: 730px\" class=\"wp-caption aligncenter\"><a href=\"https:\/\/jundiai.sp.gov.br\/noticias\/wp-content\/uploads\/sites\/32\/2016\/05\/102\u00ba-Romaria-a-Pirapora_c_26_G-1.jpg\" rel=\"attachment wp-att-177054\"><img loading=\"lazy\" decoding=\"async\" aria-describedby=\"caption-attachment-177054\" class=\"size-large wp-image-177054\" src=\"https:\/\/jundiai.sp.gov.br\/noticias\/wp-content\/uploads\/sites\/32\/2016\/05\/102\u00ba-Romaria-a-Pirapora_c_26_G-1-720x484.jpg\" alt=\"Secret\u00e1rio Jos\u00e9 Renato Polli dicursa na abertura da 12\u00aa Olimp\u00edada de Reda\u00e7\u00e3o\" width=\"720\" height=\"484\" srcset=\"https:\/\/jundiai.sp.gov.br\/noticias\/wp-content\/uploads\/sites\/32\/2016\/05\/102\u00ba-Romaria-a-Pirapora_c_26_G-1-720x484.jpg 720w, https:\/\/jundiai.sp.gov.br\/noticias\/wp-content\/uploads\/sites\/32\/2016\/05\/102\u00ba-Romaria-a-Pirapora_c_26_G-1-300x202.jpg 300w, https:\/\/jundiai.sp.gov.br\/noticias\/wp-content\/uploads\/sites\/32\/2016\/05\/102\u00ba-Romaria-a-Pirapora_c_26_G-1-768x517.jpg 768w, https:\/\/jundiai.sp.gov.br\/noticias\/wp-content\/uploads\/sites\/32\/2016\/05\/102\u00ba-Romaria-a-Pirapora_c_26_G-1.jpg 1240w\" sizes=\"auto, (max-width: 720px) 100vw, 720px\" \/><\/a><p id=\"caption-attachment-177054\" class=\"wp-caption-text\">Secret\u00e1rio Jos\u00e9 Renato Polli dicursa na abertura da 12\u00aa Olimp\u00edada de Reda\u00e7\u00e3o<\/p><\/div>\n<p><strong>Al\u00e9m de certificados e livros, a olimp\u00edada distribui pr\u00eamios em dinheiro que v\u00e3o de R$ 2.455,30 para o primeiro colocado de cada categoria a R$ 250 no 12\u00ba classificado. O tema oficial \u00e9 \u201cDo que se lembram meus av\u00f3s: o papel do idoso na constru\u00e7\u00e3o da hist\u00f3ria da sociedade\u201d e as inscri\u00e7\u00f5es podem ser feitas at\u00e9 15 de agosto. Podem participar residentes em Jundia\u00ed e regi\u00e3o nos g\u00eaneros orientados para as cinco categorias de pr\u00e9-mirim (seis a sete anos), mirim (oito a dez anos), infantil (11 a 14 anos), juvenil (15 a 17 anos) e adulta (acima de 18 anos).<\/strong><\/p>\n<p>A <a href=\"http:\/\/www.jundiai.sp.leg.br\/\" target=\"_blank\">C\u00e2mara Municipal<\/a> esteve representada pela vereadora Marilena Negro, que destacou a import\u00e2ncia dos temas escolhidos pelo evento. Participaram ainda a diretora de fomento \u00e0 leitura e respons\u00e1vel pela biblioteca p\u00fablica, Leila Cassote, e a titular da Coordenadoria do Idoso, Cl\u00e1udia Sartori.<\/p>\n<p><strong>Incentivo<\/strong><br \/>\nPara Tiago Vertuan, pai do pequeno escritor Caio Silva Vertuan (3\u00ba lugar na categoria pr\u00e9-mirim em 2015, aos 7 anos, com uma fic\u00e7\u00e3o sobre uma crise h\u00eddrica resolvida com ajuda de uma fada e do bom senso), a Olimp\u00edada de Reda\u00e7\u00e3o \u00e9 uma ferramenta de est\u00edmulo. \u201cSomos um pa\u00eds que ainda precisa valorizar mais a cultura\u201d, destacou. J\u00e1 o filho estudante lembrou do incentivo da professora Anelise, da Escola Objetivo.<\/p>\n<p>Estudantes das redes municipal, estadual ou particular foram premiados, assim como moradores em geral. Para Endy Hassegawa Miyamoto (12\u00ba lugar na categoria juvenil em 2015), o incentivo para a leitura e escrita sempre foram incentivados pela m\u00e3e e os temas do evento s\u00e3o tamb\u00e9m estimulantes. Ela fez uma reda\u00e7\u00e3o sobre uma amiga que nunca retribu\u00eda os presentes que recebia para falar do relacionamento da humanidade com a natureza. Estudante da Escola T\u00e9cnica Benedito Storani no ano passado, sua meta \u00e9 agora tentar a medicina.<\/p>\n<p>De acordo com a professora Mara L\u00edgia Biancardi, da comiss\u00e3o organizadora, o exerc\u00edcio mais importante do evento \u00e9 n\u00e3o tentar escrever apenas racionalmente \u201cmas com a alma, como nos ensinam nossos melhores escritores da l\u00edngua portuguesa\u201d com cita\u00e7\u00f5es de poema referente aos gri\u00f4s, os experientes s\u00e1bios de v\u00e1rias culturas.<\/p>\n<div id=\"attachment_177053\" style=\"width: 730px\" class=\"wp-caption aligncenter\"><a href=\"https:\/\/jundiai.sp.gov.br\/noticias\/wp-content\/uploads\/sites\/32\/2016\/05\/DPF2618_G.jpg\" rel=\"attachment wp-att-177053\"><img loading=\"lazy\" decoding=\"async\" aria-describedby=\"caption-attachment-177053\" class=\"size-large wp-image-177053\" src=\"https:\/\/jundiai.sp.gov.br\/noticias\/wp-content\/uploads\/sites\/32\/2016\/05\/DPF2618_G-720x516.jpg\" alt=\"Autores premiados na edi\u00e7\u00e3o do ano passado receberam kits de livros\" width=\"720\" height=\"516\" srcset=\"https:\/\/jundiai.sp.gov.br\/noticias\/wp-content\/uploads\/sites\/32\/2016\/05\/DPF2618_G-720x516.jpg 720w, https:\/\/jundiai.sp.gov.br\/noticias\/wp-content\/uploads\/sites\/32\/2016\/05\/DPF2618_G-300x215.jpg 300w, https:\/\/jundiai.sp.gov.br\/noticias\/wp-content\/uploads\/sites\/32\/2016\/05\/DPF2618_G-768x551.jpg 768w, https:\/\/jundiai.sp.gov.br\/noticias\/wp-content\/uploads\/sites\/32\/2016\/05\/DPF2618_G.jpg 1240w\" sizes=\"auto, (max-width: 720px) 100vw, 720px\" \/><\/a><p id=\"caption-attachment-177053\" class=\"wp-caption-text\">Autores premiados na edi\u00e7\u00e3o do ano passado receberam kits de livros<\/p><\/div>\n<p><strong>Humanismo<\/strong><br \/>\n<strong>O secret\u00e1rio Jos\u00e9 Renato Polli lembra que a literatura une profundamente tanto a cultura como a pr\u00f3pria educa\u00e7\u00e3o. E a Olimp\u00edada de Reda\u00e7\u00e3o, criada em 2004 e consolidada em Jundia\u00ed, \u00e9 parte de um esfor\u00e7o maior que tem valorizado uma educa\u00e7\u00e3o mais humanista e n\u00e3o apenas t\u00e9cnica, com \u00eanfase na reflex\u00e3o e na forma\u00e7\u00e3o de valores.<\/strong><\/p>\n<p>Somente na rede municipal <strong>s\u00e3o 33 mil alunos da educa\u00e7\u00e3o b\u00e1sica e outros 2 mil nas \u00e1reas de jovens e adultos, inform\u00e1tica e l\u00ednguas. Al\u00e9m de uniformes e kits de material did\u00e1tico, abrange inova\u00e7\u00f5es como a parceria com a Funda\u00e7\u00e3o Siemens para os kits de ci\u00eancia aos educadores e a coopera\u00e7\u00e3o com diversas pastas como a Coordenadoria do Idoso, a Coordenadoria da Pessoa com Defici\u00eancia e outras. Os investimentos em reformas e amplia\u00e7\u00f5es f\u00edsicas das escolas tamb\u00e9m s\u00e3o outro destaque.<\/strong><\/p>\n<p>Os resultados mais objetivos s\u00e3o pontos como a alta da m\u00e9dia geral da cidade no <a href=\"https:\/\/jundiai.sp.gov.br\/noticias\/2014\/09\/05\/educacao-avanca-e-supera-media-nacional-do-ideb\/\">\u00cdndice de Desenvolvimento da Educa\u00e7\u00e3o B\u00e1sica (Ideb)<\/a> na avalia\u00e7\u00e3o mais recente, o quinto lugar nacional no ranking organizado pela Funda\u00e7\u00e3o Roberto Marinho e at\u00e9 mesmo o papel fundamental da educa\u00e7\u00e3o no terceiro lugar alcan\u00e7ado por Jundia\u00ed entre as melhores cidades brasileiras para se viver.<\/p>\n<p>Mas \u00e9 nos resultados menos aritm\u00e9ticos que o trabalho de Jundia\u00ed vem crescendo sem tanto alarde na sua opini\u00e3o. \u201cA ades\u00e3o da comunidade aos programas da \u00e1rea \u00e9 muito expressiva. Gostar\u00edamos de ver as inscri\u00e7\u00f5es ultrapassarem os 4 mil participantes neste ano. Neste momento do pa\u00eds \u00e9 essencial refor\u00e7armos valores como a educa\u00e7\u00e3o e a cultura\u201d, afirma o secret\u00e1rio.<\/p>\n<p><em><strong>Jos\u00e9 Arnaldo de Oliveira<br \/>\nFotos: Dorival Pinheiro Filho <\/strong><\/em><\/p>\n","protected":false},"excerpt":{"rendered":"<p>Inscri\u00e7\u00f5es podem ser feitas at\u00e9 15 de agosto. Secretaria de Educa\u00e7\u00e3o espera ultrapassar 4 mil participantes  <\/p>\n","protected":false},"author":10,"featured_media":177058,"comment_status":"closed","ping_status":"closed","sticky":false,"template":"","format":"standard","meta":{"footnotes":""},"categories":[2],"tags":[873,505,419,6,644],"ods":[],"class_list":["post-177052","post","type-post","status-publish","format-standard","has-post-thumbnail","hentry","category-noticias","tag-12a-olimpiada-de-redacao","tag-biblioteca-municipal-professor-nelson-foot","tag-complexo-argos","tag-educacao","tag-olimpiada-de-redacao"],"_links":{"self":[{"href":"https:\/\/jundiai.sp.gov.br\/noticias\/wp-json\/wp\/v2\/posts\/177052","targetHints":{"allow":["GET"]}}],"collection":[{"href":"https:\/\/jundiai.sp.gov.br\/noticias\/wp-json\/wp\/v2\/posts"}],"about":[{"href":"https:\/\/jundiai.sp.gov.br\/noticias\/wp-json\/wp\/v2\/types\/post"}],"author":[{"embeddable":true,"href":"https:\/\/jundiai.sp.gov.br\/noticias\/wp-json\/wp\/v2\/users\/10"}],"replies":[{"embeddable":true,"href":"https:\/\/jundiai.sp.gov.br\/noticias\/wp-json\/wp\/v2\/comments?post=177052"}],"version-history":[{"count":14,"href":"https:\/\/jundiai.sp.gov.br\/noticias\/wp-json\/wp\/v2\/posts\/177052\/revisions"}],"predecessor-version":[{"id":185533,"href":"https:\/\/jundiai.sp.gov.br\/noticias\/wp-json\/wp\/v2\/posts\/177052\/revisions\/185533"}],"wp:featuredmedia":[{"embeddable":true,"href":"https:\/\/jundiai.sp.gov.br\/noticias\/wp-json\/wp\/v2\/media\/177058"}],"wp:attachment":[{"href":"https:\/\/jundiai.sp.gov.br\/noticias\/wp-json\/wp\/v2\/media?parent=177052"}],"wp:term":[{"taxonomy":"category","embeddable":true,"href":"https:\/\/jundiai.sp.gov.br\/noticias\/wp-json\/wp\/v2\/categories?post=177052"},{"taxonomy":"post_tag","embeddable":true,"href":"https:\/\/jundiai.sp.gov.br\/noticias\/wp-json\/wp\/v2\/tags?post=177052"},{"taxonomy":"ods","embeddable":true,"href":"https:\/\/jundiai.sp.gov.br\/noticias\/wp-json\/wp\/v2\/ods?post=177052"}],"curies":[{"name":"wp","href":"https:\/\/api.w.org\/{rel}","templated":true}]}}