{"id":177080,"date":"2016-05-14T21:14:25","date_gmt":"2016-05-15T00:14:25","guid":{"rendered":"https:\/\/jundiai.sp.gov.br\/noticias\/?p=177080"},"modified":"2020-11-05T08:57:49","modified_gmt":"2020-11-05T11:57:49","slug":"prefeitura-devolve-escadao-revitalizado-a-populacao","status":"publish","type":"post","link":"https:\/\/jundiai.sp.gov.br\/noticias\/2016\/05\/14\/prefeitura-devolve-escadao-revitalizado-a-populacao\/","title":{"rendered":"Prefeitura devolve \u2018Escad\u00e3o\u2019 revitalizado \u00e0 popula\u00e7\u00e3o"},"content":{"rendered":"<p><strong>Mais um espa\u00e7o p\u00fablico resgatado e devolvido \u00e0 popula\u00e7\u00e3o. Ap\u00f3s anos de abandono, a Esplanada do Monte Castelo, conhecida como Escad\u00e3o, foi reinaugurada neste s\u00e1bado (14) pelo prefeito, acompanhado da primeira-dama e presidente do Fundo Social de Solidariedade, Margarete Geraldo Bigardi, e da filha Patr\u00edcia. <\/strong><\/p>\n<p><a href=\"https:\/\/www.flickr.com\/photos\/prefeituradejundiai\/sets\/72157665965491184\" target=\"_blank\" rel=\"noopener noreferrer\">CONFIRA AS FOTOS<\/a><\/p>\n<p>A partir de projeto desenvolvido pela Secretaria de Planejamento e Meio Ambiente, <strong>o espa\u00e7o de 3,4 mil m\u00b2 foi totalmente reformado, sem custos ao or\u00e7amento municipal, por meio de contrapartida da empresa MPD, dentro dos processos de Estudo de Impacto de Vizinhan\u00e7a (EIV)<\/strong>.<\/p>\n<p>Com a reforma, o local ganhou <strong>acessibilidade total e se transformou em mais um espa\u00e7o de conv\u00edvio para a popula\u00e7\u00e3o. Mirantes, mini-pra\u00e7as com mobili\u00e1rio urbano, ilumina\u00e7\u00e3o e paisagismo comp\u00f5em a revitaliza\u00e7\u00e3o<\/strong>.<\/p>\n<p><strong>LEIA TAMB\u00c9M<\/strong><br \/>\n<a href=\"https:\/\/jundiai.sp.gov.br\/noticias\/2016\/05\/11\/novo-escadao-inaugura-com-avancos-urbanisticos-em-jundiai\/\">Novo Escad\u00e3o conta com avan\u00e7os urban\u00edsticos<\/a><br \/>\n<a href=\"https:\/\/jundiai.sp.gov.br\/noticias\/2016\/05\/14\/atracoes-culturais-marcam-reabertura-do-escadao\/?preview=true\">Atra\u00e7\u00f5es culturais marcam reabertura do Escad\u00e3o<\/a><\/p>\n<div id=\"attachment_177084\" style=\"width: 730px\" class=\"wp-caption aligncenter\"><a href=\"https:\/\/jundiai.sp.gov.br\/noticias\/wp-content\/uploads\/sites\/32\/2016\/05\/Reinauguracao-Escadao_c_213_G.jpg\" rel=\"attachment wp-att-177084\"><img loading=\"lazy\" decoding=\"async\" aria-describedby=\"caption-attachment-177084\" class=\"size-large wp-image-177084\" src=\"https:\/\/jundiai.sp.gov.br\/noticias\/wp-content\/uploads\/sites\/32\/2016\/05\/Reinauguracao-Escadao_c_213_G-720x545.jpg\" alt=\"No discurso de inaugura\u00e7\u00e3o, o prefeito citou a import\u00e2ncia de revitalizar o Centro\" width=\"720\" height=\"545\" srcset=\"https:\/\/jundiai.sp.gov.br\/noticias\/wp-content\/uploads\/sites\/32\/2016\/05\/Reinauguracao-Escadao_c_213_G-720x545.jpg 720w, https:\/\/jundiai.sp.gov.br\/noticias\/wp-content\/uploads\/sites\/32\/2016\/05\/Reinauguracao-Escadao_c_213_G-300x227.jpg 300w, https:\/\/jundiai.sp.gov.br\/noticias\/wp-content\/uploads\/sites\/32\/2016\/05\/Reinauguracao-Escadao_c_213_G-768x582.jpg 768w, https:\/\/jundiai.sp.gov.br\/noticias\/wp-content\/uploads\/sites\/32\/2016\/05\/Reinauguracao-Escadao_c_213_G.jpg 1240w\" sizes=\"auto, (max-width: 720px) 100vw, 720px\" \/><\/a><p id=\"caption-attachment-177084\" class=\"wp-caption-text\">No discurso de inaugura\u00e7\u00e3o, o prefeito citou a import\u00e2ncia de revitalizar o Centro<\/p><\/div>\n<p>Durante a reinaugura\u00e7\u00e3o, o prefeito ressaltou tr\u00eas aspectos que sintetizam a reabertura do Escad\u00e3o, que s\u00e3o <strong>o cuidado com o patrim\u00f4nio hist\u00f3rico e cultural, a ocupa\u00e7\u00e3o dos espa\u00e7os p\u00fablicos pelas pessoas e a import\u00e2ncia de projetar a cidade para o futuro<\/strong>. \u201cTodo governo tem de pensar e preservar sua hist\u00f3ria e neste local tem muita hist\u00f3ria para ser contada. Portanto, \u00e9 um patrim\u00f4nio que precisa ser preservado e o que se v\u00ea aqui \u00e9 uma preserva\u00e7\u00e3o plena, assim como foi feito com a <a href=\"https:\/\/jundiai.sp.gov.br\/noticias\/2015\/12\/13\/emocao-marca-entrega-da-revitalizacao-da-ponte-torta\/\">Ponte Torta<\/a>. Em segundo, \u00e9 preciso ocupar estes espa\u00e7os p\u00fablicos com pessoas, assim como na <a href=\"https:\/\/jundiai.sp.gov.br\/noticias\/2016\/04\/30\/moradores-aprovam-revitalizacao-da-praca-do-vianelo\/\">Pra\u00e7a do Vianelo<\/a>, no\u00a0<a href=\"https:\/\/jundiai.sp.gov.br\/noticias\/2016\/05\/09\/sexta-no-centro-de-maio-contempla-diversidade-musical\/\">Sexta no Centro<\/a> e v\u00e1rios outros locais revitalizados voltados ao conv\u00edvio das pessoas. E, por \u00faltimo, \u00e9 preciso projetar a cidade para o futuro e \u00e9 o que estamos fazendo por meio de grandes obras como o BRT (tr\u00e2nsito r\u00e1pido por \u00f4nibus), as <a href=\"https:\/\/jundiai.sp.gov.br\/noticias\/2016\/04\/20\/prefeito-diz-que-alcas-sao-maior-conquista-em-35-anos\/\">al\u00e7as da Anhanguera<\/a> nas entradas da cidade, o <a href=\"https:\/\/jundiai.sp.gov.br\/noticias\/2016\/04\/27\/prefeitura-aproxima-parque-tecnologico-do-ciesp\/\">Parque Tecnol\u00f3gico<\/a>, o moderno sistema de tratamento de lixo em <a href=\"https:\/\/jundiai.sp.gov.br\/noticias\/2015\/11\/26\/jundiai-se-prepara-para-novo-projeto-em-parceria-com-alemanha\/\">parceria com a Alemanha<\/a>. Por\u00e9m, n\u00e3o se tem futuro sem pessoas e respeito m\u00fatuo\u201d, frisou.<\/p>\n<p>A secret\u00e1ria de Planejamento e Meio Ambiente, Daniela da C\u00e2mara Sutti, destacou o resgate dos espa\u00e7os p\u00fablicos e da import\u00e2ncia dada ao patrim\u00f4nio hist\u00f3rico por esta administra\u00e7\u00e3o.<\/p>\n<p>\u201cMuitas pessoas aqui hoje rememoram hist\u00f3rias de vida e do passado, o que mostra a import\u00e2ncia do resgate destes espa\u00e7os para a cidade. \u00c9 um trabalho que vem sendo feito desde 2013, com a Sexta no Centro, o Urbanismo Caminh\u00e1vel, a nova programa\u00e7\u00e3o do <a href=\"http:\/\/cultura.jundiai.sp.gov.br\/espacos-culturais\/teatro-polytheama\/\" target=\"_blank\" rel=\"noopener noreferrer\">Teatro Polytheama<\/a>, a recupera\u00e7\u00e3o da Ponte Torta e da Esplanada Monte Castelo. S\u00e3o v\u00e1rias a\u00e7\u00f5es em t\u00e3o pouco tempo que est\u00e3o resgatando o Centro Hist\u00f3rico. \u00c9 um prazer fazer parte deste governo que ajuda transformar a cidade para todas as pessoas.\u201d<\/p>\n<p>Para o vereador Gerson Sartori, que representou a C\u00e2mara Municipal, a entrega do novo Escad\u00e3o representa um marco para Jundia\u00ed. \u201cComo vereador e jundiaiense, \u00e9 uma satisfa\u00e7\u00e3o ver um espa\u00e7o lindo como este sendo entregue \u00e0 popula\u00e7\u00e3o, valorizando ainda mais o Centro e a C\u00e2mara Municipal.\u201d<\/p>\n<p>O vice-presidente da construtora MPD, Mauro Santi, falou da satisfa\u00e7\u00e3o de participar do projeto, juntamente com a Prefeitura. \u201c\u00c9 gratificante recuperar esta \u00e1rea e entregar \u00e0 popula\u00e7\u00e3o. O espa\u00e7o ficou muito bonito. Foi um projeto que deu muito trabalho, mas valeu a pena.\u201d<\/p>\n<p><strong>O p\u00fablico que compareceu \u00e0 reinaugura\u00e7\u00e3o aprovou o novo espa\u00e7o.<\/strong> O casal Cl\u00e1udio Massotti, de 68 anos, e Odete Lopes Massotti, de 65, mora na Ponte S\u00e3o Jo\u00e3o e foi especialmente para prestigiar a reinaugura\u00e7\u00e3o da Esplanada Monte Castelo. \u201c<strong>H\u00e1 40 anos, o Escad\u00e3o era muito bom, mas depois ficou completamente abandonado. A Prefeitura est\u00e1 de parab\u00e9ns pela iniciativa. \u00c9 uma maravilha ver este espa\u00e7o todo revitalizado. Viemos ver como ficou e constatamos que mudou para muito melhor<\/strong>\u201d, afirmou Cl\u00e1udio.<\/p>\n<div id=\"attachment_177082\" style=\"width: 730px\" class=\"wp-caption aligncenter\"><a href=\"https:\/\/jundiai.sp.gov.br\/noticias\/wp-content\/uploads\/sites\/32\/2016\/05\/Reinauguracao-Escadao_c_28_G.jpg\" rel=\"attachment wp-att-177082\"><img loading=\"lazy\" decoding=\"async\" aria-describedby=\"caption-attachment-177082\" class=\"size-large wp-image-177082\" src=\"https:\/\/jundiai.sp.gov.br\/noticias\/wp-content\/uploads\/sites\/32\/2016\/05\/Reinauguracao-Escadao_c_28_G-720x509.jpg\" alt=\"O prefeito Pedro Bigardi ao lado da mulher Margarete e da filha Patr\u00edcia na chegada ao Escad\u00e3o\" width=\"720\" height=\"509\" srcset=\"https:\/\/jundiai.sp.gov.br\/noticias\/wp-content\/uploads\/sites\/32\/2016\/05\/Reinauguracao-Escadao_c_28_G-720x509.jpg 720w, https:\/\/jundiai.sp.gov.br\/noticias\/wp-content\/uploads\/sites\/32\/2016\/05\/Reinauguracao-Escadao_c_28_G-300x212.jpg 300w, https:\/\/jundiai.sp.gov.br\/noticias\/wp-content\/uploads\/sites\/32\/2016\/05\/Reinauguracao-Escadao_c_28_G-768x543.jpg 768w, https:\/\/jundiai.sp.gov.br\/noticias\/wp-content\/uploads\/sites\/32\/2016\/05\/Reinauguracao-Escadao_c_28_G.jpg 1240w\" sizes=\"auto, (max-width: 720px) 100vw, 720px\" \/><\/a><p id=\"caption-attachment-177082\" class=\"wp-caption-text\">O prefeito ao lado da mulher Margarete e da filha Patr\u00edcia na chegada ao Escad\u00e3o<\/p><\/div>\n<p><strong>Diferencial<\/strong><br \/>\n<strong>O grande diferencial da reforma \u00e9 a acessibilidade universal permitida pelas rampas que ligam a parte baixa, na rua Vig\u00e1rio J.J. Rodrigues, com a parte alta, na rua Bar\u00e3o de Jundia\u00ed, em inclina\u00e7\u00e3o m\u00e1xima de sete graus.<\/strong><\/p>\n<p>Por rampas ou degraus, <strong>os diversos n\u00edveis da Esplanada receberam mirantes, bancos e pequenos postes com fotos antigas impressas em cer\u00e2mica, como usados na vizinha Ponte Torta, formando um circuito com a Argos e com o corredor cultural da rua Bar\u00e3o<\/strong>.<\/p>\n<p>Os diversos volumes surgidos entre rampas e escadarias, al\u00e9m de mudarem a percep\u00e7\u00e3o do morro, que chega a ter 15 metros de diferen\u00e7a entre seus extremos, tamb\u00e9m oferecem uma boa experi\u00eancia para os visitantes.<\/p>\n<p><strong>At\u00e9 mesmo as lumin\u00e1rias instaladas no local, que de determinados \u00e2ngulos lembram capacetes, dialogam com a origem do local, urbanizado como Esplanada Monte Castelo nos anos 40 em homenagem aos soldados jundiaienses que lutaram na 2\u00aa Guerra Mundial<\/strong>.<\/p>\n<p>Com seus 120 degraus, o Escad\u00e3o tem origem no ano de 1927. Posteriormente, na d\u00e9cada de 1940, o chamado \u201cMorro do Grupo\u201d recebeu a urbaniza\u00e7\u00e3o que homenageou os soldados jundiaienses que lutaram na 2\u00aa Guerra Mundial (incluindo o obelisco atualmente como parte da escola estadual).<\/p>\n<p><strong>Revitaliza\u00e7\u00e3o do Centro<\/strong><br \/>\n<strong>A reforma da Esplanada do Monte Castelo \u00e9 mais uma interven\u00e7\u00e3o da Prefeitura de Jundia\u00ed prevista no programa de Revitaliza\u00e7\u00e3o do Centro. Desde 2013 foram implementadas a reforma de parte da antiga Fratellanza Italiana (Casa de Sa\u00fade) para o PA Central 24 Horas, a reforma nas pra\u00e7as Dom Pedro II, S\u00e3o Bento e Antonio Frederico Ozanan, a cria\u00e7\u00e3o do programa Sexta no Centro, a nova ilumina\u00e7\u00e3o nas pra\u00e7as Governador Pedro de Toledo e Marechal Floriano Peixoto e a reforma do pr\u00e9dio da pra\u00e7a dos Andradas, do Centro das Artes, entre outras.<\/strong><\/p>\n<p>Tamb\u00e9m foram implementados o projeto-piloto Urbanismo Caminh\u00e1vel e o trabalho participativo de restauro, como monumento \u00e0 mem\u00f3ria da cidade, da Ponte Torta.<\/p>\n<div id=\"attachment_177085\" style=\"width: 730px\" class=\"wp-caption aligncenter\"><a href=\"https:\/\/jundiai.sp.gov.br\/noticias\/wp-content\/uploads\/sites\/32\/2016\/05\/Reinauguracao-Escadao_c_141_G.jpg\" rel=\"attachment wp-att-177085\"><img loading=\"lazy\" decoding=\"async\" aria-describedby=\"caption-attachment-177085\" class=\"size-large wp-image-177085\" src=\"https:\/\/jundiai.sp.gov.br\/noticias\/wp-content\/uploads\/sites\/32\/2016\/05\/Reinauguracao-Escadao_c_141_G-720x494.jpg\" alt=\"Novo Escad\u00e3o: olhar o futuro com respeito ao passado \" width=\"720\" height=\"494\" srcset=\"https:\/\/jundiai.sp.gov.br\/noticias\/wp-content\/uploads\/sites\/32\/2016\/05\/Reinauguracao-Escadao_c_141_G-720x494.jpg 720w, https:\/\/jundiai.sp.gov.br\/noticias\/wp-content\/uploads\/sites\/32\/2016\/05\/Reinauguracao-Escadao_c_141_G-300x206.jpg 300w, https:\/\/jundiai.sp.gov.br\/noticias\/wp-content\/uploads\/sites\/32\/2016\/05\/Reinauguracao-Escadao_c_141_G-768x526.jpg 768w, https:\/\/jundiai.sp.gov.br\/noticias\/wp-content\/uploads\/sites\/32\/2016\/05\/Reinauguracao-Escadao_c_141_G.jpg 1240w\" sizes=\"auto, (max-width: 720px) 100vw, 720px\" \/><\/a><p id=\"caption-attachment-177085\" class=\"wp-caption-text\">Novo Escad\u00e3o: olhar o futuro com respeito ao passado<\/p><\/div>\n<p>Participaram da reabertura do Escad\u00e3o os vereadores Jos\u00e9 Adair de Souza, Jos\u00e9 Ferreira Dias, Rafael Purgato e Nelson Crepaldi; os secret\u00e1rios de <a href=\"http:\/\/cultura.jundiai.sp.gov.br\/\" target=\"_blank\" rel=\"noopener noreferrer\">Cultura<\/a>, Jean Camoleze; de Agricultura, Abastecimento e Turismo, Val\u00e9ria Silveira de Oliveira; de Servi\u00e7os P\u00fablicos, Aguinaldo Leite; de Administra\u00e7\u00e3o e Gest\u00e3o, Denis Crupe; de Neg\u00f3cios Jur\u00eddicos, Edson Aparecido da Rocha; de Educa\u00e7\u00e3o, Jos\u00e9 Renato Polli; de Sa\u00fade, Luis Carlos Casarin; de Gest\u00e3o de Pessoas, Mari Fornari Marinho; de Transportes, Wilson Folgozi; de Assist\u00eancia e Desenvolvimeto Social (Semads), Giany P\u00f3voa; o diretor-presidente da <a href=\"http:\/\/www.cijun.sp.gov.br\/\" target=\"_blank\" rel=\"noopener noreferrer\">Companhia de Inform\u00e1tica de Jundia\u00ed (Cijun)<\/a>, Gilberto Novaes; o coordenador do Gabinete de Gest\u00e3o Integrada Municipal (GGIM), Jos\u00e9 Carlos Pires; do comandante da Guarda Municipal, Jos\u00e9 Roberto Ferraz; o superintendente da TVE Jundia\u00ed, Thiago Godinho; o assessor especial para Assuntos das Coordenadorias, Vanderlei Victorino; e os titulares das coordenadorias dos Direitos da Pessoa com Defici\u00eancia, Alceb\u00edades do Nascimento da Silva J\u00fanior; do Idoso, Claudia Sartori; e da Juventude, Narrinam Camargo Lima.<\/p>\n<p><em><strong>Viviane Rodrigues<br \/>\nFotos: Cleber de Almeida <\/strong><\/em><\/p>\n","protected":false},"excerpt":{"rendered":"<p>Espa\u00e7o hist\u00f3rico da cidade, com 3,4 mil m\u00b2, foi totalmente reformado, sem custos ao or\u00e7amento municipal <\/p>\n","protected":false},"author":5,"featured_media":177096,"comment_status":"closed","ping_status":"closed","sticky":false,"template":"","format":"standard","meta":{"footnotes":""},"categories":[2],"tags":[888,695,32,58],"ods":[],"class_list":["post-177080","post","type-post","status-publish","format-standard","has-post-thumbnail","hentry","category-noticias","tag-escadao","tag-estudo-de-impacto-de-vizinhanca-eiv","tag-planejamento-e-meio-ambiente","tag-prefeito"],"_links":{"self":[{"href":"https:\/\/jundiai.sp.gov.br\/noticias\/wp-json\/wp\/v2\/posts\/177080","targetHints":{"allow":["GET"]}}],"collection":[{"href":"https:\/\/jundiai.sp.gov.br\/noticias\/wp-json\/wp\/v2\/posts"}],"about":[{"href":"https:\/\/jundiai.sp.gov.br\/noticias\/wp-json\/wp\/v2\/types\/post"}],"author":[{"embeddable":true,"href":"https:\/\/jundiai.sp.gov.br\/noticias\/wp-json\/wp\/v2\/users\/5"}],"replies":[{"embeddable":true,"href":"https:\/\/jundiai.sp.gov.br\/noticias\/wp-json\/wp\/v2\/comments?post=177080"}],"version-history":[{"count":23,"href":"https:\/\/jundiai.sp.gov.br\/noticias\/wp-json\/wp\/v2\/posts\/177080\/revisions"}],"predecessor-version":[{"id":257480,"href":"https:\/\/jundiai.sp.gov.br\/noticias\/wp-json\/wp\/v2\/posts\/177080\/revisions\/257480"}],"wp:featuredmedia":[{"embeddable":true,"href":"https:\/\/jundiai.sp.gov.br\/noticias\/wp-json\/wp\/v2\/media\/177096"}],"wp:attachment":[{"href":"https:\/\/jundiai.sp.gov.br\/noticias\/wp-json\/wp\/v2\/media?parent=177080"}],"wp:term":[{"taxonomy":"category","embeddable":true,"href":"https:\/\/jundiai.sp.gov.br\/noticias\/wp-json\/wp\/v2\/categories?post=177080"},{"taxonomy":"post_tag","embeddable":true,"href":"https:\/\/jundiai.sp.gov.br\/noticias\/wp-json\/wp\/v2\/tags?post=177080"},{"taxonomy":"ods","embeddable":true,"href":"https:\/\/jundiai.sp.gov.br\/noticias\/wp-json\/wp\/v2\/ods?post=177080"}],"curies":[{"name":"wp","href":"https:\/\/api.w.org\/{rel}","templated":true}]}}