{"id":177098,"date":"2016-05-14T21:27:26","date_gmt":"2016-05-15T00:27:26","guid":{"rendered":"https:\/\/jundiai.sp.gov.br\/noticias\/?p=177098"},"modified":"2016-11-04T10:53:32","modified_gmt":"2016-11-04T12:53:32","slug":"atracoes-culturais-marcam-reabertura-do-escadao","status":"publish","type":"post","link":"https:\/\/jundiai.sp.gov.br\/noticias\/2016\/05\/14\/atracoes-culturais-marcam-reabertura-do-escadao\/","title":{"rendered":"Atra\u00e7\u00f5es culturais marcam reabertura do Escad\u00e3o"},"content":{"rendered":"<p><strong>Shows musicais, interven\u00e7\u00f5es art\u00edsticas e feira de gastronomia e artesanato marcaram a <a href=\"https:\/\/jundiai.sp.gov.br\/noticias\/2016\/05\/14\/bigardi-devolve-escadao-revitalizado-a-populacao\/\">reabertura da Esplanada Monte Castelo, o Escad\u00e3o<\/a>, neste s\u00e1bado (14). O evento, em parceria com as secretarias de Cultura e Agricultura, Abastecimento e Turismo, presenteou o p\u00fablico com apresenta\u00e7\u00f5es de <a href=\"https:\/\/www.facebook.com\/mmaresia?fref=ts\" target=\"_blank\">Maresia Blues Trio<\/a> e Quarteto no Choro, pra\u00e7a de alimenta\u00e7\u00e3o com a presen\u00e7a do <a href=\"http:\/\/turismo.jundiai.sp.gov.br\/servicos\/varejoes-noturnos\/\" target=\"_blank\">Varej\u00e3o Noturno<\/a> e feira de artesanato do programa <a href=\"http:\/\/turismo.jundiai.sp.gov.br\/atrativos\/artesanato-jundiai-feito-a-mao\/\" target=\"_blank\">Jundia\u00ed Feito \u00e0 M\u00e3o<\/a>.<\/strong><\/p>\n<p><a href=\"https:\/\/www.flickr.com\/photos\/prefeituradejundiai\/sets\/72157665965491184\" target=\"_blank\">CONFIRA AS FOTOS<\/a><\/p>\n<p><strong>LEIA TAMB\u00c9M<\/strong><br \/>\n<a href=\"https:\/\/jundiai.sp.gov.br\/noticias\/2016\/05\/13\/uma-virada-jundiai-para-dar-agua-na-boca\/\">Uma \u2018Virada\u2019 para dar \u00e1gua na boca do jundiaiense<\/a><br \/>\n<a href=\"https:\/\/jundiai.sp.gov.br\/noticias\/2016\/05\/14\/bigardi-marca-presenca-na-102a-romaria-diocesana-masculina\/\">Bigardi marca presen\u00e7a na 102\u00aa Romaria Diocesana Masculina<\/a><\/p>\n<div id=\"attachment_177099\" style=\"width: 730px\" class=\"wp-caption aligncenter\"><a href=\"https:\/\/jundiai.sp.gov.br\/noticias\/wp-content\/uploads\/sites\/32\/2016\/05\/Reinauguracao-Escadao_c_77_G.jpg\" rel=\"attachment wp-att-177099\"><img loading=\"lazy\" decoding=\"async\" aria-describedby=\"caption-attachment-177099\" class=\"size-large wp-image-177099\" src=\"https:\/\/jundiai.sp.gov.br\/noticias\/wp-content\/uploads\/sites\/32\/2016\/05\/Reinauguracao-Escadao_c_77_G-720x505.jpg\" alt=\"Maresia Blues Trio estreou o palco do novo escad\u00e3o\" width=\"720\" height=\"505\" srcset=\"https:\/\/jundiai.sp.gov.br\/noticias\/wp-content\/uploads\/sites\/32\/2016\/05\/Reinauguracao-Escadao_c_77_G-720x505.jpg 720w, https:\/\/jundiai.sp.gov.br\/noticias\/wp-content\/uploads\/sites\/32\/2016\/05\/Reinauguracao-Escadao_c_77_G-300x210.jpg 300w, https:\/\/jundiai.sp.gov.br\/noticias\/wp-content\/uploads\/sites\/32\/2016\/05\/Reinauguracao-Escadao_c_77_G-768x538.jpg 768w, https:\/\/jundiai.sp.gov.br\/noticias\/wp-content\/uploads\/sites\/32\/2016\/05\/Reinauguracao-Escadao_c_77_G.jpg 1240w\" sizes=\"auto, (max-width: 720px) 100vw, 720px\" \/><\/a><p id=\"caption-attachment-177099\" class=\"wp-caption-text\">Maresia Blues Trio estreou o palco do novo escad\u00e3o<\/p><\/div>\n<p>O trio liderado pelo gaitista Marcio Maresia estreou o palco do novo Escad\u00e3o com o melhor do blues. Como jundiaiense e artista, Maresia falou da satisfa\u00e7\u00e3o de tocar na reabertura do espa\u00e7o. \u201c\u00c9 um lugar que tem muita hist\u00f3ria e, ap\u00f3s a reforma, volta a ser um ponto tur\u00edstico de Jundia\u00ed. \u00c9 uma honra fazer parte deste momento que marca a reabertura do Escad\u00e3o.\u201d<\/p>\n<p>Na sequ\u00eancia foi a vez do Quarteto no Choro apresentar um repert\u00f3rio com cl\u00e1ssicos do g\u00eanero. <strong>O secret\u00e1rio de <a href=\"http:\/\/cultura.jundiai.sp.gov.br\/\" target=\"_blank\">Cultura<\/a>, Jean Camoleze, adiantou que existe um estudo para levar atra\u00e7\u00f5es e projetos culturais ao local, como na <a href=\"http:\/\/pontetorta.jundiai.sp.gov.br\/\" target=\"_blank\">Ponte Torta<\/a> e na Pra\u00e7a da Matriz, com a Sexta no Centro.<\/strong> \u201cO espa\u00e7o deve ser um local de encontro e tamb\u00e9m de atividades culturais em nossa cidade. Este tipo de obra n\u00e3o \u00e9 apenas uma quest\u00e3o do espa\u00e7o f\u00edsico, mas uma constru\u00e7\u00e3o afetiva das pessoas com a sua cidade.\u201d<\/p>\n<p>Entre as atra\u00e7\u00f5es tamb\u00e9m estavam \u201cest\u00e1tuas vivas\u201d, interven\u00e7\u00e3o fotogr\u00e1fica e exibi\u00e7\u00f5es de pequenos filmes de curta-metragem. <strong>A programa\u00e7\u00e3o cultural chamou a aten\u00e7\u00e3o da estudante de arquitetura, Stella Pinheiro, de 27 anos, que levou o filho e os amigos para prestigiar a reabertura do Escad\u00e3o.<\/strong> \u201cMuito legal reabrir o escad\u00e3o com uma programa\u00e7\u00e3o cultura, \u00e9 importante que os espa\u00e7os p\u00fablicos oferecem este tipo de atra\u00e7\u00e3o, como acontece com a Ponte Torta.\u201d<\/p>\n<p><div id=\"attachment_177100\" style=\"width: 410px\" class=\"wp-caption alignleft\"><a href=\"https:\/\/jundiai.sp.gov.br\/noticias\/wp-content\/uploads\/sites\/32\/2016\/05\/Reinauguracao-Escadao_c_4_G.jpg\" rel=\"attachment wp-att-177100\"><img loading=\"lazy\" decoding=\"async\" aria-describedby=\"caption-attachment-177100\" class=\"size-large wp-image-177100\" src=\"https:\/\/jundiai.sp.gov.br\/noticias\/wp-content\/uploads\/sites\/32\/2016\/05\/Reinauguracao-Escadao_c_4_G-720x501.jpg\" alt=\"Programa\u00e7\u00e3o cultural contou com interven\u00e7\u00f5es art\u00edsticas\" width=\"400\" height=\"400\" \/><\/a><p id=\"caption-attachment-177100\" class=\"wp-caption-text\">Programa\u00e7\u00e3o cultural contou com interven\u00e7\u00f5es art\u00edsticas<\/p><\/div>Ao som do blues do gaitista Marcio Maresia, a jornalista Cristina Falasco, de 57 anos, acompanhou a reinaugura\u00e7\u00e3o da Esplanada Monte Castelo com o marido Silv\u00e9rio e os amigos.<\/p>\n<p>\u201cO espa\u00e7o ficou maravilhoso. \u00c9 um trabalho que s\u00f3 merece elogios, pois comp\u00f5e, ao lado do Teatro Polytheama e da Ponte Torta, o nosso patrim\u00f4nio hist\u00f3rico. \u00c9 mais f\u00e1cil destruir e, quando o poder p\u00fablico trabalha para preservar e valorizar a hist\u00f3ria, \u00e9 digno de elogios&#8221;, disse.<\/p>\n<p>&#8220;Sou uma grande defensora do nosso patrim\u00f4nio e fico muito feliz com o que est\u00e1 acontecendo, pois a cidade n\u00e3o come\u00e7ou agora, tem uma passado que precisa ser cuidado com carinho e o prefeito Pedro Bigardi est\u00e1 fazendo isso muito bem\u201d, afirmou.<\/p>\n<p><em><strong>Viviane Rodrigues<br \/>\nFotos: Cleber de Almeida <\/strong><\/em><\/p>\n","protected":false},"excerpt":{"rendered":"<p>Shows musicais, interven\u00e7\u00f5es art\u00edsticas e feira de gastronomia e artesanato marcaram a reabertura da Esplanada Monte Castelo, o Escad\u00e3o, neste s\u00e1bado (14). O evento, em parceria com as secretarias de Cultura e Agricultura, Abastecimento e Turismo, presenteou o p\u00fablico com apresenta\u00e7\u00f5es de Maresia Blues Trio e Quarteto no Choro, pra\u00e7a de alimenta\u00e7\u00e3o com a presen\u00e7a [&hellip;]<\/p>\n","protected":false},"author":10,"featured_media":0,"comment_status":"closed","ping_status":"closed","sticky":false,"template":"","format":"standard","meta":{"footnotes":""},"categories":[2],"tags":[41,29,888,293,320],"ods":[],"class_list":["post-177098","post","type-post","status-publish","format-standard","hentry","category-noticias","tag-agricultura-abastecimento-e-turismo","tag-cultura","tag-escadao","tag-jundiai-feito-a-mao","tag-varejao-noturno"],"_links":{"self":[{"href":"https:\/\/jundiai.sp.gov.br\/noticias\/wp-json\/wp\/v2\/posts\/177098","targetHints":{"allow":["GET"]}}],"collection":[{"href":"https:\/\/jundiai.sp.gov.br\/noticias\/wp-json\/wp\/v2\/posts"}],"about":[{"href":"https:\/\/jundiai.sp.gov.br\/noticias\/wp-json\/wp\/v2\/types\/post"}],"author":[{"embeddable":true,"href":"https:\/\/jundiai.sp.gov.br\/noticias\/wp-json\/wp\/v2\/users\/10"}],"replies":[{"embeddable":true,"href":"https:\/\/jundiai.sp.gov.br\/noticias\/wp-json\/wp\/v2\/comments?post=177098"}],"version-history":[{"count":11,"href":"https:\/\/jundiai.sp.gov.br\/noticias\/wp-json\/wp\/v2\/posts\/177098\/revisions"}],"predecessor-version":[{"id":185461,"href":"https:\/\/jundiai.sp.gov.br\/noticias\/wp-json\/wp\/v2\/posts\/177098\/revisions\/185461"}],"wp:attachment":[{"href":"https:\/\/jundiai.sp.gov.br\/noticias\/wp-json\/wp\/v2\/media?parent=177098"}],"wp:term":[{"taxonomy":"category","embeddable":true,"href":"https:\/\/jundiai.sp.gov.br\/noticias\/wp-json\/wp\/v2\/categories?post=177098"},{"taxonomy":"post_tag","embeddable":true,"href":"https:\/\/jundiai.sp.gov.br\/noticias\/wp-json\/wp\/v2\/tags?post=177098"},{"taxonomy":"ods","embeddable":true,"href":"https:\/\/jundiai.sp.gov.br\/noticias\/wp-json\/wp\/v2\/ods?post=177098"}],"curies":[{"name":"wp","href":"https:\/\/api.w.org\/{rel}","templated":true}]}}