{"id":177110,"date":"2016-05-14T21:12:33","date_gmt":"2016-05-15T00:12:33","guid":{"rendered":"https:\/\/jundiai.sp.gov.br\/noticias\/?p=177110"},"modified":"2016-11-04T10:53:32","modified_gmt":"2016-11-04T12:53:32","slug":"escadao-une-memoria-de-idosos-as-sensacoes-de-jovens","status":"publish","type":"post","link":"https:\/\/jundiai.sp.gov.br\/noticias\/2016\/05\/14\/escadao-une-memoria-de-idosos-as-sensacoes-de-jovens\/","title":{"rendered":"Escad\u00e3o une mem\u00f3ria de idosos \u00e0s sensa\u00e7\u00f5es de jovens"},"content":{"rendered":"<p><strong>Se a escadaria reta ou a rampa sinuosa ligam a parte baixa e a parte alta do antigo \u201cMorro do Grupo\u201d, na nova Esplanada Monte Castelo (Escad\u00e3o), o mesmo ocorre simbolicamente entre a mem\u00f3ria dos idosos e a descoberta dos jovens. Muitos moradores da cidade conheceram, no entardecer do s\u00e1bado (14), o <a href=\"https:\/\/jundiai.sp.gov.br\/noticias\/2016\/05\/14\/bigardi-devolve-escadao-revitalizado-a-populacao\/\">resultado da reforma<\/a>, que durou um ano de trabalho.<\/strong><\/p>\n<p><a href=\"https:\/\/www.flickr.com\/photos\/prefeituradejundiai\/sets\/72157665965491184\" target=\"_blank\">CONFIRA AS FOTOS<\/a><\/p>\n<p>O ex-operador de projetor do Cine Teatro Polytheama, Arthur Gozo, saiu da Ponte S\u00e3o Jo\u00e3o com o filho para conhecer \u2013 e aprovar \u2013 o trabalho no espa\u00e7o que estava abandonado. Aos 90 anos de idade, lembra de cenas curiosas.<\/p>\n<p><a href=\"https:\/\/www.facebook.com\/tvejundiai\/videos\/732397960197059\/\" target=\"_blank\">VEJA COMO FICOU O ESCAD\u00c3O<\/a><\/p>\n<p>\u201c<strong>Antes da urbaniza\u00e7\u00e3o na d\u00e9cada de 1940, muitos usavam uma folha de palmeira ou bananeira para descer escorregando morro<\/strong>\u201d, conta com bom humor. O local tamb\u00e9m era usado pelos mensageiros que corriam para levar rolos de filmes que eram usados por diversas salas de exibi\u00e7\u00e3o no Cine Rep\u00fablica, na Vila Arens.<\/p>\n<p><strong>LEIA TAMB\u00c9M <\/strong><br \/>\n<a href=\"https:\/\/jundiai.sp.gov.br\/noticias\/2016\/05\/13\/uma-virada-jundiai-para-dar-agua-na-boca\/\">Uma \u2018Virada\u2019 para dar \u00e1gua na boca do jundiaiense<\/a><br \/>\n<a href=\"https:\/\/jundiai.sp.gov.br\/noticias\/2016\/05\/12\/grupo-de-whatsapp-e-aliado-no-combate-a-incendios-na-serra-do-japi\/\">Grupo de WhatsApp \u00e9 aliado no combate a inc\u00eandios na Serra do Japi<\/a><\/p>\n<div id=\"attachment_177112\" style=\"width: 730px\" class=\"wp-caption aligncenter\"><a href=\"https:\/\/jundiai.sp.gov.br\/noticias\/wp-content\/uploads\/sites\/32\/2016\/05\/Reinauguracao-Escadao_c_4_G-1.jpg\" rel=\"attachment wp-att-177112\"><img loading=\"lazy\" decoding=\"async\" aria-describedby=\"caption-attachment-177112\" class=\"size-large wp-image-177112\" src=\"https:\/\/jundiai.sp.gov.br\/noticias\/wp-content\/uploads\/sites\/32\/2016\/05\/Reinauguracao-Escadao_c_4_G-1-720x481.jpg\" alt=\"Como nos bons tempos, Escad\u00e3o voltou a ganhar vida \" width=\"720\" height=\"481\" srcset=\"https:\/\/jundiai.sp.gov.br\/noticias\/wp-content\/uploads\/sites\/32\/2016\/05\/Reinauguracao-Escadao_c_4_G-1-720x481.jpg 720w, https:\/\/jundiai.sp.gov.br\/noticias\/wp-content\/uploads\/sites\/32\/2016\/05\/Reinauguracao-Escadao_c_4_G-1-300x200.jpg 300w, https:\/\/jundiai.sp.gov.br\/noticias\/wp-content\/uploads\/sites\/32\/2016\/05\/Reinauguracao-Escadao_c_4_G-1-768x513.jpg 768w, https:\/\/jundiai.sp.gov.br\/noticias\/wp-content\/uploads\/sites\/32\/2016\/05\/Reinauguracao-Escadao_c_4_G-1.jpg 1240w\" sizes=\"auto, (max-width: 720px) 100vw, 720px\" \/><\/a><p id=\"caption-attachment-177112\" class=\"wp-caption-text\">Como nos bons tempos, Escad\u00e3o voltou a ganhar vida<\/p><\/div>\n<p>Muitas crian\u00e7as tamb\u00e9m foram levadas pelos pais para a reinaugura\u00e7\u00e3o do local, conhecido popularmente como Escad\u00e3o e reconhecido oficialmente no conjunto como Esplanada Monte Castelo, e se divertiram com a presen\u00e7a de atores vestidos de personagens de desenhos animados ou que atuavam como \u201csombras\u201d dos visitantes.<\/p>\n<p>Algumas delas ouviram hist\u00f3rias, como as contadas pelo comerciante de bicicletas R\u00e9ges Donatti, que veio da Vila Arens para conhecer o resultado da reforma. <strong>Ele ainda tem n\u00edtidas na mem\u00f3ria as imagens de adolesc\u00eancia, onde viu moradores aproveitando as rampas antigas do local para a descida de carrinhos de rolim\u00e3.<\/strong><\/p>\n<p>J\u00e1 a aposentada Helena F. Pace, que chegou a Jundia\u00ed em 1946 com os familiares que vieram trabalhar no Lanif\u00edcio Argos, lembra-se muito bem do uso cotidiano do Escad\u00e3o pelos moradores e da pra\u00e7a existente em seu ponto mais alto, ainda antes da C\u00e2mara Municipal, <strong>como ponto de encontro de amigos, de namorados, de descanso da subida \u00edngreme de 120 degraus e de admiradores da bela paisagem que se descortinava.<\/strong> \u201cEspero agora que novas gera\u00e7\u00f5es possam aproveitar esse lugar\u201d, afirmou.<\/p>\n<p>Entre os \u201ccapacetes\u201d das lumin\u00e1rias ou o trocadilho com as \u201cpracinhas\u201d criadas ao longo do circuito de subida e descida, <strong>a homenagem aos soldados jundiaienses que lutaram na 2\u00aa Guerra Mundial contra o nazifascismo na It\u00e1lia era lembrada por hist\u00f3rias como o teste do primeiro jipe que subiu o morro em 1945 em uma \u00e9poca onde o quartel do Centro brilhava com os cavalos dos oficiais.<\/strong> Para Jussara Rita Lamarca, autora do livro \u201c<a href=\"http:\/\/edicoesbrasil.com.br\/escadao.pdf\" target=\"_blank\">Hist\u00f3ria Sob os Degraus<\/a>\u201d <strong>a reforma resgata parte da pr\u00f3pria cidade<\/strong>.<\/p>\n<p>\u201cPrecisamos disso, valorizar o sentimento de pertencimento para todos que usarem a cidade, formando uma liga\u00e7\u00e3o entre as gera\u00e7\u00f5es. E nisso a hist\u00f3ria oral tem um grande papel\u201d, afirmou.<\/p>\n<div id=\"attachment_177114\" style=\"width: 730px\" class=\"wp-caption aligncenter\"><a href=\"https:\/\/jundiai.sp.gov.br\/noticias\/wp-content\/uploads\/sites\/32\/2016\/05\/ALE3566g.jpg\" rel=\"attachment wp-att-177114\"><img loading=\"lazy\" decoding=\"async\" aria-describedby=\"caption-attachment-177114\" class=\"size-large wp-image-177114\" src=\"https:\/\/jundiai.sp.gov.br\/noticias\/wp-content\/uploads\/sites\/32\/2016\/05\/ALE3566g-720x480.jpg\" alt=\"Secretaria Daniela da Camara Sutti e prefeito Pedro Bigardi comemoram transforma\u00e7\u00e3o do local\" width=\"720\" height=\"480\" srcset=\"https:\/\/jundiai.sp.gov.br\/noticias\/wp-content\/uploads\/sites\/32\/2016\/05\/ALE3566g-720x480.jpg 720w, https:\/\/jundiai.sp.gov.br\/noticias\/wp-content\/uploads\/sites\/32\/2016\/05\/ALE3566g-300x200.jpg 300w, https:\/\/jundiai.sp.gov.br\/noticias\/wp-content\/uploads\/sites\/32\/2016\/05\/ALE3566g-768x512.jpg 768w, https:\/\/jundiai.sp.gov.br\/noticias\/wp-content\/uploads\/sites\/32\/2016\/05\/ALE3566g.jpg 1240w\" sizes=\"auto, (max-width: 720px) 100vw, 720px\" \/><\/a><p id=\"caption-attachment-177114\" class=\"wp-caption-text\">Secretaria Daniela da Camara Sutti e prefeito comemoram transforma\u00e7\u00e3o do local<\/p><\/div>\n<p>Morador do bairro do Champirra, o agricultor C\u00e9sar Rezende concorda. Ele afirma que trabalhos como na Ponte Torta e agora no Escad\u00e3o, entre outros, mexem com o orgulho dos jundiaienses. \u201c<strong>Estou na cidade h\u00e1 mais de quarenta anos e concordo com a valoriza\u00e7\u00e3o que o atual prefeito tem buscado para a cidade<\/strong>\u201d, afirma.<\/p>\n<p>O arquiteto e memorialista Roberto Franco Bueno, com um broche da Associa\u00e7\u00e3o dos Engenheiros e um terno impec\u00e1vel para participar do evento, concorda. Ele foi autor do projeto que reformou a Escola Industrial (atual Escola Estadual Antenor Soares Gandra), em 1969, que tamb\u00e9m criou a al\u00e7a de acesso da rua Bar\u00e3o de Jundia\u00ed a partir da avenida Paula Penteado, a antiga Rua Torta.<\/p>\n<p>Morador do Centro, ele destaca a import\u00e2ncia das solu\u00e7\u00f5es t\u00e9cnicas de cada \u00e9poca. \u201c<strong>Isso era um belvedere, um mirante onde a rua terminava. Tivemos que usar solu\u00e7\u00f5es de arrimo de pedras para formatar o acesso. O projeto recoloca essa oportunidade de contempla\u00e7\u00e3o em outros pontos poss\u00edveis do trajeto<\/strong>\u201d, afirmou.<\/p>\n<p>A Esplanada Monte Castelo (Escad\u00e3o) \u00e9 cercada por pontos de refer\u00eancia como a Pinacoteca (antigo Grupo Escolar), o Teatro Polytheama, o Projeto Guri, a Ponte Torta e o Complexo Argos, entre outros.<\/p>\n<p>\u201c\u00c9 uma liga\u00e7\u00e3o entre essas coisas, mas era de cotidiano mesmo. Muitas fotos antigas do local s\u00e3o do meu av\u00f4, que era mec\u00e2nico mas tinha o hobby da fotografia, e meus familiares moravam perto. <strong>Era tranquilo inclusive \u00e0 noite. A gente sa\u00eda do cinema \u00e0s nove ou dez da noite e passava por aqui. Espero que o projeto d\u00ea vida novamente a esse espa\u00e7o t\u00e3o importante da nossa cidade e que as novas gera\u00e7\u00f5es deem valor a tudo isso que a gente tem<\/strong>\u201d, afirmou o aposentado Antonio Padovani, 70 anos.<\/p>\n<p>No meio da festa de reabertura, muitos encontros no velho e novo Escad\u00e3o. A monitora ambiental Patr\u00edcia Polli conheceu o m\u00fasico F\u00e1bio Porte, autor de can\u00e7\u00e3o sobre a <a href=\"http:\/\/serradojapi.jundiai.sp.gov.br\/\" target=\"_blank\">Serra do Japi<\/a>. O m\u00fasico Hamilton Ramalho, da Vila Arens, aproveitou o evento para conversar com o chef de cozinha Dago Nogueira. E assim por diante.<\/p>\n<p>A arquiteta e secret\u00e1ria de Planejamento e Meio Ambiente, Daniela da Camara Sutti, n\u00e3o deixou de lembrar que iniciativas desse tipo n\u00e3o tratam apenas de obras f\u00edsicas. \u201cS\u00e3o hist\u00f3rias de vida que vemos aqui\u201d, afirmou.<\/p>\n<p><em><strong>Jos\u00e9 Arnaldo de Oliveira<br \/>\nFotos: Alessandro Rosman <\/strong><\/em><\/p>\n","protected":false},"excerpt":{"rendered":"<p>Encontro de gera\u00e7\u00f5es e hist\u00f3rias marcou a cerim\u00f4nia de entrega do novo Escad\u00e3o na noite desse s\u00e1bado (14) <\/p>\n","protected":false},"author":10,"featured_media":177111,"comment_status":"closed","ping_status":"closed","sticky":false,"template":"","format":"standard","meta":{"footnotes":""},"categories":[2],"tags":[888,32],"ods":[],"class_list":["post-177110","post","type-post","status-publish","format-standard","has-post-thumbnail","hentry","category-noticias","tag-escadao","tag-planejamento-e-meio-ambiente"],"_links":{"self":[{"href":"https:\/\/jundiai.sp.gov.br\/noticias\/wp-json\/wp\/v2\/posts\/177110","targetHints":{"allow":["GET"]}}],"collection":[{"href":"https:\/\/jundiai.sp.gov.br\/noticias\/wp-json\/wp\/v2\/posts"}],"about":[{"href":"https:\/\/jundiai.sp.gov.br\/noticias\/wp-json\/wp\/v2\/types\/post"}],"author":[{"embeddable":true,"href":"https:\/\/jundiai.sp.gov.br\/noticias\/wp-json\/wp\/v2\/users\/10"}],"replies":[{"embeddable":true,"href":"https:\/\/jundiai.sp.gov.br\/noticias\/wp-json\/wp\/v2\/comments?post=177110"}],"version-history":[{"count":17,"href":"https:\/\/jundiai.sp.gov.br\/noticias\/wp-json\/wp\/v2\/posts\/177110\/revisions"}],"predecessor-version":[{"id":178852,"href":"https:\/\/jundiai.sp.gov.br\/noticias\/wp-json\/wp\/v2\/posts\/177110\/revisions\/178852"}],"wp:featuredmedia":[{"embeddable":true,"href":"https:\/\/jundiai.sp.gov.br\/noticias\/wp-json\/wp\/v2\/media\/177111"}],"wp:attachment":[{"href":"https:\/\/jundiai.sp.gov.br\/noticias\/wp-json\/wp\/v2\/media?parent=177110"}],"wp:term":[{"taxonomy":"category","embeddable":true,"href":"https:\/\/jundiai.sp.gov.br\/noticias\/wp-json\/wp\/v2\/categories?post=177110"},{"taxonomy":"post_tag","embeddable":true,"href":"https:\/\/jundiai.sp.gov.br\/noticias\/wp-json\/wp\/v2\/tags?post=177110"},{"taxonomy":"ods","embeddable":true,"href":"https:\/\/jundiai.sp.gov.br\/noticias\/wp-json\/wp\/v2\/ods?post=177110"}],"curies":[{"name":"wp","href":"https:\/\/api.w.org\/{rel}","templated":true}]}}