{"id":177137,"date":"2016-05-16T12:55:56","date_gmt":"2016-05-16T15:55:56","guid":{"rendered":"https:\/\/jundiai.sp.gov.br\/noticias\/?p=177137"},"modified":"2020-02-10T10:31:38","modified_gmt":"2020-02-10T12:31:38","slug":"marilia-scarabello-promove-duas-palestras-guiadas-no-solar","status":"publish","type":"post","link":"https:\/\/jundiai.sp.gov.br\/noticias\/2016\/05\/16\/marilia-scarabello-promove-duas-palestras-guiadas-no-solar\/","title":{"rendered":"Mar\u00edlia Scarabello promove duas palestras guiadas no &#8216;Solar&#8217;"},"content":{"rendered":"<p><strong>A artista Mar\u00edlia Scarabello faz duas palestras guiadas sobre sua interven\u00e7\u00e3o fotogr\u00e1fica \u201cO QUE (eu) VI\u201d, no <a href=\"http:\/\/cultura.jundiai.sp.gov.br\/espacos-culturais\/museu-historico-e-cultural-de-jundiai\/\" target=\"_blank\" rel=\"noopener noreferrer\">Museu Solar do Bar\u00e3o<\/a>, nesta ter\u00e7a-feira (17), \u00e0s 14h, e na ter\u00e7a-feira (24), \u00e0s 19h, com entrada gratuita.<br \/>\n<\/strong><br \/>\nPara os encontros, a ideia \u00e9 <strong>falar sobre o conte\u00fado hist\u00f3rico da cidade registrados na mostra<\/strong>. \u201cN\u00f3s vamos discutir algumas quest\u00f5es abordadas pelo trabalho, como o patrim\u00f4nio arquitet\u00f4nico da cidade, aspectos sobre mem\u00f3ria coletiva e individual e a import\u00e2ncia do processo em trabalhos art\u00edsticos continuados\u201d, conta Scarabello.<\/p>\n<p><strong>LEIA TAMB\u00c9M<\/strong><br \/>\n<a href=\"https:\/\/jundiai.sp.gov.br\/noticias\/2016\/05\/14\/atracoes-culturais-marcam-reabertura-do-escadao\/\">Atra\u00e7\u00f5es culturais marcam reabertura do Escad\u00e3o<\/a><br \/>\n<a href=\"https:\/\/jundiai.sp.gov.br\/noticias\/2016\/05\/13\/uma-virada-jundiai-para-dar-agua-na-boca\/\">Uma \u2018Virada\u2019 para dar \u00e1gua na boca do jundiaiense<\/a><\/p>\n<div id=\"attachment_177138\" style=\"width: 730px\" class=\"wp-caption aligncenter\"><a href=\"https:\/\/jundiai.sp.gov.br\/noticias\/wp-content\/uploads\/sites\/32\/2016\/05\/mariliascarabello01_G.jpg\" rel=\"attachment wp-att-177138\"><img loading=\"lazy\" decoding=\"async\" aria-describedby=\"caption-attachment-177138\" class=\"size-full wp-image-177138\" src=\"https:\/\/jundiai.sp.gov.br\/noticias\/wp-content\/uploads\/sites\/32\/2016\/05\/mariliascarabello01_G.jpg\" alt=\"Trabalho de Mar\u00edlia despertou o saudosismo dos jundiaienses\" width=\"720\" height=\"513\" \/><\/a><p id=\"caption-attachment-177138\" class=\"wp-caption-text\">Trabalho de Mar\u00edlia despertou o saudosismo dos jundiaienses<\/p><\/div>\n<p><strong>Interven\u00e7\u00e3o<\/strong><br \/>\nO trabalho de Mar\u00edlia Scarabello ganhou estadia prolongada no Museu \u201cSolar do Bar\u00e3o\u201d durante os meses de abril e maio. <strong>A iniciativa \u00e9 viabilizada pelo Programa de Est\u00edmulo \u00e0 Cultura da Secretaria Municipal de Cultura<\/strong>.<\/p>\n<p>Por meio de mon\u00f3culos com fotografias antigas dispostos nas salas do Museu, o p\u00fablico pode comparar diversos pontos da cidade atrav\u00e9s do olhar da artista. \u201cPara produ\u00e7\u00e3o da mostra, utilizei fotografias atuais produzidas nas ruas de Jundia\u00ed, ap\u00f3s mostrar aos cidad\u00e3os a experi\u00eancia de compara\u00e7\u00e3o da paisagem antiga com a atual\u201d, revela Mar\u00edlia.<\/p>\n<p>Al\u00e9m das fotografias, <strong>a exposi\u00e7\u00e3o tamb\u00e9m se torna interativa<\/strong>, ao permitir que os visitantes deixem escrito, por meio de blocos auto-adesivos, uma mensagem sobre o que sentiram ap\u00f3s aprecia\u00e7\u00e3o. Al\u00e9m disso, um cart\u00e3o postal referente \u00e0 mostra \u00e9 distribu\u00eddo com um poema de Fernando Pessoa, intitulado \u201cPassagem das Horas\u201d.<\/p>\n<p><strong>A exposi\u00e7\u00e3o segue at\u00e9 segunda-feira (30), com entrada gratuita. O Solar do Bar\u00e3o fica na rua Bar\u00e3o de Jundia\u00ed, n\u00ba 762, Centro. Mais informa\u00e7\u00f5es pelo telefone (11) 4521 \u2013 6259.<br \/>\n<\/strong><br \/>\n<em><strong>Assessoria de Imprensa<br \/>\nFoto: Divulga\u00e7\u00e3o<\/strong><\/em><\/p>\n","protected":false},"excerpt":{"rendered":"<p>A artista Mar\u00edlia Scarabello faz duas palestras guiadas sobre sua interven\u00e7\u00e3o fotogr\u00e1fica \u201cO QUE (eu) VI\u201d, no Museu Solar do Bar\u00e3o, nesta ter\u00e7a-feira (17), \u00e0s 14h, e na ter\u00e7a-feira (24), \u00e0s 19h, com entrada gratuita. Para os encontros, a ideia \u00e9 falar sobre o conte\u00fado hist\u00f3rico da cidade registrados na mostra. \u201cN\u00f3s vamos discutir algumas [&hellip;]<\/p>\n","protected":false},"author":21,"featured_media":0,"comment_status":"closed","ping_status":"closed","sticky":false,"template":"","format":"standard","meta":{"footnotes":""},"categories":[2],"tags":[29,290,632],"ods":[],"class_list":["post-177137","post","type-post","status-publish","format-standard","hentry","category-noticias","tag-cultura","tag-museu-historico-e-cultural-solar-do-barao","tag-programa-estimulo-a-cultura"],"_links":{"self":[{"href":"https:\/\/jundiai.sp.gov.br\/noticias\/wp-json\/wp\/v2\/posts\/177137","targetHints":{"allow":["GET"]}}],"collection":[{"href":"https:\/\/jundiai.sp.gov.br\/noticias\/wp-json\/wp\/v2\/posts"}],"about":[{"href":"https:\/\/jundiai.sp.gov.br\/noticias\/wp-json\/wp\/v2\/types\/post"}],"author":[{"embeddable":true,"href":"https:\/\/jundiai.sp.gov.br\/noticias\/wp-json\/wp\/v2\/users\/21"}],"replies":[{"embeddable":true,"href":"https:\/\/jundiai.sp.gov.br\/noticias\/wp-json\/wp\/v2\/comments?post=177137"}],"version-history":[{"count":6,"href":"https:\/\/jundiai.sp.gov.br\/noticias\/wp-json\/wp\/v2\/posts\/177137\/revisions"}],"predecessor-version":[{"id":244605,"href":"https:\/\/jundiai.sp.gov.br\/noticias\/wp-json\/wp\/v2\/posts\/177137\/revisions\/244605"}],"wp:attachment":[{"href":"https:\/\/jundiai.sp.gov.br\/noticias\/wp-json\/wp\/v2\/media?parent=177137"}],"wp:term":[{"taxonomy":"category","embeddable":true,"href":"https:\/\/jundiai.sp.gov.br\/noticias\/wp-json\/wp\/v2\/categories?post=177137"},{"taxonomy":"post_tag","embeddable":true,"href":"https:\/\/jundiai.sp.gov.br\/noticias\/wp-json\/wp\/v2\/tags?post=177137"},{"taxonomy":"ods","embeddable":true,"href":"https:\/\/jundiai.sp.gov.br\/noticias\/wp-json\/wp\/v2\/ods?post=177137"}],"curies":[{"name":"wp","href":"https:\/\/api.w.org\/{rel}","templated":true}]}}