{"id":177254,"date":"2016-05-17T13:50:25","date_gmt":"2016-05-17T16:50:25","guid":{"rendered":"https:\/\/jundiai.sp.gov.br\/noticias\/?p=177254"},"modified":"2020-02-10T10:31:37","modified_gmt":"2020-02-10T12:31:37","slug":"jundiai-debate-sobre-arqueologia-de-seus-400-anos","status":"publish","type":"post","link":"https:\/\/jundiai.sp.gov.br\/noticias\/2016\/05\/17\/jundiai-debate-sobre-arqueologia-de-seus-400-anos\/","title":{"rendered":"Jundia\u00ed debate sobre arqueologia de seus 400 anos"},"content":{"rendered":"<p><strong>Um tema importante para uma das cidades mais antigas do Estado de S\u00e3o Paulo, a arqueologia tem nesta quarta-feira (18) uma mesa redonda em Jundia\u00ed com os especialistas Camila de Moraes Wichers (Universidade Federal de Goi\u00e1s), Robson Rodrigues (Funda\u00e7\u00e3o Arapor\u00e3) e Let\u00edcia Ribeiro (mestranda do Museu de Arqueologia e Etnologia da USP). Vai ser das 14h \u00e0s 16h30, com entrada gratuita no <a href=\"http:\/\/cultura.jundiai.sp.gov.br\/espacos-culturais\/museu-historico-e-cultural-de-jundiai\/\" target=\"_blank\" rel=\"noopener noreferrer\">Solar do Bar\u00e3o<\/a>. <\/strong><\/p>\n<p><strong>LEIA TAMB\u00c9M<\/strong><br \/>\n<a href=\"https:\/\/jundiai.sp.gov.br\/noticias\/2016\/05\/16\/virada-jundiai-se-estende-aos-bairros-da-cidade\/\">Virada Jundia\u00ed se estende aos bairros da cidade<\/a><br \/>\n<a href=\"https:\/\/jundiai.sp.gov.br\/noticias\/2016\/05\/16\/virada-jundiai-trabalho-integrado-vai-garantir-seguranca\/\">Trabalho integrado vai garantir seguran\u00e7a na Virada Jundia\u00ed<\/a><br \/>\n<a href=\"https:\/\/jundiai.sp.gov.br\/noticias\/2016\/05\/16\/marilia-scarabello-promove-duas-palestras-guiadas-no-solar\/\">Mar\u00edlia Scarabello promove duas palestras guiadas no \u2018Solar\u2019<\/a><\/p>\n<div id=\"attachment_177255\" style=\"width: 410px\" class=\"wp-caption alignright\"><a href=\"https:\/\/jundiai.sp.gov.br\/noticias\/wp-content\/uploads\/sites\/32\/2016\/05\/arqueologia-02G.jpg\" rel=\"attachment wp-att-177255\"><img loading=\"lazy\" decoding=\"async\" aria-describedby=\"caption-attachment-177255\" class=\"size-full wp-image-177255\" src=\"https:\/\/jundiai.sp.gov.br\/noticias\/wp-content\/uploads\/sites\/32\/2016\/05\/arqueologia-02G.jpg\" alt=\"Um dos vest\u00edgios encontrados na cidade no bairro do Medeiros\" width=\"400\" height=\"400\" \/><\/a><p id=\"caption-attachment-177255\" class=\"wp-caption-text\">Um dos vest\u00edgios encontrados na cidade no bairro do Medeiros<\/p><\/div>\n<p>O tema da mesa redonda \u00e9 \u201c<strong>A Pesquisa Arqueol\u00f3gica e a Musealiza\u00e7\u00e3o do Patrim\u00f4nio Arqueol\u00f3gico do Estado de S\u00e3o Paulo<\/strong>\u201d e faz parte da <strong>14\u00aa Semana de Museus<\/strong>. A media\u00e7\u00e3o \u00e9 da educadora e soci\u00f3loga Creusa Aparecida Claudino, do Museu Hist\u00f3rico e Cultural de Jundia\u00ed.<\/p>\n<p><a href=\"https:\/\/jundiai.sp.gov.br\/noticias\/2015\/02\/26\/solar-do-barao-abre-exposicao-sobre-o-patrimonio-cultural\/\">Em 2015, o museu j\u00e1 havia exposto pe\u00e7as encontradas em pesquisas arqueol\u00f3gicas no munic\u00edpio<\/a>. De acordo com o secret\u00e1rio de Cultura, Jean Camoleze,<strong> os aspectos da hist\u00f3ria humana interpretados pela arqueologia nos ajudam a rever a pr\u00f3pria hist\u00f3ria no presente e reconhecer todos os atores da nossa hist\u00f3ria local e regional, que inclui ind\u00edgenas, africanos e europeus<\/strong>.<\/p>\n<p>\u201cConhecer esse patrim\u00f4nio e demonstrar seu valor significa estimular a guarda da mem\u00f3ria e formar cidad\u00e3os conscientes de sua identidade cultural\u201d, conclui Camoleze.<\/p>\n<p>Surgido no in\u00edcio do s\u00e9culo 17, o centro da cidade e diversos locais de seus arredores guardam vest\u00edgios subterr\u00e2neos de outros tempos. Para ficar somente no aspecto humano, antes do primeiro cemit\u00e9rio municipal, na d\u00e9cada de 1860, os enterros eram feitos em diversos outros pontos ao longo dos duzentos anos anteriores. H\u00e1 ind\u00edcios levantados por pesquisadores n\u00e3o-oficiais, como Roberto Franco Bueno, Francisco de Matheo, Geraldo Tomanik e outros de que houveram ossadas em \u00e9pocas diferentes no Largo S\u00e3o Jos\u00e9, no Largo S\u00e3o Bento, no Largo da Matriz e no Largo do Pelourinho \u2013 muitas vezes separados por etnia ou classe social.<\/p>\n<p><strong>Outro aspecto \u00e9 o fato da cidade ter se transformado muitas vezes, inclusive preservando pouco da arquitetura de sua rica hist\u00f3ria como povoa\u00e7\u00e3o pioneira entre as cidades paulistas<\/strong>. <a href=\"https:\/\/jundiai.sp.gov.br\/noticias\/2015\/01\/16\/ponte-torta-para-arqueologa-jundiai-pode-ocultar-milhares-de-anos\/\">Esse aspecto foi destacado no ano passado pela arque\u00f3loga Marise Campos de Souza<\/a>, especialista do <a href=\"http:\/\/portal.iphan.gov.br\/\" target=\"_blank\" rel=\"noopener noreferrer\">Instituto do Patrim\u00f4nio Hist\u00f3rico e Art\u00edstico Nacional (Iphan)<\/a>, durante o processo do projeto A\u00e7\u00f5es de Conserva\u00e7\u00e3o e Zeladoria da <a href=\"http:\/\/pontetorta.jundiai.sp.gov.br\/\" target=\"_blank\" rel=\"noopener noreferrer\">Ponte Torta<\/a>.<\/p>\n<p>Um trabalho anterior e importante foi tamb\u00e9m <a href=\"http:\/\/revista.sabnet.com.br\/index.php\/revista-de-arqueologia\/article\/view\/175\" target=\"_blank\" rel=\"noopener noreferrer\">\u201c\u00cdndios e Africanos na Jundia\u00ed Colonial\u201d, do arque\u00f3logo Walter Fagundes Morales<\/a>, que trouxe para a cidade coisas como as no\u00e7\u00f5es pr\u00e1ticas de diferencia\u00e7\u00e3o entre cacos de cer\u00e2mica ind\u00edgena (crua no meio, por usar fogueiras ao ar livre com temperatura abaixo de 800 graus) ou cer\u00e2mica luso-africana (cozida no meio, por usar fornos com temperatura acima dos 800 graus).<\/p>\n<p>O Solar do Bar\u00e3o fica na rua Bar\u00e3o de Jundia\u00ed, 762, no Largo da Matriz.<\/p>\n<p><em><strong>Jos\u00e9 Arnaldo de Oliveira<br \/>\nFoto: Arquivo PMJ<\/strong><\/em><\/p>\n","protected":false},"excerpt":{"rendered":"<p>Um tema importante para uma das cidades mais antigas do Estado de S\u00e3o Paulo, a arqueologia tem nesta quarta-feira (18) uma mesa redonda em Jundia\u00ed com os especialistas Camila de Moraes Wichers (Universidade Federal de Goi\u00e1s), Robson Rodrigues (Funda\u00e7\u00e3o Arapor\u00e3) e Let\u00edcia Ribeiro (mestranda do Museu de Arqueologia e Etnologia da USP). Vai ser das [&hellip;]<\/p>\n","protected":false},"author":21,"featured_media":0,"comment_status":"closed","ping_status":"closed","sticky":false,"template":"","format":"standard","meta":{"footnotes":""},"categories":[2],"tags":[29,290,427],"ods":[],"class_list":["post-177254","post","type-post","status-publish","format-standard","hentry","category-noticias","tag-cultura","tag-museu-historico-e-cultural-solar-do-barao","tag-ponte-torta"],"_links":{"self":[{"href":"https:\/\/jundiai.sp.gov.br\/noticias\/wp-json\/wp\/v2\/posts\/177254","targetHints":{"allow":["GET"]}}],"collection":[{"href":"https:\/\/jundiai.sp.gov.br\/noticias\/wp-json\/wp\/v2\/posts"}],"about":[{"href":"https:\/\/jundiai.sp.gov.br\/noticias\/wp-json\/wp\/v2\/types\/post"}],"author":[{"embeddable":true,"href":"https:\/\/jundiai.sp.gov.br\/noticias\/wp-json\/wp\/v2\/users\/21"}],"replies":[{"embeddable":true,"href":"https:\/\/jundiai.sp.gov.br\/noticias\/wp-json\/wp\/v2\/comments?post=177254"}],"version-history":[{"count":7,"href":"https:\/\/jundiai.sp.gov.br\/noticias\/wp-json\/wp\/v2\/posts\/177254\/revisions"}],"predecessor-version":[{"id":244604,"href":"https:\/\/jundiai.sp.gov.br\/noticias\/wp-json\/wp\/v2\/posts\/177254\/revisions\/244604"}],"wp:attachment":[{"href":"https:\/\/jundiai.sp.gov.br\/noticias\/wp-json\/wp\/v2\/media?parent=177254"}],"wp:term":[{"taxonomy":"category","embeddable":true,"href":"https:\/\/jundiai.sp.gov.br\/noticias\/wp-json\/wp\/v2\/categories?post=177254"},{"taxonomy":"post_tag","embeddable":true,"href":"https:\/\/jundiai.sp.gov.br\/noticias\/wp-json\/wp\/v2\/tags?post=177254"},{"taxonomy":"ods","embeddable":true,"href":"https:\/\/jundiai.sp.gov.br\/noticias\/wp-json\/wp\/v2\/ods?post=177254"}],"curies":[{"name":"wp","href":"https:\/\/api.w.org\/{rel}","templated":true}]}}