{"id":177266,"date":"2016-05-17T15:13:09","date_gmt":"2016-05-17T18:13:09","guid":{"rendered":"https:\/\/jundiai.sp.gov.br\/noticias\/?p=177266"},"modified":"2020-11-06T11:12:42","modified_gmt":"2020-11-06T14:12:42","slug":"estacao-geek-vai-contar-com-presenca-de-dublador-e-desfile-de-cosplay","status":"publish","type":"post","link":"https:\/\/jundiai.sp.gov.br\/noticias\/2016\/05\/17\/estacao-geek-vai-contar-com-presenca-de-dublador-e-desfile-de-cosplay\/","title":{"rendered":"&#8216;Esta\u00e7\u00e3o Geek&#8217; vai contar com presen\u00e7a de dublador e desfile de cosplay"},"content":{"rendered":"<p><strong>A Virada Jundia\u00ed \u00e9 para toda a fam\u00edlia, incluindo os admiradores da cultura nerd. Neste domingo (22), das 10h \u00e0s 19h, no Esta\u00e7\u00e3o Juventude, est\u00e1 marcado o\u00a0Esta\u00e7\u00e3o Geek, evento que tem na programa\u00e7\u00e3o desfile de cosplay &#8211; pessoas que se caracterizam como os personagens favoritos &#8211; e tamb\u00e9m bate-papo com o dublador \u00c9lcio Sodr\u00e9.<\/strong><\/p>\n<p>A iniciativa, organizada pela Coordenadoria da Juventude e Conselho Municipal de Juventude (Comjuve) em parceria com a <a href=\"http:\/\/cultura.jundiai.sp.gov.br\/\" target=\"_blank\" rel=\"noopener noreferrer\">Secretaria de Cultura<\/a>, prestigia o Dia do Orgulho Nerd, comemorado em <strong>25 de maio<\/strong>. Para participar, basta levar <strong>um quilo de alimento n\u00e3o perec\u00edvel, que vai ser destinado ao Fundo Social de Solidariedade (Funss)<\/strong>.<\/p>\n<p><strong>LEIA TAMB\u00c9M<\/strong><br \/>\n<a href=\"https:\/\/jundiai.sp.gov.br\/noticias\/2016\/05\/16\/virada-jundiai-se-estende-aos-bairros-da-cidade\/\">Virada Jundia\u00ed se estende aos bairros da cidade<\/a><br \/>\n<a href=\"https:\/\/jundiai.sp.gov.br\/noticias\/2016\/05\/16\/virada-jundiai-trabalho-integrado-vai-garantir-seguranca\/\">Trabalho integrado vai garantir seguran\u00e7a na Virada Jundia\u00ed<\/a><br \/>\n<a href=\"https:\/\/jundiai.sp.gov.br\/noticias\/2016\/05\/16\/multialogo-2016-vai-ter-inicio-nesta-quarta-feira-18-no-sesc-jundiai\/\">\u2018Multi\u00e1logo 2016\u2019 vai ter in\u00edcio nesta quarta-feira (18) no Sesc Jundia\u00ed<\/a><\/p>\n<div id=\"attachment_177267\" style=\"width: 730px\" class=\"wp-caption aligncenter\"><a href=\"https:\/\/jundiai.sp.gov.br\/noticias\/wp-content\/uploads\/sites\/32\/2016\/05\/Esta\u00e7\u00e3o-Geek-ter\u00e1-presen\u00e7a-de-dublador-e-desfile-de-cosplay.jpg\" rel=\"attachment wp-att-177267\"><img loading=\"lazy\" decoding=\"async\" aria-describedby=\"caption-attachment-177267\" class=\"size-large wp-image-177267\" src=\"https:\/\/jundiai.sp.gov.br\/noticias\/wp-content\/uploads\/sites\/32\/2016\/05\/Esta\u00e7\u00e3o-Geek-ter\u00e1-presen\u00e7a-de-dublador-e-desfile-de-cosplay-720x508.jpg\" alt=\"Esta\u00e7\u00e3o Juventude fica na avenida Uni\u00e3o dos Ferrovi\u00e1rios, Complexo Fepasa \" width=\"720\" height=\"508\" srcset=\"https:\/\/jundiai.sp.gov.br\/noticias\/wp-content\/uploads\/sites\/32\/2016\/05\/Esta\u00e7\u00e3o-Geek-ter\u00e1-presen\u00e7a-de-dublador-e-desfile-de-cosplay-720x508.jpg 720w, https:\/\/jundiai.sp.gov.br\/noticias\/wp-content\/uploads\/sites\/32\/2016\/05\/Esta\u00e7\u00e3o-Geek-ter\u00e1-presen\u00e7a-de-dublador-e-desfile-de-cosplay-300x212.jpg 300w, https:\/\/jundiai.sp.gov.br\/noticias\/wp-content\/uploads\/sites\/32\/2016\/05\/Esta\u00e7\u00e3o-Geek-ter\u00e1-presen\u00e7a-de-dublador-e-desfile-de-cosplay-768x542.jpg 768w, https:\/\/jundiai.sp.gov.br\/noticias\/wp-content\/uploads\/sites\/32\/2016\/05\/Esta\u00e7\u00e3o-Geek-ter\u00e1-presen\u00e7a-de-dublador-e-desfile-de-cosplay.jpg 1240w\" sizes=\"auto, (max-width: 720px) 100vw, 720px\" \/><\/a><p id=\"caption-attachment-177267\" class=\"wp-caption-text\">Esta\u00e7\u00e3o Juventude fica na avenida Uni\u00e3o dos Ferrovi\u00e1rios, Complexo Fepasa<\/p><\/div>\n<p>Como destaque da programa\u00e7\u00e3o, <strong>Sodr\u00e9 vai participar de um bate-papo e sess\u00e3o de aut\u00f3grafo das 14h \u00e0s 15h<\/strong>. O dublador j\u00e1 deu voz a famosos personagens, como <strong>Shiryu de Drag\u00e3o, de Cavaleiros do Zod\u00edaco, Pateta e Z\u00e9 Colmeia, al\u00e9m de seus trabalhos como ator, locutor e diretor de dublagem<\/strong>.<\/p>\n<p>J\u00e1 o <strong>desfile e concurso de cosplay<\/strong>\u00a0est\u00e3o marcados a partir das<strong> 15h. Para participar \u00e9 necess\u00e1rio fazer inscri\u00e7\u00e3o no dia do evento<\/strong>.<\/p>\n<p>Al\u00e9m disso, a programa\u00e7\u00e3o conta com <strong>campeonatos de v\u00eddeo game, m\u00fasica, animek\u00ea, oficina de mang\u00e1 e de cria\u00e7\u00e3o de games, concurso de desenho, jogos, feira de produtos, caricaturas e sorteio de brindes<\/strong>. O programa <a href=\"http:\/\/turismo.jundiai.sp.gov.br\/atrativos\/artesanato-jundiai-feito-a-mao\/\" target=\"_blank\" rel=\"noopener noreferrer\">Jundia\u00ed Feito \u00e0 M\u00e3o<\/a>, da Secretaria de Agricultura, Abastecimento e Turismo, e os <strong>\u201cfood trucks\u201d<\/strong> tamb\u00e9m v\u00e3o estar no local.<\/p>\n<p><strong>Virada Jundia\u00ed<\/strong><br \/>\nRealizada pela Secretaria de Cultura, o evento est\u00e1 marcado para a <strong>sexta (20), s\u00e1bado (21) e o domingo (22), e vai reunir cerca de 115 atra\u00e7\u00f5es em diversos locais da cidade<\/strong>.<\/p>\n<p>A iniciativa tamb\u00e9m ganha destaque por levar <strong>diversidade de atra\u00e7\u00f5es a seis bairros distantes da regi\u00e3o central: <a href=\"https:\/\/jundiai.sp.gov.br\/noticias\/2016\/05\/16\/virada-jundiai-se-estende-aos-bairros-da-cidade\/\">Ivoturucaia, Jardim S\u00e3o Camilo, Jardim Santa Gertrudes, Retiro, Jardim das Tulipas e Morada das Vinhas<\/a><\/strong>.<\/p>\n<p><strong><em>Assessoria de Imprensa<br \/>\nFoto: Fot\u00f3grafos PMJ<\/em><\/strong><\/p>\n","protected":false},"excerpt":{"rendered":"<p>Virada Jundia\u00ed est\u00e1 marcada para esta sexta (20), s\u00e1bado (21) e o domingo (22), e vai reunir cerca de 115 atra\u00e7\u00f5es em diversos locais da cidade<\/p>\n","protected":false},"author":14,"featured_media":177274,"comment_status":"closed","ping_status":"closed","sticky":false,"template":"","format":"standard","meta":{"footnotes":""},"categories":[2],"tags":[41,296,174,29,674,621,416,293,578,879],"ods":[],"class_list":["post-177266","post","type-post","status-publish","format-standard","has-post-thumbnail","hentry","category-noticias","tag-agricultura-abastecimento-e-turismo","tag-conselho-da-juventude-comjuve","tag-coordenadoria-da-juventude","tag-cultura","tag-estacao-geek","tag-estacao-juventude","tag-fundo-social-de-solidariedade-funss","tag-jundiai-feito-a-mao","tag-virada-jundiai","tag-virada-jundiai-2016"],"_links":{"self":[{"href":"https:\/\/jundiai.sp.gov.br\/noticias\/wp-json\/wp\/v2\/posts\/177266","targetHints":{"allow":["GET"]}}],"collection":[{"href":"https:\/\/jundiai.sp.gov.br\/noticias\/wp-json\/wp\/v2\/posts"}],"about":[{"href":"https:\/\/jundiai.sp.gov.br\/noticias\/wp-json\/wp\/v2\/types\/post"}],"author":[{"embeddable":true,"href":"https:\/\/jundiai.sp.gov.br\/noticias\/wp-json\/wp\/v2\/users\/14"}],"replies":[{"embeddable":true,"href":"https:\/\/jundiai.sp.gov.br\/noticias\/wp-json\/wp\/v2\/comments?post=177266"}],"version-history":[{"count":9,"href":"https:\/\/jundiai.sp.gov.br\/noticias\/wp-json\/wp\/v2\/posts\/177266\/revisions"}],"predecessor-version":[{"id":258158,"href":"https:\/\/jundiai.sp.gov.br\/noticias\/wp-json\/wp\/v2\/posts\/177266\/revisions\/258158"}],"wp:featuredmedia":[{"embeddable":true,"href":"https:\/\/jundiai.sp.gov.br\/noticias\/wp-json\/wp\/v2\/media\/177274"}],"wp:attachment":[{"href":"https:\/\/jundiai.sp.gov.br\/noticias\/wp-json\/wp\/v2\/media?parent=177266"}],"wp:term":[{"taxonomy":"category","embeddable":true,"href":"https:\/\/jundiai.sp.gov.br\/noticias\/wp-json\/wp\/v2\/categories?post=177266"},{"taxonomy":"post_tag","embeddable":true,"href":"https:\/\/jundiai.sp.gov.br\/noticias\/wp-json\/wp\/v2\/tags?post=177266"},{"taxonomy":"ods","embeddable":true,"href":"https:\/\/jundiai.sp.gov.br\/noticias\/wp-json\/wp\/v2\/ods?post=177266"}],"curies":[{"name":"wp","href":"https:\/\/api.w.org\/{rel}","templated":true}]}}