{"id":177399,"date":"2016-05-17T19:06:53","date_gmt":"2016-05-17T22:06:53","guid":{"rendered":"https:\/\/jundiai.sp.gov.br\/noticias\/?p=177399"},"modified":"2016-11-04T10:53:35","modified_gmt":"2016-11-04T12:53:35","slug":"prefeito-prestigia-encerramento-do-projeto-rede-cidadania-e-saude","status":"publish","type":"post","link":"https:\/\/jundiai.sp.gov.br\/noticias\/2016\/05\/17\/prefeito-prestigia-encerramento-do-projeto-rede-cidadania-e-saude\/","title":{"rendered":"Projeto Rede Cidadania e Sa\u00fade tem encerramento no Polytheama"},"content":{"rendered":"<p><strong>Depois de 15 meses, mais de 30 turmas e participa\u00e7\u00e3o de cerca de mil pessoas, entre profissionais de sa\u00fade e usu\u00e1rios do Sistema \u00danico de Sa\u00fade (SUS), a Prefeitura encerrou nesta ter\u00e7a-feira (17) o Projeto Rede de Cidadania e Sa\u00fade. Coordenado pela Secretaria de Sa\u00fade e pela <a href=\"http:\/\/escoladegoverno.jundiai.sp.gov.br\/\" target=\"_blank\">Escola de Governo e Gest\u00e3o<\/a>, que mobilizou a sociedade com objetivo de ampliar e qualificar o debate sobre o SUS na cidade.<\/strong><\/p>\n<p>Uma programa\u00e7\u00e3o especial no centen\u00e1rio <a href=\"http:\/\/cultura.jundiai.sp.gov.br\/espacos-culturais\/teatro-polytheama\/\" target=\"_blank\">Teatro Polytheama<\/a> marcou o encerramento do projeto. <strong>O prefeito destacou a import\u00e2ncia da constante atualiza\u00e7\u00e3o e capacita\u00e7\u00e3o dos servidores, em especial no debate e troca de experi\u00eancias<\/strong>. \u201cQuando a gente se abre para o debate de assuntos relevantes para toda a sociedade, conseguimos avan\u00e7ar, como est\u00e1 ocorrendo agora\u201d, disse, parabenizando a todos pela participa\u00e7\u00e3o no projeto.<\/p>\n<p>O secret\u00e1rio de Sa\u00fade, Lu\u00eds Carlos Casarin, lembrou que, <strong>apesar de todos os desafios, o SUS teve muitos avan\u00e7os desde sua cria\u00e7\u00e3o<\/strong>. \u201cMesmo aqueles que t\u00eam plano de sa\u00fade privado, <strong>todos n\u00f3s somos beneficiados de alguma forma pelo SUS, seja nas a\u00e7\u00f5es de combate \u00e0 dengue, na Vigil\u00e2ncia em Sa\u00fade, no uso de medicamentos, com o Samu<\/strong>\u201d, destacou.<\/p>\n<p><strong>LEIA TAMB\u00c9M<\/strong><br \/>\n<a href=\"https:\/\/jundiai.sp.gov.br\/noticias\/2016\/05\/17\/em-audiencia-bigardi-reivindica-verba-do-estado-para-sao-vicente\/\">Prefeito reivindica verba do Estado para S\u00e3o Vicente<\/a><br \/>\n<a href=\"https:\/\/jundiai.sp.gov.br\/noticias\/2016\/05\/16\/seminario-aborda-integracao-trabalho-ensino-para-o-sus\/\">Semin\u00e1rio aborda integra\u00e7\u00e3o trabalho-ensino para o SUS<\/a><br \/>\n<a href=\"https:\/\/jundiai.sp.gov.br\/noticias\/2016\/05\/13\/secretaria-de-saude-orienta-sobre-cuidados-com-caxumba\/\">Secretaria de Sa\u00fade orienta sobre cuidados com caxumba<\/a><\/p>\n<div id=\"attachment_177411\" style=\"width: 730px\" class=\"wp-caption aligncenter\"><a href=\"https:\/\/jundiai.sp.gov.br\/noticias\/wp-content\/uploads\/sites\/32\/2016\/05\/Prefeito-prestigia-encerramento-do-projeto-Rede-Cidadania-e-Sa\u00fade.jpg\" rel=\"attachment wp-att-177411\"><img loading=\"lazy\" decoding=\"async\" aria-describedby=\"caption-attachment-177411\" class=\"size-large wp-image-177411\" src=\"https:\/\/jundiai.sp.gov.br\/noticias\/wp-content\/uploads\/sites\/32\/2016\/05\/Prefeito-prestigia-encerramento-do-projeto-Rede-Cidadania-e-Sa\u00fade-720x530.jpg\" alt=\"Bigardi e Casarin prestigiram a cerim\u00f4nia de encerramento do projeto \" width=\"720\" height=\"530\" srcset=\"https:\/\/jundiai.sp.gov.br\/noticias\/wp-content\/uploads\/sites\/32\/2016\/05\/Prefeito-prestigia-encerramento-do-projeto-Rede-Cidadania-e-Sa\u00fade-720x530.jpg 720w, https:\/\/jundiai.sp.gov.br\/noticias\/wp-content\/uploads\/sites\/32\/2016\/05\/Prefeito-prestigia-encerramento-do-projeto-Rede-Cidadania-e-Sa\u00fade-300x221.jpg 300w, https:\/\/jundiai.sp.gov.br\/noticias\/wp-content\/uploads\/sites\/32\/2016\/05\/Prefeito-prestigia-encerramento-do-projeto-Rede-Cidadania-e-Sa\u00fade-768x565.jpg 768w, https:\/\/jundiai.sp.gov.br\/noticias\/wp-content\/uploads\/sites\/32\/2016\/05\/Prefeito-prestigia-encerramento-do-projeto-Rede-Cidadania-e-Sa\u00fade.jpg 1240w\" sizes=\"auto, (max-width: 720px) 100vw, 720px\" \/><\/a><p id=\"caption-attachment-177411\" class=\"wp-caption-text\">Prefeito e Casarin prestigiaram a cerim\u00f4nia de encerramento do projeto<\/p><\/div>\n<p>Casarin tamb\u00e9m refor\u00e7ou que a <strong>Prefeitura aplica atualmente 27% de seu or\u00e7amento na Sa\u00fade, percentual bem acima dos 15% m\u00ednimos exigidos por lei<\/strong>. \u201cIsso mostra o <strong>comprometimento deste governo com a sa\u00fade, que \u00e9 a prioridade da atual gest\u00e3o<\/strong>.\u201d<\/p>\n<p>Na sequ\u00eancia, o p\u00fablico assistiu \u00e0 palestra do m\u00e9dico Jos\u00e9 Carlos Cacau Lopes, sanitarista e professor da Faculdade de Medicina de S\u00e3o Jos\u00e9 do Rio Preto, que falou sobre a <strong>participa\u00e7\u00e3o cidad\u00e3o na constru\u00e7\u00e3o do SUS<\/strong>. Ele prop\u00f4s aos presentes uma <strong>reflex\u00e3o sobre o significado do sistema \u00fanico de sa\u00fade<\/strong> e o que n\u00f3s, brasileiros, queremos: que seja uma quest\u00e3o de neg\u00f3cio ou um sistema universal e equ\u00e2nime?<\/p>\n<div id=\"attachment_177402\" style=\"width: 410px\" class=\"wp-caption alignright\"><a href=\"https:\/\/jundiai.sp.gov.br\/noticias\/wp-content\/uploads\/sites\/32\/2016\/05\/rede_cidadania_saudeG.jpg\" rel=\"attachment wp-att-177402\"><img loading=\"lazy\" decoding=\"async\" aria-describedby=\"caption-attachment-177402\" class=\"size-large wp-image-177402\" src=\"https:\/\/jundiai.sp.gov.br\/noticias\/wp-content\/uploads\/sites\/32\/2016\/05\/rede_cidadania_saudeG-720x393.jpg\" alt=\"Cerim\u00f4nia de encerramento reuniu participantes do curso\" width=\"400\" height=\"350\" \/><\/a><p id=\"caption-attachment-177402\" class=\"wp-caption-text\">Evento reuniu participantes do curso<\/p><\/div>\n<p>Na plateia, quem participou do curso <strong>elogiou o projeto e a iniciativa da Secretaria de Sa\u00fade<\/strong>. \u201cO conte\u00fado foi muito<strong> amplo, did\u00e1tico e esclarecedor, com uma metodologia ativa e participativa<\/strong>\u201d, disse o diretor assistencial do <a href=\"http:\/\/www.hsvicente.org.br\/\" target=\"_blank\">Hospital S\u00e3o Vicente de Paulo<\/a>, Andr\u00e9 Silva de Oliveira. \u201cAl\u00e9m do grupo que participou na Escola de Governo, levamos o curso para dentro do hospital e conseguimos atingir um <strong>grupo mais amplo e misto, com m\u00e9dicos, profissionais assistenciais e administrativos, que passaram a ter uma no\u00e7\u00e3o mais clara da concep\u00e7\u00e3o do SUS e de seu funcionamento<\/strong>.\u201d<\/p>\n<p>Participaram ainda da cerim\u00f4nia o vereador Gerson Sartori, representando a <a href=\"http:\/\/www.jundiai.sp.leg.br\/\" target=\"_blank\">C\u00e2mara Municipal<\/a>, o vice-presidente do Conselho Municipal de Sa\u00fade, Jos\u00e9 Ant\u00f4nio Kachan J\u00fanior, o diretor da <a href=\"http:\/\/escoladegoverno.jundiai.sp.gov.br\/\" target=\"_blank\">Escola de Governo e Gest\u00e3o<\/a>, Marcelo Lo Monaco, a secret\u00e1ria de Agricultura, Abastecimento e Turismo, Val\u00e9ria Silveira de Oliveira , o coordenador do Gabinete de Gest\u00e3o Integrada Municipal (GGIM), Jos\u00e9 Carlos Pires, o superintendente da <a href=\"http:\/\/serradojapi.jundiai.sp.gov.br\/\" target=\"_blank\">Funda\u00e7\u00e3o Serra do Japi<\/a>, Fl\u00e1vio Gramolelli, e o superintendente do <a href=\"http:\/\/www.hsvicente.org.br\/\" target=\"_blank\">Hospital S\u00e3o Vicente<\/a>, Francisco Claro.<\/p>\n<p><strong><em>Niza Souza<br \/>\nFotos: Dorival Pinheiro Filho e Divulga\u00e7\u00e3o<\/em><\/strong><\/p>\n","protected":false},"excerpt":{"rendered":"<p>Projeto da Secretaria de Sa\u00fade e da Escola de Governo e Gest\u00e3o mobilizou a sociedade com o debate sobre o Sistema \u00danico de Sa\u00fade (SUS)<\/p>\n","protected":false},"author":14,"featured_media":177413,"comment_status":"closed","ping_status":"closed","sticky":false,"template":"","format":"standard","meta":{"footnotes":""},"categories":[2],"tags":[607,308,58,3,98],"ods":[],"class_list":["post-177399","post","type-post","status-publish","format-standard","has-post-thumbnail","hentry","category-noticias","tag-conselho-de-saude-comus","tag-escola-de-governo-e-gestao","tag-prefeito","tag-saude","tag-teatro-polytheama"],"_links":{"self":[{"href":"https:\/\/jundiai.sp.gov.br\/noticias\/wp-json\/wp\/v2\/posts\/177399","targetHints":{"allow":["GET"]}}],"collection":[{"href":"https:\/\/jundiai.sp.gov.br\/noticias\/wp-json\/wp\/v2\/posts"}],"about":[{"href":"https:\/\/jundiai.sp.gov.br\/noticias\/wp-json\/wp\/v2\/types\/post"}],"author":[{"embeddable":true,"href":"https:\/\/jundiai.sp.gov.br\/noticias\/wp-json\/wp\/v2\/users\/14"}],"replies":[{"embeddable":true,"href":"https:\/\/jundiai.sp.gov.br\/noticias\/wp-json\/wp\/v2\/comments?post=177399"}],"version-history":[{"count":16,"href":"https:\/\/jundiai.sp.gov.br\/noticias\/wp-json\/wp\/v2\/posts\/177399\/revisions"}],"predecessor-version":[{"id":178871,"href":"https:\/\/jundiai.sp.gov.br\/noticias\/wp-json\/wp\/v2\/posts\/177399\/revisions\/178871"}],"wp:featuredmedia":[{"embeddable":true,"href":"https:\/\/jundiai.sp.gov.br\/noticias\/wp-json\/wp\/v2\/media\/177413"}],"wp:attachment":[{"href":"https:\/\/jundiai.sp.gov.br\/noticias\/wp-json\/wp\/v2\/media?parent=177399"}],"wp:term":[{"taxonomy":"category","embeddable":true,"href":"https:\/\/jundiai.sp.gov.br\/noticias\/wp-json\/wp\/v2\/categories?post=177399"},{"taxonomy":"post_tag","embeddable":true,"href":"https:\/\/jundiai.sp.gov.br\/noticias\/wp-json\/wp\/v2\/tags?post=177399"},{"taxonomy":"ods","embeddable":true,"href":"https:\/\/jundiai.sp.gov.br\/noticias\/wp-json\/wp\/v2\/ods?post=177399"}],"curies":[{"name":"wp","href":"https:\/\/api.w.org\/{rel}","templated":true}]}}