{"id":177525,"date":"2016-05-18T17:41:02","date_gmt":"2016-05-18T20:41:02","guid":{"rendered":"https:\/\/jundiai.sp.gov.br\/noticias\/?p=177525"},"modified":"2016-11-04T10:53:16","modified_gmt":"2016-11-04T12:53:16","slug":"jundiai-prepara-caravana-de-agricultores-para-hortitec-2016","status":"publish","type":"post","link":"https:\/\/jundiai.sp.gov.br\/noticias\/2016\/05\/18\/jundiai-prepara-caravana-de-agricultores-para-hortitec-2016\/","title":{"rendered":"Jundia\u00ed prepara caravana de agricultores para Hortitec 2016"},"content":{"rendered":"<p><strong>A Prefeitura, com apoio do <a href=\"http:\/\/www.sebrae.com.br\/sites\/PortalSebrae\" target=\"_blank\">Servi\u00e7o Brasileiro de Apoio \u00e0s Micro e Pequenas Empresas (Sebrae)<\/a>, promove uma caravana t\u00e9cnica de agricultores na 23\u00aa Hortitec no dia 23 de junho, com sa\u00edda \u00e0s 9h. As inscri\u00e7\u00f5es est\u00e3o abertas na Secretaria de Agricultura, Abastecimento e Turismo pelo telefone (11) 4589-8581 ou pessoalmente no 5\u00ba andar do Pa\u00e7o Municipal com taxa simb\u00f3lica de R$ 15.<\/strong><\/p>\n<p><strong>LEIA TAMB\u00c9M<\/strong><br \/>\n<a href=\"https:\/\/jundiai.sp.gov.br\/noticias\/2016\/05\/14\/atracoes-culturais-marcam-reabertura-do-escadao\/\">Atra\u00e7\u00f5es culturais marcam reabertura do Escad\u00e3o<\/a><br \/>\n<a href=\"https:\/\/jundiai.sp.gov.br\/noticias\/2016\/05\/17\/estacao-geek-vai-contar-com-presenca-de-dublador-e-desfile-de-cosplay\/\">\u2018Esta\u00e7\u00e3o Geek\u2019 vai contar com presen\u00e7a de dublador e desfile de cosplay<\/a><\/p>\n<div id=\"attachment_177527\" style=\"width: 410px\" class=\"wp-caption alignleft\"><a href=\"https:\/\/jundiai.sp.gov.br\/noticias\/wp-content\/uploads\/sites\/32\/2016\/05\/hortitec_g-1.jpg\" rel=\"attachment wp-att-177527\"><img loading=\"lazy\" decoding=\"async\" aria-describedby=\"caption-attachment-177527\" class=\"size-large wp-image-177527\" src=\"https:\/\/jundiai.sp.gov.br\/noticias\/wp-content\/uploads\/sites\/32\/2016\/05\/hortitec_g-1-720x479.jpg\" alt=\"Evento re\u00fane fornecedores de horticultura e fruticultura\" width=\"400\" height=\"350\" \/><\/a><p id=\"caption-attachment-177527\" class=\"wp-caption-text\">Evento re\u00fane fornecedores de horticultura e fruticultura<\/p><\/div>\n<p>Realizada em Holambra, a atual Exposi\u00e7\u00e3o de Horticultura, Cultivo Protegido e Culturas Intensivas surgiu na d\u00e9cada de 1990 por iniciativa de um grupo de empres\u00e1rios que sentia necessidade de um <strong>evento inspirado no exterior em que participantes e empresas expositoras pudessem ter contato entre si<\/strong>. Do foco inicial na <strong>horticultura<\/strong> passou a incluir tamb\u00e9m a <strong>fruticultura<\/strong>, tamb\u00e9m relacionada com a agricultura familiar.<\/p>\n<p><strong>Mais de 350 empresas<\/strong>\u00a0v\u00e3o participar do evento, que espera a m\u00e9dia de <strong>25 mil visitantes em tr\u00eas dias<\/strong>, com focos t\u00e3o variados como <strong>sementes, bulbos, mudas, fertilizantes, irriga\u00e7\u00e3o, ferramentas, estufas, embalagens, vasos, telas, substratos, climatiza\u00e7\u00e3o, biotecnologia, assessoria t\u00e9cnica e em com\u00e9rcio exterior, literatura e produtos importados<\/strong>.<\/p>\n<p>Para a <strong>inscri\u00e7\u00e3o de reserva de vaga<\/strong>, bastam dados como <strong>nome completo, documento pessoal e CNPJ da propriedade<\/strong>.<\/p>\n<p><strong><em>Jos\u00e9 Arnaldo de Oliveira<br \/>\nFoto: Fot\u00f3grafos PMJ<\/em><\/strong><\/p>\n","protected":false},"excerpt":{"rendered":"<p>A Prefeitura, com apoio do Servi\u00e7o Brasileiro de Apoio \u00e0s Micro e Pequenas Empresas (Sebrae), promove uma caravana t\u00e9cnica de agricultores na 23\u00aa Hortitec no dia 23 de junho, com sa\u00edda \u00e0s 9h. As inscri\u00e7\u00f5es est\u00e3o abertas na Secretaria de Agricultura, Abastecimento e Turismo pelo telefone (11) 4589-8581 ou pessoalmente no 5\u00ba andar do Pa\u00e7o [&hellip;]<\/p>\n","protected":false},"author":14,"featured_media":0,"comment_status":"closed","ping_status":"closed","sticky":false,"template":"","format":"standard","meta":{"footnotes":""},"categories":[2],"tags":[41,138,234],"ods":[],"class_list":["post-177525","post","type-post","status-publish","format-standard","hentry","category-noticias","tag-agricultura-abastecimento-e-turismo","tag-paco-municipal","tag-sebrae"],"_links":{"self":[{"href":"https:\/\/jundiai.sp.gov.br\/noticias\/wp-json\/wp\/v2\/posts\/177525","targetHints":{"allow":["GET"]}}],"collection":[{"href":"https:\/\/jundiai.sp.gov.br\/noticias\/wp-json\/wp\/v2\/posts"}],"about":[{"href":"https:\/\/jundiai.sp.gov.br\/noticias\/wp-json\/wp\/v2\/types\/post"}],"author":[{"embeddable":true,"href":"https:\/\/jundiai.sp.gov.br\/noticias\/wp-json\/wp\/v2\/users\/14"}],"replies":[{"embeddable":true,"href":"https:\/\/jundiai.sp.gov.br\/noticias\/wp-json\/wp\/v2\/comments?post=177525"}],"version-history":[{"count":3,"href":"https:\/\/jundiai.sp.gov.br\/noticias\/wp-json\/wp\/v2\/posts\/177525\/revisions"}],"predecessor-version":[{"id":177530,"href":"https:\/\/jundiai.sp.gov.br\/noticias\/wp-json\/wp\/v2\/posts\/177525\/revisions\/177530"}],"wp:attachment":[{"href":"https:\/\/jundiai.sp.gov.br\/noticias\/wp-json\/wp\/v2\/media?parent=177525"}],"wp:term":[{"taxonomy":"category","embeddable":true,"href":"https:\/\/jundiai.sp.gov.br\/noticias\/wp-json\/wp\/v2\/categories?post=177525"},{"taxonomy":"post_tag","embeddable":true,"href":"https:\/\/jundiai.sp.gov.br\/noticias\/wp-json\/wp\/v2\/tags?post=177525"},{"taxonomy":"ods","embeddable":true,"href":"https:\/\/jundiai.sp.gov.br\/noticias\/wp-json\/wp\/v2\/ods?post=177525"}],"curies":[{"name":"wp","href":"https:\/\/api.w.org\/{rel}","templated":true}]}}