{"id":177779,"date":"2016-05-19T17:15:16","date_gmt":"2016-05-19T20:15:16","guid":{"rendered":"https:\/\/jundiai.sp.gov.br\/noticias\/?p=177779"},"modified":"2016-11-04T10:53:16","modified_gmt":"2016-11-04T12:53:16","slug":"conselheiros-do-ceu-das-artes-tomam-posse","status":"publish","type":"post","link":"https:\/\/jundiai.sp.gov.br\/noticias\/2016\/05\/19\/conselheiros-do-ceu-das-artes-tomam-posse\/","title":{"rendered":"Conselheiros do CEU das Artes tomam posse"},"content":{"rendered":"<p><iframe loading=\"lazy\" class=\"alignright\" width=\"420\" height=\"315\" src=\"https:\/\/www.youtube.com\/embed\/jmCqHzFKGNM\" frameborder=\"0\" allowfullscreen><\/iframe><strong>Em cerim\u00f4nia no in\u00edcio da noite de quarta-feira (18), no Pa\u00e7o Municipal, os titulares e suplementes que comp\u00f5em a primeira forma\u00e7\u00e3o do Conselho Gestor do CEU das Artes tomaram posse j\u00e1 com uma importante miss\u00e3o: mobilizar a comunidade para participar da abertura oficial do novo espa\u00e7o, marcado para o s\u00e1bado (28), a partir das 10h.<\/strong><\/p>\n<p>O <strong>Centro de Artes e Esportes Unificados Vista Alegre<\/strong> \u00e9 o <strong>primeiro equipamento p\u00fablico da cidade<\/strong> que vai ter um <strong>modelo de gest\u00e3o compartilhada com a sociedade<\/strong>. O conselho \u00e9 composto por <strong>nove\u00a0titulares<\/strong>, sendo <strong>tr\u00eas representantes da Prefeitura, tr\u00eas\u00a0da sociedade civil e tr\u00eas\u00a0representantes dos usu\u00e1rios, e seus respectivos suplentes<\/strong>. O mandato do conselho \u00e9 de <strong>dois anos<\/strong>.<\/p>\n<p>O secret\u00e1rio de <a href=\"http:\/\/cultura.jundiai.sp.gov.br\/\" target=\"_blank\">Cultura<\/a>, Jean Camoleze, destacou a <strong>import\u00e2ncia da participa\u00e7\u00e3o da sociedade e frisou que a miss\u00e3o do conselho \u00e9 fazer uma gest\u00e3o participativa, de acordo com as demandas da comunidade local<\/strong>. \u201cA base do conselho \u00e9 a <strong>rela\u00e7\u00e3o dos populares<\/strong>. Esse novo espa\u00e7o \u00e9 um <strong>instrumento importante<\/strong> e \u00a0vai ter a responsabilidade de <strong>expandir a cultura n\u00e3o apenas para a comunidade do Vista Alegre, mas para toda a cidade<\/strong>\u201d, disse.<\/p>\n<p><strong>LEIA TAMB\u00c9M<\/strong><br \/>\n<a href=\"https:\/\/jundiai.sp.gov.br\/noticias\/2016\/05\/17\/orquestra-municipal-estreia-temporada-na-virada-jundiai\/\">Orquestra Municipal estreia temporada na Virada Jundia\u00ed<\/a><br \/>\n<a href=\"https:\/\/jundiai.sp.gov.br\/noticias\/2016\/05\/17\/catalogo-do-patrimonio-historico-e-cultural-fica-para-junho\/\">Cat\u00e1logo do Patrim\u00f4nio Hist\u00f3rico e Cultural fica para junho<\/a><br \/>\n<a href=\"https:\/\/jundiai.sp.gov.br\/noticias\/2016\/05\/17\/14a-semana-de-museus-discute-antiga-jundiai-com-serie-de-atividades\/\">14\u00aa Semana de Museus discute antiga Jundia\u00ed com s\u00e9rie de atividades<\/a><\/p>\n<div id=\"attachment_177780\" style=\"width: 730px\" class=\"wp-caption aligncenter\"><a href=\"https:\/\/jundiai.sp.gov.br\/noticias\/wp-content\/uploads\/sites\/32\/2016\/05\/posse_conselho_ceu_D5g.jpg\" rel=\"attachment wp-att-177780\"><img loading=\"lazy\" decoding=\"async\" aria-describedby=\"caption-attachment-177780\" class=\"size-large wp-image-177780\" src=\"https:\/\/jundiai.sp.gov.br\/noticias\/wp-content\/uploads\/sites\/32\/2016\/05\/posse_conselho_ceu_D5g-720x488.jpg\" alt=\"Cerim\u00f4nia de posse foi nessa quarta-feira (18), no Pa\u00e7o Municipal\" width=\"720\" height=\"488\" srcset=\"https:\/\/jundiai.sp.gov.br\/noticias\/wp-content\/uploads\/sites\/32\/2016\/05\/posse_conselho_ceu_D5g-720x488.jpg 720w, https:\/\/jundiai.sp.gov.br\/noticias\/wp-content\/uploads\/sites\/32\/2016\/05\/posse_conselho_ceu_D5g-300x203.jpg 300w, https:\/\/jundiai.sp.gov.br\/noticias\/wp-content\/uploads\/sites\/32\/2016\/05\/posse_conselho_ceu_D5g-768x521.jpg 768w, https:\/\/jundiai.sp.gov.br\/noticias\/wp-content\/uploads\/sites\/32\/2016\/05\/posse_conselho_ceu_D5g.jpg 1240w\" sizes=\"auto, (max-width: 720px) 100vw, 720px\" \/><\/a><p id=\"caption-attachment-177780\" class=\"wp-caption-text\">Cerim\u00f4nia de posse foi nessa quarta-feira (18), no Pa\u00e7o Municipal<\/p><\/div>\n<p>O CEU das Artes contou com <strong>investimento de R$ 2,5 milh\u00f5es<\/strong> \u2013 provenientes de <strong>recursos federais e contrapartida municipal<\/strong>. S\u00e3o <strong>6,5 mil metros quadrados<\/strong> de \u00e1rea total, sendo <strong>1.034 metros quadrados de constru\u00e7\u00e3o<\/strong>, distribu\u00eddos entre<strong> quadra coberta, pista de skate, playground, sala de gin\u00e1stica, biblioteca, telecentro e um miniteatro<\/strong>.<\/p>\n<p>O espa\u00e7o vai ter uma <strong>ocupa\u00e7\u00e3o m\u00faltipla<\/strong>, envolvendo tr\u00eas secretarias: Assist\u00eancia e Desenvolvimento Social, Esportes e Lazer e de Cultura, al\u00e9m da <a href=\"https:\/\/www.facebook.com\/Coordenadoria-da-Juventude-de-Jundia%C3%AD-227034494027268\/?fref=ts\" target=\"_blank\">Coordenadoria da Juventude<\/a>.<\/p>\n<p>Os <strong>conselheiros indicados pela Prefeitura<\/strong> s\u00e3o Vanderson Alexandre Cosmo, Edilaine Cardoso Santos e Luiz Miguel Lacerda, e seus <strong>suplentes<\/strong>: Anderson Ara\u00fajo, Edna da Silveira e Ana Carla de Almeida Santos. Da <strong>sociedade civil<\/strong> foram eleitos Maria de Lourdes de Lima, Geraldo de Souza Fernandes e Zilda de Almeida Silva e os <strong>suplentes<\/strong> Maria Francisca da Silva e Antonio Carlos Paz Silva. E da <strong>representa\u00e7\u00e3o de usu\u00e1rios<\/strong>, Valdir Ambr\u00f3sio Lira (Rede Social Morada das Vinhas), Lucinda Cantoni Lopes (Cedeca) e Rita In\u00eas Aparecida Souza Marques (ONG Tr\u00e2nsito e Cidadania), e seus <strong>suplentes<\/strong> Cassiano Rog\u00e9rio Gon\u00e7alves, Aureli Moreno da Silva e Marinalva Lima da Silva.<\/p>\n<p><strong><em>Niza Souza<br \/>\nFoto: Dorival Pinheiro Filho<\/em><\/strong><\/p>\n","protected":false},"excerpt":{"rendered":"<p>Em cerim\u00f4nia no in\u00edcio da noite de quarta-feira (18), no Pa\u00e7o Municipal, os titulares e suplementes que comp\u00f5em a primeira forma\u00e7\u00e3o do Conselho Gestor do CEU das Artes tomaram posse j\u00e1 com uma importante miss\u00e3o: mobilizar a comunidade para participar da abertura oficial do novo espa\u00e7o, marcado para o s\u00e1bado (28), a partir das 10h. [&hellip;]<\/p>\n","protected":false},"author":14,"featured_media":0,"comment_status":"closed","ping_status":"closed","sticky":false,"template":"","format":"standard","meta":{"footnotes":""},"categories":[2],"tags":[894,174,29,35,138,73],"ods":[],"class_list":["post-177779","post","type-post","status-publish","format-standard","hentry","category-noticias","tag-ceu-das-artes-do-vista-alegre","tag-coordenadoria-da-juventude","tag-cultura","tag-esporte-e-lazer","tag-paco-municipal","tag-secretaria-de-assistencia-e-desenvolvimento-social-semads"],"_links":{"self":[{"href":"https:\/\/jundiai.sp.gov.br\/noticias\/wp-json\/wp\/v2\/posts\/177779","targetHints":{"allow":["GET"]}}],"collection":[{"href":"https:\/\/jundiai.sp.gov.br\/noticias\/wp-json\/wp\/v2\/posts"}],"about":[{"href":"https:\/\/jundiai.sp.gov.br\/noticias\/wp-json\/wp\/v2\/types\/post"}],"author":[{"embeddable":true,"href":"https:\/\/jundiai.sp.gov.br\/noticias\/wp-json\/wp\/v2\/users\/14"}],"replies":[{"embeddable":true,"href":"https:\/\/jundiai.sp.gov.br\/noticias\/wp-json\/wp\/v2\/comments?post=177779"}],"version-history":[{"count":7,"href":"https:\/\/jundiai.sp.gov.br\/noticias\/wp-json\/wp\/v2\/posts\/177779\/revisions"}],"predecessor-version":[{"id":177831,"href":"https:\/\/jundiai.sp.gov.br\/noticias\/wp-json\/wp\/v2\/posts\/177779\/revisions\/177831"}],"wp:attachment":[{"href":"https:\/\/jundiai.sp.gov.br\/noticias\/wp-json\/wp\/v2\/media?parent=177779"}],"wp:term":[{"taxonomy":"category","embeddable":true,"href":"https:\/\/jundiai.sp.gov.br\/noticias\/wp-json\/wp\/v2\/categories?post=177779"},{"taxonomy":"post_tag","embeddable":true,"href":"https:\/\/jundiai.sp.gov.br\/noticias\/wp-json\/wp\/v2\/tags?post=177779"},{"taxonomy":"ods","embeddable":true,"href":"https:\/\/jundiai.sp.gov.br\/noticias\/wp-json\/wp\/v2\/ods?post=177779"}],"curies":[{"name":"wp","href":"https:\/\/api.w.org\/{rel}","templated":true}]}}