{"id":177927,"date":"2016-05-20T17:56:22","date_gmt":"2016-05-20T20:56:22","guid":{"rendered":"https:\/\/jundiai.sp.gov.br\/noticias\/?p=177927"},"modified":"2016-11-04T10:53:18","modified_gmt":"2016-11-04T12:53:18","slug":"dia-do-desafio-esta-marcado-para-a-proxima-quarta-feira-25","status":"publish","type":"post","link":"https:\/\/jundiai.sp.gov.br\/noticias\/2016\/05\/20\/dia-do-desafio-esta-marcado-para-a-proxima-quarta-feira-25\/","title":{"rendered":"Dia do Desafio 2016 est\u00e1 marcado para a pr\u00f3xima quarta-feira (25)"},"content":{"rendered":"<p><strong>O Dia do Desafio \u00e9 uma campanha mundial de incentivo \u00e0 pr\u00e1tica regular de atividades f\u00edsicas em benef\u00edcio da sa\u00fade e bem-estar, promovida por meio de a\u00e7\u00f5es das comunidades. E, neste\u00a0ano, est\u00e1 marcado para esta quarta-feira (25), em toda a cidade.<\/strong><\/p>\n<p>Realizado anualmente sempre na \u00faltima quarta-feira de maio, o <strong>evento prop\u00f5e que as pessoas interrompam as atividades rotineiras e pratiquem qualquer tipo de atividade f\u00edsico-esportiva<\/strong>.<\/p>\n<p><strong>LEIA TAMB\u00c9M<\/strong><br \/>\n<a href=\"https:\/\/jundiai.sp.gov.br\/noticias\/2016\/05\/19\/conselheiros-do-ceu-das-artes-tomam-posse\/\">Conselheiros do CEU das Artes tomam posse<\/a><br \/>\n<a href=\"https:\/\/jundiai.sp.gov.br\/noticias\/2016\/05\/20\/confira-o-que-abre-e-fecha-na-cidade-no-feriado-de-corpus-christi\/\">Confira o que abre e fecha na cidade no feriado de Corpus Christi<\/a><br \/>\n<a href=\"https:\/\/jundiai.sp.gov.br\/noticias\/2016\/05\/18\/esquema-de-seguranca-para-receber-tocha-olimpica-comeca-a-ser-tracado\/\">Esquema de seguran\u00e7a para receber tocha ol\u00edmpica come\u00e7a a ser tra\u00e7ado<\/a><\/p>\n<div id=\"attachment_177928\" style=\"width: 730px\" class=\"wp-caption aligncenter\"><a href=\"https:\/\/jundiai.sp.gov.br\/noticias\/wp-content\/uploads\/sites\/32\/2016\/05\/Dia_Desafio_A_12G.jpg\" rel=\"attachment wp-att-177928\"><img loading=\"lazy\" decoding=\"async\" aria-describedby=\"caption-attachment-177928\" class=\"size-large wp-image-177928\" src=\"https:\/\/jundiai.sp.gov.br\/noticias\/wp-content\/uploads\/sites\/32\/2016\/05\/Dia_Desafio_A_12G-720x451.jpg\" alt=\"Diversas atividades v\u00e3o estar dispon\u00edveis para o p\u00fablico no Sesc e em v\u00e1rios locais da cidade\" width=\"720\" height=\"451\" srcset=\"https:\/\/jundiai.sp.gov.br\/noticias\/wp-content\/uploads\/sites\/32\/2016\/05\/Dia_Desafio_A_12G-720x451.jpg 720w, https:\/\/jundiai.sp.gov.br\/noticias\/wp-content\/uploads\/sites\/32\/2016\/05\/Dia_Desafio_A_12G-300x188.jpg 300w, https:\/\/jundiai.sp.gov.br\/noticias\/wp-content\/uploads\/sites\/32\/2016\/05\/Dia_Desafio_A_12G-768x481.jpg 768w, https:\/\/jundiai.sp.gov.br\/noticias\/wp-content\/uploads\/sites\/32\/2016\/05\/Dia_Desafio_A_12G.jpg 1240w\" sizes=\"auto, (max-width: 720px) 100vw, 720px\" \/><\/a><p id=\"caption-attachment-177928\" class=\"wp-caption-text\">Diversas atividades v\u00e3o estar dispon\u00edveis para o p\u00fablico no Sesc e em v\u00e1rios locais da cidade<\/p><\/div>\n<p>Neste ano,<strong> 3.500 cidades de toda a Am\u00e9rica Latina<\/strong>, de acordo com o n\u00famero de habitantes de cada uma, <strong>confirmaram presen\u00e7a e participaram do <a href=\"https:\/\/jundiai.sp.gov.br\/noticias\/2016\/05\/09\/prefeito-prestigia-lancamento-do-22o-dia-do-desafio-no-sesc\/\">sorteio na segunda-feira (9)<\/a><\/strong>.<\/p>\n<p>A ideia \u00e9 que <strong>equipes se envolvam em competi\u00e7\u00f5es amig\u00e1veis entre cidades do mesmo porte<\/strong>, com o objetivo de <strong>mobilizar a maior n\u00famero de pessoas<\/strong>, e o <strong>pr\u00eamio \u00e9 a conscientiza\u00e7\u00e3o da popula\u00e7\u00e3o da cidade com rela\u00e7\u00e3o \u00e0 import\u00e2ncia da pr\u00e1tica de exerc\u00edcios f\u00edsicos<\/strong>.<\/p>\n<p>No lan\u00e7amento oficial do evento, no <a href=\"https:\/\/www.sescsp.org.br\/\" target=\"_blank\">Sesc Jundia\u00ed<\/a>, houve um<strong> espet\u00e1culo que contou com diversos atletas ol\u00edmpicos,<\/strong> como Arthur Zanetti, Sarah Menezes, Janeth, Magic Paula, Vanderlei Cordeiro de Lima, Fl\u00e1vio Canto e tamb\u00e9m o atleta paraol\u00edmpico Alan Fonteles, demonstrando suas modalidades.<\/p>\n<div id=\"attachment_177930\" style=\"width: 410px\" class=\"wp-caption alignright\"><a href=\"https:\/\/jundiai.sp.gov.br\/noticias\/wp-content\/uploads\/sites\/32\/2016\/05\/dia_do_desafio_no_paco_P_49G.jpg\" rel=\"attachment wp-att-177930\"><img loading=\"lazy\" decoding=\"async\" aria-describedby=\"caption-attachment-177930\" class=\"size-large wp-image-177930\" src=\"https:\/\/jundiai.sp.gov.br\/noticias\/wp-content\/uploads\/sites\/32\/2016\/05\/dia_do_desafio_no_paco_P_49G-720x422.jpg\" alt=\"No Pa\u00e7o Municipal, a popula\u00e7\u00e3o poder\u00e1 participar de uma aula de ritmos latinos\" width=\"400\" height=\"350\" \/><\/a><p id=\"caption-attachment-177930\" class=\"wp-caption-text\">No Pa\u00e7o Municipal, a popula\u00e7\u00e3o poder\u00e1 participar de uma aula de ritmos latinos<\/p><\/div>\n<p><strong>Programa\u00e7\u00e3o <\/strong><br \/>\n<strong>Na quarta-feira (25), a popula\u00e7\u00e3o de Jundia\u00ed pode participar de atividades f\u00edsicas em diversos pontos da cidade<\/strong>. No <strong>Pa\u00e7o Municipal<\/strong>\u00a0est\u00e1 marcada a t\u00edpica <strong>descida do 8\u00ba andar ao t\u00e9rreo, \u00e0s 9h30; E \u00e0s 10h, uma aula de ritmos latinos no p\u00e1tio<\/strong>.<\/p>\n<p>No <strong>Sesc Jundia\u00ed<\/strong>\u00a0est\u00e3o marcadas <strong>diversas atividades, tanto para crian\u00e7as quanto para adultos<\/strong>.<\/p>\n<p><strong>Os centros esportivos da cidade tamb\u00e9m est\u00e3o preparando uma programa\u00e7\u00e3o especial para o Dia do Desafio<\/strong>.<\/p>\n<p><strong>Rope skipping na pista, brincadeiras de rua, esgrima e tae-kwon-do<\/strong> s\u00e3o algumas das viv\u00eancias que podem ser contempladas por adultos e crian\u00e7as no Sesc Jundia\u00ed. A programa\u00e7\u00e3o tamb\u00e9m vai contar com <strong>aulas abertas de ballet fit, hidro animada, lian gong, GMF radical e brinca yoga para adultos<\/strong>, bem como <strong>recrea\u00e7\u00e3o livre com esportes radicais<\/strong>.<\/p>\n<p><strong>Magic Paula e professor Hermes Balbino v\u00e3o fazer\u00a0um bate-papo sobre como os <a href=\"https:\/\/www.rio2016.com\/\" target=\"_blank\">Jogos do Rio 2016<\/a> podem motivar as pessoas a praticarem atividade f\u00edsica, com o tema \u201cFilosofia e jogos, um encontro de pensadores\u201d, das 19h \u00e0s 21h<\/strong>. A <strong>retirada dos ingressos deve ser feita uma\u00a0hora antes<\/strong>, na Central de Atendimento. <a href=\"http:\/\/www.sescsp.org.br\/busca\/busca.action?q=dia%20do%20desafio%20jundia%C3%AD&amp;section=unidades#\/content=programacao\" target=\"_blank\">A programa\u00e7\u00e3o completa pode ser consultada no site do Sesc<\/a>.<\/p>\n<p><strong><em>Assessoria de Imprensa<br \/>\nFotos: Arquivo PMJ<\/em><\/strong><\/p>\n","protected":false},"excerpt":{"rendered":"<p>Evento prop\u00f5e que as pessoas durante o dia interrompam as atividades rotineiras e pratiquem qualquer tipo de atividade f\u00edsico-esportiva<\/p>\n","protected":false},"author":14,"featured_media":177937,"comment_status":"closed","ping_status":"closed","sticky":false,"template":"","format":"standard","meta":{"footnotes":""},"categories":[2],"tags":[411,168,35,138,267],"ods":[],"class_list":["post-177927","post","type-post","status-publish","format-standard","has-post-thumbnail","hentry","category-noticias","tag-centro-esportivo","tag-dia-do-desafio","tag-esporte-e-lazer","tag-paco-municipal","tag-sesc"],"_links":{"self":[{"href":"https:\/\/jundiai.sp.gov.br\/noticias\/wp-json\/wp\/v2\/posts\/177927","targetHints":{"allow":["GET"]}}],"collection":[{"href":"https:\/\/jundiai.sp.gov.br\/noticias\/wp-json\/wp\/v2\/posts"}],"about":[{"href":"https:\/\/jundiai.sp.gov.br\/noticias\/wp-json\/wp\/v2\/types\/post"}],"author":[{"embeddable":true,"href":"https:\/\/jundiai.sp.gov.br\/noticias\/wp-json\/wp\/v2\/users\/14"}],"replies":[{"embeddable":true,"href":"https:\/\/jundiai.sp.gov.br\/noticias\/wp-json\/wp\/v2\/comments?post=177927"}],"version-history":[{"count":7,"href":"https:\/\/jundiai.sp.gov.br\/noticias\/wp-json\/wp\/v2\/posts\/177927\/revisions"}],"predecessor-version":[{"id":177949,"href":"https:\/\/jundiai.sp.gov.br\/noticias\/wp-json\/wp\/v2\/posts\/177927\/revisions\/177949"}],"wp:featuredmedia":[{"embeddable":true,"href":"https:\/\/jundiai.sp.gov.br\/noticias\/wp-json\/wp\/v2\/media\/177937"}],"wp:attachment":[{"href":"https:\/\/jundiai.sp.gov.br\/noticias\/wp-json\/wp\/v2\/media?parent=177927"}],"wp:term":[{"taxonomy":"category","embeddable":true,"href":"https:\/\/jundiai.sp.gov.br\/noticias\/wp-json\/wp\/v2\/categories?post=177927"},{"taxonomy":"post_tag","embeddable":true,"href":"https:\/\/jundiai.sp.gov.br\/noticias\/wp-json\/wp\/v2\/tags?post=177927"},{"taxonomy":"ods","embeddable":true,"href":"https:\/\/jundiai.sp.gov.br\/noticias\/wp-json\/wp\/v2\/ods?post=177927"}],"curies":[{"name":"wp","href":"https:\/\/api.w.org\/{rel}","templated":true}]}}