{"id":177979,"date":"2016-05-22T15:31:54","date_gmt":"2016-05-22T18:31:54","guid":{"rendered":"https:\/\/jundiai.sp.gov.br\/noticias\/?p=177979"},"modified":"2020-11-06T11:18:09","modified_gmt":"2020-11-06T14:18:09","slug":"hip-hop-e-reggae-marcam-sabado-21-de-virada-jundiai","status":"publish","type":"post","link":"https:\/\/jundiai.sp.gov.br\/noticias\/2016\/05\/22\/hip-hop-e-reggae-marcam-sabado-21-de-virada-jundiai\/","title":{"rendered":"Hip-Hop e reggae marcam s\u00e1bado (21) de Virada Jundia\u00ed"},"content":{"rendered":"<p><strong>O clima frio do s\u00e1bado (21) n\u00e3o impediu o sucesso da programa\u00e7\u00e3o da Virada Jundia\u00ed, que conquistou os palcos da cidade com muita representatividade na cena hip-hop, samba rock,reggae e com coletivos regionais de cultura.<\/strong><\/p>\n<p><a href=\"https:\/\/www.flickr.com\/photos\/prefeituradejundiai\/albums\/72157666169745393\" target=\"_blank\" rel=\"noopener noreferrer\">CONFIRA AS FOTOS DA VIRADA JUNDIA\u00cd 2016<\/a><\/p>\n<p><strong>MAIS VIRADA JUNDIA\u00cd<\/strong><br \/>\n<a class=\"titulo-lista\" title=\"Conselheiros do CEU das Artes tomam posse\" href=\"https:\/\/jundiai.sp.gov.br\/noticias\/2016\/05\/19\/conselheiros-do-ceu-das-artes-tomam-posse\/\" rel=\"bookmark\">Conselheiros do CEU das Artes tomam posse<\/a><\/p>\n<p>A Ocupa\u00e7\u00e3o Hip-Hop no bairro S\u00e3o Camilo contou com o grupo \u201cThe Kings\u201d, que promoveu uma exposi\u00e7\u00e3o de bicicletas customizadas e produ\u00e7\u00e3o de grafites pela quadra da Escola Estadual Maria Jos\u00e9 Maia de Toledo, simult\u00e2neos \u00e0 apresenta\u00e7\u00e3o de discotecagem com o Dj Adriano da HP.<\/p>\n<div id=\"attachment_177980\" style=\"width: 730px\" class=\"wp-caption aligncenter\"><a href=\"https:\/\/jundiai.sp.gov.br\/noticias\/wp-content\/uploads\/sites\/32\/2016\/05\/thaide.jpg\" rel=\"attachment wp-att-177980\"><img loading=\"lazy\" decoding=\"async\" aria-describedby=\"caption-attachment-177980\" class=\"size-large wp-image-177980\" src=\"https:\/\/jundiai.sp.gov.br\/noticias\/wp-content\/uploads\/sites\/32\/2016\/05\/thaide-720x720.jpg\" alt=\"O rapper Tha\u00edde levou seu discurso emocionado aos presentes no S\u00e3o Camilo\" width=\"720\" height=\"720\" srcset=\"https:\/\/jundiai.sp.gov.br\/noticias\/wp-content\/uploads\/sites\/32\/2016\/05\/thaide-720x720.jpg 720w, https:\/\/jundiai.sp.gov.br\/noticias\/wp-content\/uploads\/sites\/32\/2016\/05\/thaide-100x100.jpg 100w, https:\/\/jundiai.sp.gov.br\/noticias\/wp-content\/uploads\/sites\/32\/2016\/05\/thaide-300x300.jpg 300w, https:\/\/jundiai.sp.gov.br\/noticias\/wp-content\/uploads\/sites\/32\/2016\/05\/thaide-768x768.jpg 768w, https:\/\/jundiai.sp.gov.br\/noticias\/wp-content\/uploads\/sites\/32\/2016\/05\/thaide.jpg 1280w\" sizes=\"auto, (max-width: 720px) 100vw, 720px\" \/><\/a><p id=\"caption-attachment-177980\" class=\"wp-caption-text\">O rapper Tha\u00edde levou seu discurso emocionado aos presentes no S\u00e3o Camilo<\/p><\/div>\n<p>Para o l\u00edder da \u201cThe Kings\u201d Jensin Silva, a tarde foi mais uma oportunidade de promover a cultura Hip-Hop em Jundia\u00ed. \u201cPara n\u00f3s \u00e9 uma satisfa\u00e7\u00e3o estar dentro da Virada com o trabalho de bicicletas customizadas, que tamb\u00e9m j\u00e1 esteve nos museus do Centro. \u00c9 um orgulho ver que estamos conquistando representatividade pela cidade\u201d, contou.<\/p>\n<p>Em seguida, o rapper de repercuss\u00e3o nacional Tha\u00edde levou seu discurso emocionado aos presentes na quadra. \u201c\u00c9 minha primeira vez na comunidade do S\u00e3o Camilo, mas n\u00e3o em Jundia\u00ed. Toda hist\u00f3ria do Hip-Hop dentro do Estado de S\u00e3o Paulo tem uma liga\u00e7\u00e3o direta ou indireta com esta cidade. Aqui \u00e9 um ber\u00e7o de grandes talentos e posso ver que est\u00e3o no caminho certo pela quantidade de crian\u00e7as aqui\u201d, destacou o cantor.<\/p>\n<p><strong>Parque da Uva <\/strong><br \/>\nEnquanto isso, no Parque Comendador Ant\u00f4nio Carbonari (Parque da Uva) os coletivos regionais de cultura produziam uma s\u00e9rie de atividades voltados \u00e0 arte alternativa, como saraus, correio elegante cantado, atividades interativas e outras mais. Na mesma proposta, \u00e0s 20h, no palco coreto 2, o som do jazz instrumental da Groove 493, contou com proje\u00e7\u00f5es iluminadas do Coletivo Estratosf\u00e9ricos, na inten\u00e7\u00e3o de aliar imagem e m\u00fasica.<\/p>\n<p>No pavilh\u00e3o principal do Parque da Uva, um Aul\u00e3o de Samba Rock preparou os amantes da dan\u00e7a para apresenta\u00e7\u00e3o posterior do grupo Sand\u00e1lia de Prata, no mesmo palco. \u201cEu adoro samba rock. J\u00e1 dan\u00e7o h\u00e1 um tempo, est\u00e1 inserido na minha vida desde pequena\u201d, revelou Francine Cassiano.<\/p>\n<p>No mesmo hor\u00e1rio, se encerrou a roda de conversa intitulada \u201cCausa Preta\u201d, que abordou tem\u00e1ticas sobre o empoderamento da mulher negra pela escrita e beleza. A idealizadora do projeto Mariane Davi foi surpreendida pelo p\u00fablico. \u201cN\u00f3s tivemos a participa\u00e7\u00e3o de muitas mulheres negras que se envolveram de forma significativa. Tivemos at\u00e9 que cortar um pouco para cessar a conversa e n\u00e3o passar do hor\u00e1rio\u201d, disse Mariane extasiada pelo sucesso do evento.<\/p>\n<p>O \u201cCausa Preta\u201d tamb\u00e9m contou com as participa\u00e7\u00f5es especiais da blogueira e youtuber D\u00e9bora Ninja, da estilista afro Ana Paula Xong\u00e2ni e da literata Joyce Aziza para discuss\u00e3o da beleza afro e de sua promo\u00e7\u00e3o pela escrita.<\/p>\n<p>O rapper Tha\u00edde fechou as programa\u00e7\u00f5es do palco interno com seu repert\u00f3rio de sucesso.<\/p>\n<p><strong>Reggae <\/strong><br \/>\nPara inaugurar o palco externo do Parque da Uva neste s\u00e1bado (21), a banda \u201cRock Seixas\u201d fez a alegria dos rockeiros de plant\u00e3o, ao anteceder o sucesso nacional da banda de reggae Maskavo, que logo se apossou da estrutura, \u00e0s 18h, na promo\u00e7\u00e3o de um show emocionante.<\/p>\n<p>A m\u00e3e Adriana Pradella, acompanhada de sua filha Isabela, de cinco anos, n\u00e3o conteve a empolga\u00e7\u00e3o ao acompanhar todas as letras das can\u00e7\u00f5es da Maskavo. \u201cEu adoro a banda e o ritmo, sou bem ecl\u00e9tica\u201d, disse enquanto dan\u00e7ava.<\/p>\n<p>Ap\u00f3s apresenta\u00e7\u00e3o da Maskavo, quem assumiu o palco externo foi a \u201cRa\u00edzes Rasta\u201d, que comemorou dentro da Virada Jundia\u00ed seus quinze anos de trabalho musical, com repert\u00f3rio autoral e de covers de Bob Marley e Soja. Em seguida, a banda Express\u00e3o Regueira, fechou o ciclo de apresenta\u00e7\u00f5es da noite.<\/p>\n<p><em><strong>Assessoria de Imprensa<\/strong><\/em><\/p>\n","protected":false},"excerpt":{"rendered":"<p>O clima frio do s\u00e1bado (21) n\u00e3o impediu o sucesso da programa\u00e7\u00e3o da Virada Jundia\u00ed, que conquistou os palcos da cidade com muita representatividade na cena hip-hop, samba rock,reggae e com coletivos regionais de cultura. CONFIRA AS FOTOS DA VIRADA JUNDIA\u00cd 2016 MAIS VIRADA JUNDIA\u00cd Conselheiros do CEU das Artes tomam posse A Ocupa\u00e7\u00e3o Hip-Hop [&hellip;]<\/p>\n","protected":false},"author":11,"featured_media":0,"comment_status":"closed","ping_status":"closed","sticky":false,"template":"","format":"standard","meta":{"footnotes":""},"categories":[2],"tags":[29,399,276,578,879],"ods":[],"class_list":["post-177979","post","type-post","status-publish","format-standard","hentry","category-noticias","tag-cultura","tag-musica","tag-parque-da-uva","tag-virada-jundiai","tag-virada-jundiai-2016"],"_links":{"self":[{"href":"https:\/\/jundiai.sp.gov.br\/noticias\/wp-json\/wp\/v2\/posts\/177979","targetHints":{"allow":["GET"]}}],"collection":[{"href":"https:\/\/jundiai.sp.gov.br\/noticias\/wp-json\/wp\/v2\/posts"}],"about":[{"href":"https:\/\/jundiai.sp.gov.br\/noticias\/wp-json\/wp\/v2\/types\/post"}],"author":[{"embeddable":true,"href":"https:\/\/jundiai.sp.gov.br\/noticias\/wp-json\/wp\/v2\/users\/11"}],"replies":[{"embeddable":true,"href":"https:\/\/jundiai.sp.gov.br\/noticias\/wp-json\/wp\/v2\/comments?post=177979"}],"version-history":[{"count":8,"href":"https:\/\/jundiai.sp.gov.br\/noticias\/wp-json\/wp\/v2\/posts\/177979\/revisions"}],"predecessor-version":[{"id":258173,"href":"https:\/\/jundiai.sp.gov.br\/noticias\/wp-json\/wp\/v2\/posts\/177979\/revisions\/258173"}],"wp:attachment":[{"href":"https:\/\/jundiai.sp.gov.br\/noticias\/wp-json\/wp\/v2\/media?parent=177979"}],"wp:term":[{"taxonomy":"category","embeddable":true,"href":"https:\/\/jundiai.sp.gov.br\/noticias\/wp-json\/wp\/v2\/categories?post=177979"},{"taxonomy":"post_tag","embeddable":true,"href":"https:\/\/jundiai.sp.gov.br\/noticias\/wp-json\/wp\/v2\/tags?post=177979"},{"taxonomy":"ods","embeddable":true,"href":"https:\/\/jundiai.sp.gov.br\/noticias\/wp-json\/wp\/v2\/ods?post=177979"}],"curies":[{"name":"wp","href":"https:\/\/api.w.org\/{rel}","templated":true}]}}