{"id":178259,"date":"2016-05-24T18:05:05","date_gmt":"2016-05-24T21:05:05","guid":{"rendered":"https:\/\/jundiai.sp.gov.br\/noticias\/?p=178259"},"modified":"2016-11-04T10:52:57","modified_gmt":"2016-11-04T12:52:57","slug":"conselho-municipal-de-ciencia-e-tecnologia-vai-se-reunir-na-empresa-mahle","status":"publish","type":"post","link":"https:\/\/jundiai.sp.gov.br\/noticias\/2016\/05\/24\/conselho-municipal-de-ciencia-e-tecnologia-vai-se-reunir-na-empresa-mahle\/","title":{"rendered":"Conselho de Ci\u00eancia e Tecnologia vai se reunir na empresa Mahle"},"content":{"rendered":"<p><strong>O Conselho Municipal de Ci\u00eancia, Tecnologia e Inova\u00e7\u00e3o de Jundia\u00ed j\u00e1 tem data marcada para o pr\u00f3ximo encontro. Ser\u00e1 dia 9 de junho, uma quinta-feira, \u00e0s 14h. O diferencial, neste caso, \u00e9 que a reuni\u00e3o se dar\u00e1 nas depend\u00eancias da empresa Mahle Metal Leve S. A., mais precisamente na Sala Ip\u00ea Amarelo, como proposto na \u00faltima conversa do Conselho pelo vice-presidente da multinacional Mahle, Ricardo Sim\u00f5es de Abreu, que tamb\u00e9m atua como membro do colegiado municipal.<\/strong><\/p>\n<p><strong>LEIA TAMB\u00c9M<\/strong><br \/>\n<a href=\"https:\/\/jundiai.sp.gov.br\/noticias\/2016\/05\/24\/pat-de-jundiai-transforma-se-em-referencia-regional\/\">PAT de Jundia\u00ed transforma-se em refer\u00eancia regional<\/a><br \/>\n<a href=\"https:\/\/jundiai.sp.gov.br\/noticias\/2016\/05\/24\/prefeitura-continua-debate-sobre-transporte-ferroviario\/\">Prefeitura continua debate sobre transporte ferrovi\u00e1rio<\/a><br \/>\n<a href=\"https:\/\/jundiai.sp.gov.br\/noticias\/2016\/05\/24\/confira-as-vagas-de-emprego-do-pat-jundiai-para-esta-quarta-feira-25\/\">Confira as vagas de emprego do PAT Jundia\u00ed para esta quarta-feira (25)<\/a><\/p>\n<p><strong>A pauta prevista atende \u00e0 seguinte programa\u00e7\u00e3o:<\/strong><\/p>\n<ul>\n<li><em>Formaliza\u00e7\u00e3o do nome &#8220;Tecnovale&#8221; ao futuro Parque Tecnol\u00f3gico;<\/em><\/li>\n<li><em>V\u00eddeo institucional de apresenta\u00e7\u00e3o do Parque;<\/em><\/li>\n<li><em>Entrega de of\u00edcios-certificados aos membros do Conselho;<\/em><\/li>\n<\/ul>\n<p><strong>Detalhamento sobre seguran\u00e7a Jur\u00eddica aos inquilinos:<\/strong><\/p>\n<p style=\"padding-left: 30px;\">a) Lei de concess\u00e3o real de uso;<br \/>\nb) Edital de chamamento para Incubadora de Empresas e TECNOVALE;<br \/>\nc) Decreto de regulamenta\u00e7\u00e3o do Programa Emprega Mais Jundia\u00ed.<\/p>\n<p>A<strong> programa\u00e7\u00e3o, no entanto, est\u00e1 aberta a modifica\u00e7\u00f5es, sugest\u00f5es e outros apontamentos dos conselheiros at\u00e9 a data-limite de 6 de junho<\/strong>. Ser\u00e1 a <strong>11\u00aa reuni\u00e3o do Conselho<\/strong>, criado em 2014 pela secretaria de Desenvolvimento Econ\u00f4mico, Ci\u00eancia e Tecnologia para <strong>deliberar e acompanhar as etapas de constru\u00e7\u00e3o do futuro Parque Tecnol\u00f3gico, assim como propor novos caminhos e pol\u00edticas p\u00fablicas nas \u00e1reas de pesquisa e inova\u00e7\u00e3o locais<\/strong>.<\/p>\n<p><a href=\"https:\/\/jundiai.sp.gov.br\/noticias\/2016\/04\/14\/parque-tecnologico-quer-seguranca-juridica-para-iniciativa-privada\/\">No \u00faltimo encontro, em 14 de abril<\/a>, foram postos em debate temas como a <a href=\"https:\/\/jundiai.sp.gov.br\/noticias\/2016\/04\/25\/escritorio-da-junta-comercial-e-oficialmente-inaugurado\/\">vinda do escrit\u00f3rio fixo da Junta Comercial em Jundia\u00ed<\/a>, a <a href=\"https:\/\/jundiai.sp.gov.br\/noticias\/2016\/05\/18\/parque-tecnologico-e-atracao-da-segunda-edicao-do-empreende-digital\/\">realiza\u00e7\u00e3o do Empreende Digital<\/a>, os programas <a href=\"https:\/\/jundiai.sp.gov.br\/desenvolvimento-economico\/desenvolve-jundiai\/\">Desenvolve Jundia\u00ed<\/a> e <a href=\"https:\/\/jundiai.sp.gov.br\/desenvolvimento-economico\/emprega-mais-jundiai\/\">Emprega Mais<\/a>, al\u00e9m, e principalmente, os<strong> avan\u00e7os na formata\u00e7\u00e3o de um arcabou\u00e7o jur\u00eddico para trazer seguran\u00e7a e credibilidade junto\u00a0\u00e0s empresas de voca\u00e7\u00e3o tecnol\u00f3gica \u2013 futuras &#8220;inquilinas&#8221; do espa\u00e7o<\/strong>.<\/p>\n<p><strong><em>Thiago Secco<\/em><\/strong><\/p>\n","protected":false},"excerpt":{"rendered":"<p>O Conselho Municipal de Ci\u00eancia, Tecnologia e Inova\u00e7\u00e3o de Jundia\u00ed j\u00e1 tem data marcada para o pr\u00f3ximo encontro. Ser\u00e1 dia 9 de junho, uma quinta-feira, \u00e0s 14h. O diferencial, neste caso, \u00e9 que a reuni\u00e3o se dar\u00e1 nas depend\u00eancias da empresa Mahle Metal Leve S. A., mais precisamente na Sala Ip\u00ea Amarelo, como proposto na [&hellip;]<\/p>\n","protected":false},"author":14,"featured_media":0,"comment_status":"closed","ping_status":"closed","sticky":false,"template":"","format":"standard","meta":{"footnotes":""},"categories":[2],"tags":[852,806,365,762,572],"ods":[],"class_list":["post-178259","post","type-post","status-publish","format-standard","hentry","category-noticias","tag-conselho-de-ciencia-tecnologia-e-inovacao-cmcti","tag-desenvolve-jundiai","tag-desenvolvimento-economico-ciencia-e-tecnologia","tag-emprega-mais-jundiai","tag-parque-tecnologico"],"_links":{"self":[{"href":"https:\/\/jundiai.sp.gov.br\/noticias\/wp-json\/wp\/v2\/posts\/178259","targetHints":{"allow":["GET"]}}],"collection":[{"href":"https:\/\/jundiai.sp.gov.br\/noticias\/wp-json\/wp\/v2\/posts"}],"about":[{"href":"https:\/\/jundiai.sp.gov.br\/noticias\/wp-json\/wp\/v2\/types\/post"}],"author":[{"embeddable":true,"href":"https:\/\/jundiai.sp.gov.br\/noticias\/wp-json\/wp\/v2\/users\/14"}],"replies":[{"embeddable":true,"href":"https:\/\/jundiai.sp.gov.br\/noticias\/wp-json\/wp\/v2\/comments?post=178259"}],"version-history":[{"count":4,"href":"https:\/\/jundiai.sp.gov.br\/noticias\/wp-json\/wp\/v2\/posts\/178259\/revisions"}],"predecessor-version":[{"id":178264,"href":"https:\/\/jundiai.sp.gov.br\/noticias\/wp-json\/wp\/v2\/posts\/178259\/revisions\/178264"}],"wp:attachment":[{"href":"https:\/\/jundiai.sp.gov.br\/noticias\/wp-json\/wp\/v2\/media?parent=178259"}],"wp:term":[{"taxonomy":"category","embeddable":true,"href":"https:\/\/jundiai.sp.gov.br\/noticias\/wp-json\/wp\/v2\/categories?post=178259"},{"taxonomy":"post_tag","embeddable":true,"href":"https:\/\/jundiai.sp.gov.br\/noticias\/wp-json\/wp\/v2\/tags?post=178259"},{"taxonomy":"ods","embeddable":true,"href":"https:\/\/jundiai.sp.gov.br\/noticias\/wp-json\/wp\/v2\/ods?post=178259"}],"curies":[{"name":"wp","href":"https:\/\/api.w.org\/{rel}","templated":true}]}}