{"id":178497,"date":"2016-05-29T16:12:17","date_gmt":"2016-05-29T19:12:17","guid":{"rendered":"https:\/\/jundiai.sp.gov.br\/noticias\/?p=178497"},"modified":"2016-11-04T10:52:59","modified_gmt":"2016-11-04T12:52:59","slug":"alegria-marca-finalizacao-da-entrega-de-27-mil-uniformes-escolares","status":"publish","type":"post","link":"https:\/\/jundiai.sp.gov.br\/noticias\/2016\/05\/29\/alegria-marca-finalizacao-da-entrega-de-27-mil-uniformes-escolares\/","title":{"rendered":"Alegria marca finaliza\u00e7\u00e3o da entrega dos 27 mil uniformes"},"content":{"rendered":"<p><strong>Em um clima contagiante, a Prefeitura encerrou neste domingo (29) a distribui\u00e7\u00e3o da maioria dos 27 mil kits de uniformes escolares para os estudantes da rede municipal de ensino.<\/strong><\/p>\n<p>A boa disposi\u00e7\u00e3o dos <strong>200 servidores municipais escalados ou volunt\u00e1rios<\/strong> para o atendimento continuou garantindo de forma <strong>r\u00e1pida e organizada<\/strong> a entrega dos kits mediante os vales de tamanhos definidos previamente pelas <strong>114 escolas da rede<\/strong>.<\/p>\n<p>\u201cEssa iniciativa cria um<strong> incentivo extra para nossos filhos dedicarem-se aos estudos. E mostra que Jundia\u00ed \u00e9 uma cidade que se preocupa com as crian\u00e7as de forma igualit\u00e1ria, formando uma identidade mesmo<\/strong>\u201d, afirmou Anderson Souza, que, com a mulher Rosana, levou as filhas Sara, desete anos, e Rebeca, de quatro\u00a0anos. Elas estudam nas escolas Emeb\u00a0Adelino Brand\u00e3o e Emeb\u00a0Aparecida Bernardi do Amaral, ambas na regi\u00e3o do Morada das Vinhas.<\/p>\n<p><strong>LEIA TAMB\u00c9M<\/strong><br \/>\n<a href=\"https:\/\/jundiai.sp.gov.br\/noticias\/2016\/05\/25\/prefeitura-cria-3-200-vagas-em-creches-em-tres-anos\/\">Prefeitura cria 3.200 vagas em creches em tr\u00eas anos<\/a><br \/>\n<a href=\"https:\/\/jundiai.sp.gov.br\/noticias\/2016\/05\/28\/estudantes-e-familias-celebram-entrega-de-uniformes-escolares\/\">Estudantes e fam\u00edlias celebram entrega dos uniformes<\/a><br \/>\n<a href=\"https:\/\/jundiai.sp.gov.br\/noticias\/2016\/05\/28\/prefeitura-inaugura-inedito-multiuso-com-ceu-das-artes\/\">Prefeitura inaugura in\u00e9dito multiuso com CEU das Artes<\/a><br \/>\n<a href=\"https:\/\/jundiai.sp.gov.br\/noticias\/2016\/05\/25\/nova-cidade-mirim-moderniza-educacao-de-transito-no-parque-da-cidade\/\">Nova \u2018Cidade Mirim\u2019 moderniza educa\u00e7\u00e3o de tr\u00e2nsito no Parque da Cidade<\/a><\/p>\n<div id=\"attachment_178498\" style=\"width: 730px\" class=\"wp-caption aligncenter\"><a href=\"https:\/\/jundiai.sp.gov.br\/noticias\/wp-content\/uploads\/sites\/32\/2016\/05\/uniforme-familia-g.jpg\" rel=\"attachment wp-att-178498\"><img loading=\"lazy\" decoding=\"async\" aria-describedby=\"caption-attachment-178498\" class=\"size-large wp-image-178498\" src=\"https:\/\/jundiai.sp.gov.br\/noticias\/wp-content\/uploads\/sites\/32\/2016\/05\/uniforme-familia-g-720x446.jpg\" alt=\"Rodolfo e D\u00e9bora: apoio estimula as crian\u00e7as\" width=\"720\" height=\"446\" srcset=\"https:\/\/jundiai.sp.gov.br\/noticias\/wp-content\/uploads\/sites\/32\/2016\/05\/uniforme-familia-g-720x446.jpg 720w, https:\/\/jundiai.sp.gov.br\/noticias\/wp-content\/uploads\/sites\/32\/2016\/05\/uniforme-familia-g-300x186.jpg 300w, https:\/\/jundiai.sp.gov.br\/noticias\/wp-content\/uploads\/sites\/32\/2016\/05\/uniforme-familia-g-768x476.jpg 768w, https:\/\/jundiai.sp.gov.br\/noticias\/wp-content\/uploads\/sites\/32\/2016\/05\/uniforme-familia-g.jpg 1240w\" sizes=\"auto, (max-width: 720px) 100vw, 720px\" \/><\/a><p id=\"caption-attachment-178498\" class=\"wp-caption-text\">Rodolfo e D\u00e9bora: apoio estimula as crian\u00e7as<\/p><\/div>\n<p>Com <strong>11 itens<\/strong>, o kit de uniforme escolar<strong> encantava os pequenos estudantes com um blus\u00e3o, tr\u00eas camisetas, duas cal\u00e7as, duas bermudas ou saias e mais um par de meias e um par de t\u00eanis personalizados<\/strong>.<\/p>\n<p>Era o caso da pequena Rayla, de cinco\u00a0anos, que foi levada ao parque pelos pais Rodolfo e D\u00e9bora da Silva Ferreira. Moradores no bairro rural da Roseira, na regi\u00e3o do Caxambu, <strong>aproveitaram tamb\u00e9m para levar as outras crian\u00e7as para um passeio de domingo<\/strong>. \u201cO <strong>material \u00e9 excelente para estimular as crian\u00e7as, que <a href=\"https:\/\/jundiai.sp.gov.br\/noticias\/2016\/02\/19\/educacao-inicia-entrega-de-kits-de-material-escolar-em-jundiai\/\">j\u00e1 receberam todo o material did\u00e1tico<\/a> no come\u00e7o do ano<\/strong>\u201d, afirmou ele, trabalhador rural que lida com uvas e abobrinhas italianas no seu dia a dia.<\/p>\n<p><div id=\"attachment_178501\" style=\"width: 410px\" class=\"wp-caption alignleft\"><a href=\"https:\/\/jundiai.sp.gov.br\/noticias\/wp-content\/uploads\/sites\/32\/2016\/05\/ALE5206g.jpg\" rel=\"attachment wp-att-178501\"><img loading=\"lazy\" decoding=\"async\" aria-describedby=\"caption-attachment-178501\" class=\"size-large wp-image-178501\" src=\"https:\/\/jundiai.sp.gov.br\/noticias\/wp-content\/uploads\/sites\/32\/2016\/05\/ALE5206g-720x501.jpg\" alt=\"Cerca de 200 servidores estiveram envolvidos no atendimento\" width=\"400\" height=\"350\" \/><\/a><p id=\"caption-attachment-178501\" class=\"wp-caption-text\">Cerca de 200 servidores estiveram envolvidos no atendimento<\/p><\/div>Dentro dos dois pavilh\u00f5es do Parque da Uva, usados para <strong>organizar os estandes de distribui\u00e7\u00e3o de kits conforme o tamanho do vestu\u00e1rio<\/strong>, os servidores atendiam as fam\u00edlias com os mesmos sorrisos que recebiam delas. Uma trilha sonora ambiente que variava da m\u00fasica brasileira ao rock tamb\u00e9m agradou a muitos pais. Para a supervisora Claudete Formis, da Secretaria de Educa\u00e7\u00e3o, o <strong>bom funcionamento da distribui\u00e7\u00e3o reflete tamb\u00e9m a motiva\u00e7\u00e3o dos educadores. \u201cTemos atividades voltadas aos professores e previstas para o <a href=\"https:\/\/jundiai.sp.gov.br\/noticias\/2016\/05\/25\/arte-eco-abre-semana-do-meio-ambiente-2016-nesta-segunda-30\/\">Dia do Meio Ambiente<\/a>, por exemplo, que j\u00e1 est\u00e3o quase lotadas<\/strong>\u201d, comentou.<\/p>\n<p><strong>A distribui\u00e7\u00e3o dos uniformes, adiada por uma disputa jur\u00eddica na licita\u00e7\u00e3o, complementa o investimento de R$ 5,5 milh\u00f5es num ciclo de refor\u00e7os do setor na Prefeitura que abrangeu tamb\u00e9m os kits de material did\u00e1tico, a <a href=\"https:\/\/jundiai.sp.gov.br\/noticias\/2016\/03\/15\/prefeito-participa-de-homenagem-a-patrona-de-nova-escola-do-novo-horizonte\/\">amplia\u00e7\u00e3o e reforma de escolas<\/a> e valoriza\u00e7\u00e3o de servidores da \u00e1rea. Os resultados s\u00e3o vistos em <a href=\"https:\/\/jundiai.sp.gov.br\/noticias\/2015\/12\/22\/estudo-aponta-jundiai-como-a-terceira-melhor-do-brasil\/\">diversas publica\u00e7\u00f5es e pr\u00eamios obtidos pela cidade<\/a>.<\/strong><\/p>\n<p><strong>As fam\u00edlias que n\u00e3o puderam passar pelo Parque da Uva no fim de semana possuem agora a op\u00e7\u00e3o de agendar posteriormente o recebimento.<\/strong><\/p>\n<div id=\"attachment_178499\" style=\"width: 730px\" class=\"wp-caption aligncenter\"><a href=\"https:\/\/jundiai.sp.gov.br\/noticias\/wp-content\/uploads\/sites\/32\/2016\/05\/uniforme-familia-2-g.jpg\" rel=\"attachment wp-att-178499\"><img loading=\"lazy\" decoding=\"async\" aria-describedby=\"caption-attachment-178499\" class=\"size-large wp-image-178499\" src=\"https:\/\/jundiai.sp.gov.br\/noticias\/wp-content\/uploads\/sites\/32\/2016\/05\/uniforme-familia-2-g-720x512.jpg\" alt=\"Anderson e Rosana: iniciativa mostra que Jundia\u00ed \u00e9 uma cidade preocupada com suas crian\u00e7as\" width=\"720\" height=\"512\" srcset=\"https:\/\/jundiai.sp.gov.br\/noticias\/wp-content\/uploads\/sites\/32\/2016\/05\/uniforme-familia-2-g-720x512.jpg 720w, https:\/\/jundiai.sp.gov.br\/noticias\/wp-content\/uploads\/sites\/32\/2016\/05\/uniforme-familia-2-g-300x213.jpg 300w, https:\/\/jundiai.sp.gov.br\/noticias\/wp-content\/uploads\/sites\/32\/2016\/05\/uniforme-familia-2-g-768x546.jpg 768w, https:\/\/jundiai.sp.gov.br\/noticias\/wp-content\/uploads\/sites\/32\/2016\/05\/uniforme-familia-2-g.jpg 1240w\" sizes=\"auto, (max-width: 720px) 100vw, 720px\" \/><\/a><p id=\"caption-attachment-178499\" class=\"wp-caption-text\">Anderson e Rosana: iniciativa mostra que Jundia\u00ed \u00e9 uma cidade preocupada com suas crian\u00e7as<\/p><\/div>\n<p><strong><em>Jos\u00e9 Arnaldo de Oliveira<br \/>\nFotos: Alessandro Rosman<\/em><\/strong><\/p>\n","protected":false},"excerpt":{"rendered":"<p>Cerca de 200 servidores estiveram envolvidos na entrega dos kits de 11 itens a alunos das 114 escolas da rede<\/p>\n","protected":false},"author":14,"featured_media":178503,"comment_status":"closed","ping_status":"closed","sticky":false,"template":"","format":"standard","meta":{"footnotes":""},"categories":[2],"tags":[6,630,276],"ods":[],"class_list":["post-178497","post","type-post","status-publish","format-standard","has-post-thumbnail","hentry","category-noticias","tag-educacao","tag-emeb","tag-parque-da-uva"],"_links":{"self":[{"href":"https:\/\/jundiai.sp.gov.br\/noticias\/wp-json\/wp\/v2\/posts\/178497","targetHints":{"allow":["GET"]}}],"collection":[{"href":"https:\/\/jundiai.sp.gov.br\/noticias\/wp-json\/wp\/v2\/posts"}],"about":[{"href":"https:\/\/jundiai.sp.gov.br\/noticias\/wp-json\/wp\/v2\/types\/post"}],"author":[{"embeddable":true,"href":"https:\/\/jundiai.sp.gov.br\/noticias\/wp-json\/wp\/v2\/users\/14"}],"replies":[{"embeddable":true,"href":"https:\/\/jundiai.sp.gov.br\/noticias\/wp-json\/wp\/v2\/comments?post=178497"}],"version-history":[{"count":8,"href":"https:\/\/jundiai.sp.gov.br\/noticias\/wp-json\/wp\/v2\/posts\/178497\/revisions"}],"predecessor-version":[{"id":178599,"href":"https:\/\/jundiai.sp.gov.br\/noticias\/wp-json\/wp\/v2\/posts\/178497\/revisions\/178599"}],"wp:featuredmedia":[{"embeddable":true,"href":"https:\/\/jundiai.sp.gov.br\/noticias\/wp-json\/wp\/v2\/media\/178503"}],"wp:attachment":[{"href":"https:\/\/jundiai.sp.gov.br\/noticias\/wp-json\/wp\/v2\/media?parent=178497"}],"wp:term":[{"taxonomy":"category","embeddable":true,"href":"https:\/\/jundiai.sp.gov.br\/noticias\/wp-json\/wp\/v2\/categories?post=178497"},{"taxonomy":"post_tag","embeddable":true,"href":"https:\/\/jundiai.sp.gov.br\/noticias\/wp-json\/wp\/v2\/tags?post=178497"},{"taxonomy":"ods","embeddable":true,"href":"https:\/\/jundiai.sp.gov.br\/noticias\/wp-json\/wp\/v2\/ods?post=178497"}],"curies":[{"name":"wp","href":"https:\/\/api.w.org\/{rel}","templated":true}]}}