{"id":178566,"date":"2016-05-30T16:35:09","date_gmt":"2016-05-30T19:35:09","guid":{"rendered":"https:\/\/jundiai.sp.gov.br\/noticias\/?p=178566"},"modified":"2016-11-04T11:45:49","modified_gmt":"2016-11-04T13:45:49","slug":"jundiai-salta-para-6o-lugar-estadual-no-programa-municipio-verde-e-azul","status":"publish","type":"post","link":"https:\/\/jundiai.sp.gov.br\/noticias\/2016\/05\/30\/jundiai-salta-para-6o-lugar-estadual-no-programa-municipio-verde-e-azul\/","title":{"rendered":"Jundia\u00ed salta para 6\u00ba lugar estadual no &#8216;Programa Munic\u00edpio Verde e Azul&#8217;"},"content":{"rendered":"<p><strong>Uma nova revis\u00e3o estadual nos dados de 2015 do <a href=\"http:\/\/www.ambiente.sp.gov.br\/municipioverdeazul\/\" target=\"_blank\">Programa Munic\u00edpio Verde e Azul (PMVA)<\/a>\u00a0colocou Jundia\u00ed em 6\u00ba lugar no ranking geral dos 645 munic\u00edpios paulistas, avan\u00e7ando seis posi\u00e7\u00f5es sobre o <a href=\"https:\/\/jundiai.sp.gov.br\/noticias\/2016\/04\/06\/jundiai-fica-entre-os-top-15-do-municipio-verde-e-azul\/\">12\u00ba lugar divulgado em abril<\/a>. A avalia\u00e7\u00e3o \u00e9 conduzida pela Secretaria Estadual de Meio Ambiente.<\/strong><\/p>\n<p>Ao longo dos \u00faltimos tr\u00eas anos, a <strong>cidade se manteve pela primeira vez na hist\u00f3ria do programa dentro do chamado \u201ctop 15\u201d<\/strong> do Estado de S\u00e3o Paulo pela <strong>incorpora\u00e7\u00e3o de cuidados ambientais nas pol\u00edticas, programas e a\u00e7\u00f5es da Prefeitura<\/strong>. Com a revis\u00e3o, est\u00e1 no foco de dez primeiros colocados do programa, inclusive ocupando o <strong>quarto lugar entre os munic\u00edpios paulistas entre 100 e 500 mil habitantes<\/strong>.<\/p>\n<p><strong>LEIA TAMB\u00c9M<\/strong><br \/>\n<a href=\"https:\/\/jundiai.sp.gov.br\/noticias\/2016\/05\/19\/aplicacao-do-eiv-gerou-beneficios-de-mais-de-r-20-milhoes\/\">\u2018EIV\u2019 gerou benef\u00edcios de mais de R$ 20 milh\u00f5es \u00e0 cidade<\/a><br \/>\n<a href=\"https:\/\/jundiai.sp.gov.br\/noticias\/2016\/05\/25\/intervencao-de-ciclofaixa-na-nove-de-julho-encerra-maio-amarelo\/\">Interven\u00e7\u00e3o de \u2018ciclofaixa\u2019 na Nove de Julho encerra \u2018Maio Amarelo\u2019<\/a><br \/>\n<a href=\"https:\/\/jundiai.sp.gov.br\/noticias\/2016\/05\/30\/feira-arte-eco-mostra-surpresas-ecologicas-ao-publico-da-semana-do-meio-ambiente\/\">Feira Arte Eco mostra \u2018surpresas ecol\u00f3gicas\u2019 ao p\u00fablico da Semana do Meio Ambiente<\/a><\/p>\n<div id=\"attachment_178567\" style=\"width: 730px\" class=\"wp-caption aligncenter\"><a href=\"https:\/\/jundiai.sp.gov.br\/noticias\/wp-content\/uploads\/sites\/32\/2016\/05\/cachoeira_G.jpg\" rel=\"attachment wp-att-178567\"><img loading=\"lazy\" decoding=\"async\" aria-describedby=\"caption-attachment-178567\" class=\"size-large wp-image-178567\" src=\"https:\/\/jundiai.sp.gov.br\/noticias\/wp-content\/uploads\/sites\/32\/2016\/05\/cachoeira_G-720x470.jpg\" alt=\" Embora simbolizado pela serra e pela \u00e1gua, o meio ambiente exige a\u00e7\u00f5es em todos os setores\" width=\"720\" height=\"470\" srcset=\"https:\/\/jundiai.sp.gov.br\/noticias\/wp-content\/uploads\/sites\/32\/2016\/05\/cachoeira_G-720x470.jpg 720w, https:\/\/jundiai.sp.gov.br\/noticias\/wp-content\/uploads\/sites\/32\/2016\/05\/cachoeira_G-300x196.jpg 300w, https:\/\/jundiai.sp.gov.br\/noticias\/wp-content\/uploads\/sites\/32\/2016\/05\/cachoeira_G-768x501.jpg 768w, https:\/\/jundiai.sp.gov.br\/noticias\/wp-content\/uploads\/sites\/32\/2016\/05\/cachoeira_G.jpg 1240w\" sizes=\"auto, (max-width: 720px) 100vw, 720px\" \/><\/a><p id=\"caption-attachment-178567\" class=\"wp-caption-text\"><br \/>Embora simbolizado pela serra e pela \u00e1gua, o meio ambiente exige a\u00e7\u00f5es em todos os setores<\/p><\/div>\n<p>Al\u00e9m dos resultados diretos para o <strong>meio ambiente e para a qualidade de vida da popula\u00e7\u00e3o<\/strong> residente, o resultado \u00e9 estimulado por premia\u00e7\u00f5es das pontua\u00e7\u00f5es anteriores, como o recente <a href=\"https:\/\/jundiai.sp.gov.br\/noticias\/2016\/05\/06\/prefeitura-apresenta-novo-caminhao-contra-incendios-florestais\/\">caminh\u00e3o-tanque contra inc\u00eandios florestais<\/a>, estando garantido tamb\u00e9m um <strong>equipamento de transporte de ca\u00e7ambas de res\u00edduos<\/strong>.<\/p>\n<div id=\"attachment_178576\" style=\"width: 410px\" class=\"wp-caption alignright\"><a href=\"https:\/\/jundiai.sp.gov.br\/noticias\/wp-content\/uploads\/sites\/32\/2016\/05\/Geresol-Pick_Station-m.jpg\" rel=\"attachment wp-att-178576\"><img loading=\"lazy\" decoding=\"async\" aria-describedby=\"caption-attachment-178576\" class=\"size-large wp-image-178576\" src=\"https:\/\/jundiai.sp.gov.br\/noticias\/wp-content\/uploads\/sites\/32\/2016\/05\/Geresol-Pick_Station-m-720x408.jpg\" alt=\"Pick Station no Geresol: equipamento de transporte de ca\u00e7ambas de res\u00edduos\" width=\"400\" height=\"350\" \/><\/a><p id=\"caption-attachment-178576\" class=\"wp-caption-text\">&#8220;Pick Station&#8221; no Centro de Gerenciamento de Res\u00edduos S\u00f3lidos (Geresol): equipamento de transporte de ca\u00e7ambas de res\u00edduos<\/p><\/div>\n<p>A pontua\u00e7\u00e3o de Jundia\u00ed passou de <strong>93,82 pontos para 95,69 pontos<\/strong> com a revis\u00e3o geral das <strong>diretrizes de esgoto tratado, res\u00edduos s\u00f3lidos, educa\u00e7\u00e3o ambiental, cidade sustent\u00e1vel, conselho ambiental, biodiversidade, qualidade do ar, estrutura ambiental, arboriza\u00e7\u00e3o urbana e gest\u00e3o das \u00e1guas<\/strong>. Uma primeira revis\u00e3o j\u00e1 havia melhorado pontua\u00e7\u00e3o nas diretivas de educa\u00e7\u00e3o ambiental, estrutura ambiental e gest\u00e3o das \u00e1guas, sendo esta \u00faltima retomada na segunda revis\u00e3o.<\/p>\n<p>O relat\u00f3rio de Jundia\u00ed foi coordenado pelas t\u00e9cnicas Luciana Maretti, Karina de Lima e Maria Helena Flavio de Souza Tiraboschi, da diretoria do setor na Secretaria de Planejamento e Meio Ambiente, que coordenou o <strong>levantamento de projetos e a\u00e7\u00f5es nas pastas, autarquias e empresas da municipalidade<\/strong>.<\/p>\n<p>\u201cEsse resultado confirma um <strong>grande avan\u00e7o coletivo orientado pela Prefeitura<\/strong>\u00a0e tamb\u00e9m a <strong>grande preocupa\u00e7\u00e3o dos moradores sobre o tema em processos, como nos levantamentos do projeto do <a href=\"http:\/\/planodiretor.jundiai.sp.gov.br\/\" target=\"_blank\">Plano Diretor Participativo<\/a> e muitos outros. E refor\u00e7a a visibilidade desse setor na Semana do Meio Ambiente<\/strong>\u201d, afirma a secret\u00e1ria de Planejamento e Meio Ambiente, Daniela da Camara Sutti.<\/p>\n<p><a href=\"https:\/\/jundiai.sp.gov.br\/noticias\/2016\/05\/25\/semana-do-meio-ambiente-programacao\/\">CONFIRA A PROGRAMA\u00c7\u00c3O COMPLETA<\/a><\/p>\n<div id=\"attachment_178578\" style=\"width: 410px\" class=\"wp-caption alignleft\"><a href=\"https:\/\/jundiai.sp.gov.br\/noticias\/wp-content\/uploads\/sites\/32\/2016\/05\/Marca-semana-do-meio-ambiente-01g-1.jpg\" rel=\"attachment wp-att-178578\"><img loading=\"lazy\" decoding=\"async\" aria-describedby=\"caption-attachment-178578\" class=\"size-large wp-image-178578\" src=\"https:\/\/jundiai.sp.gov.br\/noticias\/wp-content\/uploads\/sites\/32\/2016\/05\/Marca-semana-do-meio-ambiente-01g-1-720x535.jpg\" alt=\"O avan\u00e7o de Jundia\u00ed marca tamb\u00e9m a programa\u00e7\u00e3o da Semana do Meio Ambiente 2016 \" width=\"400\" height=\"350\" \/><\/a><p id=\"caption-attachment-178578\" class=\"wp-caption-text\">O avan\u00e7o de Jundia\u00ed marca tamb\u00e9m a programa\u00e7\u00e3o da Semana do Meio Ambiente 2016<\/p><\/div>\n<p>O ranking divulgado no portal eletr\u00f4nico do Programa Munic\u00edpio Verde e Azul aponta Jundia\u00ed em <strong>empate t\u00e9cnico com Bragan\u00e7a Paulista<\/strong>, no sexto lugar. As cinco cidades que avan\u00e7aram em sua situa\u00e7\u00e3o ambiental pr\u00e9via e destacadas s\u00e3o Novo Horizonte, Sert\u00e3ozinho, Botucatu, Itapira e Catanduva.<strong> Com o resultado, Jundia\u00ed lidera entre cidades de porte m\u00e9dio como Sorocaba (9\u00ba), Campinas (14\u00ba), S\u00e3o Jos\u00e9 do Rio Preto (21\u00ba), Itu (22\u00ba), Araraquara (25\u00ba) ou Ribeir\u00e3o Preto (37\u00ba)<\/strong>.<\/p>\n<p>\u201cO novo resultado tamb\u00e9m nos coloca em <strong>empate t\u00e9cnico no Pr\u00eamio Governador Andr\u00e9 Franco Montoro, destinado pelo programa aos melhores colocados de cada unidade de gerenciamento de recursos h\u00eddricos (UGRHI) do Estado<\/strong>. Ficamos com a mesma pontua\u00e7\u00e3o de Bragan\u00e7a Paulista como l\u00edderes na UGRHI dos Rios Piracicaba, Capivari e Jundia\u00ed\u201d, destaca o diretor Marcelo Pilon sobre outro efeito do resultado da nova revis\u00e3o.<\/p>\n<p><strong><em>Jos\u00e9 Arnaldo de Oliveira<br \/>\nFoto: Arquivo PMJ<\/em><\/strong><\/p>\n","protected":false},"excerpt":{"rendered":"<p>LEIA TAMB\u00c9M: &#8216;Feira Arte Eco&#8217; no Pa\u00e7o mostra \u2018surpresas ecol\u00f3gicas\u2019 ao p\u00fablico da Semana do Meio Ambiente e segue at\u00e9 esta sexta-feira (3)<\/p>\n","protected":false},"author":14,"featured_media":178582,"comment_status":"closed","ping_status":"closed","sticky":false,"template":"","format":"standard","meta":{"footnotes":""},"categories":[2],"tags":[68,32,559],"ods":[],"class_list":["post-178566","post","type-post","status-publish","format-standard","has-post-thumbnail","hentry","category-noticias","tag-centro-de-gerenciamento-de-residuos-solidos-geresol","tag-planejamento-e-meio-ambiente","tag-plano-diretor-participativo"],"_links":{"self":[{"href":"https:\/\/jundiai.sp.gov.br\/noticias\/wp-json\/wp\/v2\/posts\/178566","targetHints":{"allow":["GET"]}}],"collection":[{"href":"https:\/\/jundiai.sp.gov.br\/noticias\/wp-json\/wp\/v2\/posts"}],"about":[{"href":"https:\/\/jundiai.sp.gov.br\/noticias\/wp-json\/wp\/v2\/types\/post"}],"author":[{"embeddable":true,"href":"https:\/\/jundiai.sp.gov.br\/noticias\/wp-json\/wp\/v2\/users\/14"}],"replies":[{"embeddable":true,"href":"https:\/\/jundiai.sp.gov.br\/noticias\/wp-json\/wp\/v2\/comments?post=178566"}],"version-history":[{"count":16,"href":"https:\/\/jundiai.sp.gov.br\/noticias\/wp-json\/wp\/v2\/posts\/178566\/revisions"}],"predecessor-version":[{"id":183256,"href":"https:\/\/jundiai.sp.gov.br\/noticias\/wp-json\/wp\/v2\/posts\/178566\/revisions\/183256"}],"wp:featuredmedia":[{"embeddable":true,"href":"https:\/\/jundiai.sp.gov.br\/noticias\/wp-json\/wp\/v2\/media\/178582"}],"wp:attachment":[{"href":"https:\/\/jundiai.sp.gov.br\/noticias\/wp-json\/wp\/v2\/media?parent=178566"}],"wp:term":[{"taxonomy":"category","embeddable":true,"href":"https:\/\/jundiai.sp.gov.br\/noticias\/wp-json\/wp\/v2\/categories?post=178566"},{"taxonomy":"post_tag","embeddable":true,"href":"https:\/\/jundiai.sp.gov.br\/noticias\/wp-json\/wp\/v2\/tags?post=178566"},{"taxonomy":"ods","embeddable":true,"href":"https:\/\/jundiai.sp.gov.br\/noticias\/wp-json\/wp\/v2\/ods?post=178566"}],"curies":[{"name":"wp","href":"https:\/\/api.w.org\/{rel}","templated":true}]}}