{"id":178777,"date":"2016-06-01T18:18:35","date_gmt":"2016-06-01T21:18:35","guid":{"rendered":"https:\/\/jundiai.sp.gov.br\/noticias\/?p=178777"},"modified":"2016-11-04T10:55:50","modified_gmt":"2016-11-04T12:55:50","slug":"programa-de-estimulos-fiscais-emprega-mais-passa-a-valer-em-jundiai","status":"publish","type":"post","link":"https:\/\/jundiai.sp.gov.br\/noticias\/2016\/06\/01\/programa-de-estimulos-fiscais-emprega-mais-passa-a-valer-em-jundiai\/","title":{"rendered":"Programa de est\u00edmulos fiscais Emprega Mais passa a valer em Jundia\u00ed"},"content":{"rendered":"<p><strong>O decreto do programa \u201cEmprega Mais\u201d foi regulamentado nesta quarta-feira (1), conforme <a href=\"http:\/\/imprensaoficial.jundiai.sp.gov.br\/wp-content\/uploads\/2016\/05\/Edi%C3%A7%C3%A3o-4165_01-06-2016.pdf\" target=\"_blank\">publica\u00e7\u00e3o na Imprensa Oficial do Munic\u00edpio, na p\u00e1gina 33<\/a>. Na pr\u00e1tica, significa que, a partir de agora, as empresas j\u00e1 poder\u00e3o fazer uso de mais essa ferramenta de incentivo \u00e0 economia, balizada em forma de pol\u00edtica p\u00fablica. O texto do executivo j\u00e1 havia sido <a href=\"https:\/\/jundiai.sp.gov.br\/noticias\/2015\/12\/23\/programa-emprega-mais-quer-atrair-novas-empresas-a-cidade\/\">aprovado pela C\u00e2mara Municipal<\/a> em dezembro. <\/strong><\/p>\n<p>Na pr\u00e1tica, o Emprega Mais quer atrair novos investimentos e manter os existentes por meio de est\u00edmulos fiscais, com benef\u00edcios diretos para quem gerar empregos na cidade, produzir renda e manter a economia local em movimento. <\/p>\n<p><strong>LEIA TAMB\u00c9M<br \/>\n<a href=\"https:\/\/jundiai.sp.gov.br\/noticias\/2016\/06\/01\/confira-as-vagas-de-emprego-do-pat-jundiai-para-esta-quinta-feira-2\/\"><strong>Confira as vagas de emprego do PAT Jundia\u00ed para esta quinta-feira (2)<\/strong><\/a><br \/>\n<a href=\"https:\/\/jundiai.sp.gov.br\/noticias\/2016\/06\/01\/com-r-30-milhoes-em-investimento-miura-expande-acao-em-jundiai\/\">Com R$ 30 milh\u00f5es em investimento, \u2018Miura Boiler\u2019 expande a\u00e7\u00e3o em Jundia\u00ed<\/strong><\/a><\/p>\n<div id=\"attachment_178778\" style=\"width: 730px\" class=\"wp-caption aligncenter\"><a href=\"https:\/\/jundiai.sp.gov.br\/noticias\/wp-content\/uploads\/sites\/32\/2016\/06\/Gilson-Pichioli-Marcelo-Cereser-e-Jose-Carlos-Peliser_P-6G.jpg\" rel=\"attachment wp-att-178778\"><img loading=\"lazy\" decoding=\"async\" aria-describedby=\"caption-attachment-178778\" src=\"https:\/\/jundiai.sp.gov.br\/noticias\/wp-content\/uploads\/sites\/32\/2016\/06\/Gilson-Pichioli-Marcelo-Cereser-e-Jose-Carlos-Peliser_P-6G-720x452.jpg\" alt=\"Equipe do Desenvolvimento Econ\u00f4mico: pol\u00edticas p\u00fablicas para estimular economia\" width=\"720\" height=\"452\" class=\"size-large wp-image-178778\" srcset=\"https:\/\/jundiai.sp.gov.br\/noticias\/wp-content\/uploads\/sites\/32\/2016\/06\/Gilson-Pichioli-Marcelo-Cereser-e-Jose-Carlos-Peliser_P-6G-720x452.jpg 720w, https:\/\/jundiai.sp.gov.br\/noticias\/wp-content\/uploads\/sites\/32\/2016\/06\/Gilson-Pichioli-Marcelo-Cereser-e-Jose-Carlos-Peliser_P-6G-300x188.jpg 300w, https:\/\/jundiai.sp.gov.br\/noticias\/wp-content\/uploads\/sites\/32\/2016\/06\/Gilson-Pichioli-Marcelo-Cereser-e-Jose-Carlos-Peliser_P-6G-768x482.jpg 768w, https:\/\/jundiai.sp.gov.br\/noticias\/wp-content\/uploads\/sites\/32\/2016\/06\/Gilson-Pichioli-Marcelo-Cereser-e-Jose-Carlos-Peliser_P-6G.jpg 1240w\" sizes=\"auto, (max-width: 720px) 100vw, 720px\" \/><\/a><p id=\"caption-attachment-178778\" class=\"wp-caption-text\">Equipe do Desenvolvimento Econ\u00f4mico: pol\u00edticas p\u00fablicas para estimular economia<\/p><\/div>\n<p>\u201c<strong>Jundia\u00ed d\u00e1 mais um passo decisivo ao ceder parte dos impostos em troca de gera\u00e7\u00e3o de empregos e contrapartidas que beneficiam a cidade. Ainda, para receber os benef\u00edcios, os empres\u00e1rios t\u00eam de investir em projetos municipais. Diversas empresas j\u00e1 sinalizaram pela ades\u00e3o ao programa<\/strong>\u201d, garante o secret\u00e1rio de Desenvolvimento Econ\u00f4mico, Ci\u00eancia e Tecnologia, Marcelo Cereser. <\/p>\n<p>As empresas interessadas devem protocolar pedido junto \u00e0 secretaria, e se atentarem \u00e0 documenta\u00e7\u00e3o e prerrogativas detalhadas no conte\u00fado do edital. As solicita\u00e7\u00f5es ser\u00e3o, ent\u00e3o, enviadas para pr\u00e9via an\u00e1lise no <a href=\"https:\/\/jundiai.sp.gov.br\/noticias\/2016\/05\/24\/conselho-municipal-de-ciencia-e-tecnologia-vai-se-reunir-na-empresa-mahle\/\">Conselho Municipal de Ci\u00eancia e Tecnologia<\/a>, que dever\u00e1 deferir ou indeferir o pedido. <\/p>\n<p>Os pareceres de isen\u00e7\u00e3o fiscal da Secretaria de Desenvolvimento Econ\u00f4mico ser\u00e3o embasados por an\u00e1lises t\u00e9cnicas da Secretaria de Finan\u00e7as, Conselho e, s\u00f3 a\u00ed, encaminhado para aval do prefeito. <\/p>\n<p><div id=\"attachment_178779\" style=\"width: 410px\" class=\"wp-caption alignleft\"><a href=\"https:\/\/jundiai.sp.gov.br\/noticias\/wp-content\/uploads\/sites\/32\/2016\/06\/gilson_marcelo_cereser_e_dimas_P3G.jpg\" rel=\"attachment wp-att-178779\"><img loading=\"lazy\" decoding=\"async\" aria-describedby=\"caption-attachment-178779\" src=\"https:\/\/jundiai.sp.gov.br\/noticias\/wp-content\/uploads\/sites\/32\/2016\/06\/gilson_marcelo_cereser_e_dimas_P3G-720x480.jpg\" alt=\"Jundia\u00ed se fortalece na briga para atrair mais investimentos\" width=\"400\" height=\"400\" class=\"size-large wp-image-178779\" \/><\/a><p id=\"caption-attachment-178779\" class=\"wp-caption-text\">Jundia\u00ed se fortalece na briga para atrair mais investimentos<\/p><\/div>Entre os pontos do Emprega Mais, destacam-se <strong>a redu\u00e7\u00e3o de at\u00e9 100% Imposto Predial e Territorial Urbano (IPTU), por at\u00e9 12 anos; redu\u00e7\u00e3o de at\u00e9 60% do valor agregado na receita tribut\u00e1ria do munic\u00edpio e Imposto sobre Transi\u00e7\u00e3o de Bens Imobili\u00e1rios (ITBI) e taxas de obra<\/strong>.<\/p>\n<p>As contrapartidas das empresas t\u00eam como base n\u00famero de contrata\u00e7\u00f5es profissionais, valor m\u00ednimo de faturamento anual, investimento no munic\u00edpio, al\u00e9m de participa\u00e7\u00f5es em a\u00e7\u00f5es das \u00e1reas de esportes, creches municipais, cultura e educa\u00e7\u00e3o, por meio de destina\u00e7\u00f5es aos fundos municipais de incentivos fiscais.<\/p>\n<p><em><strong>Thiago Secco<br \/>\nFotos: Paulo Gr\u00e9gio <\/strong><\/em><\/p>\n","protected":false},"excerpt":{"rendered":"<p>O decreto do programa \u201cEmprega Mais\u201d foi regulamentado nesta quarta-feira (1), conforme publica\u00e7\u00e3o na Imprensa Oficial do Munic\u00edpio, na p\u00e1gina 33. Na pr\u00e1tica, significa que, a partir de agora, as empresas j\u00e1 poder\u00e3o fazer uso de mais essa ferramenta de incentivo \u00e0 economia, balizada em forma de pol\u00edtica p\u00fablica. O texto do executivo j\u00e1 havia [&hellip;]<\/p>\n","protected":false},"author":10,"featured_media":0,"comment_status":"closed","ping_status":"closed","sticky":false,"template":"","format":"standard","meta":{"footnotes":""},"categories":[2],"tags":[852,365,762],"ods":[],"class_list":["post-178777","post","type-post","status-publish","format-standard","hentry","category-noticias","tag-conselho-de-ciencia-tecnologia-e-inovacao-cmcti","tag-desenvolvimento-economico-ciencia-e-tecnologia","tag-emprega-mais-jundiai"],"_links":{"self":[{"href":"https:\/\/jundiai.sp.gov.br\/noticias\/wp-json\/wp\/v2\/posts\/178777","targetHints":{"allow":["GET"]}}],"collection":[{"href":"https:\/\/jundiai.sp.gov.br\/noticias\/wp-json\/wp\/v2\/posts"}],"about":[{"href":"https:\/\/jundiai.sp.gov.br\/noticias\/wp-json\/wp\/v2\/types\/post"}],"author":[{"embeddable":true,"href":"https:\/\/jundiai.sp.gov.br\/noticias\/wp-json\/wp\/v2\/users\/10"}],"replies":[{"embeddable":true,"href":"https:\/\/jundiai.sp.gov.br\/noticias\/wp-json\/wp\/v2\/comments?post=178777"}],"version-history":[{"count":6,"href":"https:\/\/jundiai.sp.gov.br\/noticias\/wp-json\/wp\/v2\/posts\/178777\/revisions"}],"predecessor-version":[{"id":178783,"href":"https:\/\/jundiai.sp.gov.br\/noticias\/wp-json\/wp\/v2\/posts\/178777\/revisions\/178783"}],"wp:attachment":[{"href":"https:\/\/jundiai.sp.gov.br\/noticias\/wp-json\/wp\/v2\/media?parent=178777"}],"wp:term":[{"taxonomy":"category","embeddable":true,"href":"https:\/\/jundiai.sp.gov.br\/noticias\/wp-json\/wp\/v2\/categories?post=178777"},{"taxonomy":"post_tag","embeddable":true,"href":"https:\/\/jundiai.sp.gov.br\/noticias\/wp-json\/wp\/v2\/tags?post=178777"},{"taxonomy":"ods","embeddable":true,"href":"https:\/\/jundiai.sp.gov.br\/noticias\/wp-json\/wp\/v2\/ods?post=178777"}],"curies":[{"name":"wp","href":"https:\/\/api.w.org\/{rel}","templated":true}]}}