{"id":178946,"date":"2016-06-03T14:46:29","date_gmt":"2016-06-03T17:46:29","guid":{"rendered":"https:\/\/jundiai.sp.gov.br\/noticias\/?p=178946"},"modified":"2016-11-04T11:45:57","modified_gmt":"2016-11-04T13:45:57","slug":"semana-do-meio-ambiente-discute-acessibilidade-e-praticas-da-natureza","status":"publish","type":"post","link":"https:\/\/jundiai.sp.gov.br\/noticias\/2016\/06\/03\/semana-do-meio-ambiente-discute-acessibilidade-e-praticas-da-natureza\/","title":{"rendered":"Semana do Meio Ambiente discute acessibilidade e pr\u00e1ticas da natureza"},"content":{"rendered":"<p><strong>Depois da abertura com a feira Arte Eco e atividades de hortas org\u00e2nicos e viv\u00eancias no <a href=\"http:\/\/parquedacidade.jundiai.sp.gov.br\/\" target=\"_blank\">Parque da Cidade<\/a> e no <a href=\"http:\/\/jardimbotanico.jundiai.sp.gov.br\/\" target=\"_blank\">Jardim Bot\u00e2nico<\/a>, no fim de semana, a <a href=\"https:\/\/jundiai.sp.gov.br\/noticias\/2016\/06\/02\/semana-do-meio-ambiente-tem-oficinas-de-hortas-e-organicos-e-pedalao-solidario\/\">Semana do Meio Ambiente 2016<\/a> recebe, entre segunda-feira (6) e domingo (12) uma intensa programa\u00e7\u00e3o para os jundiaienses. <\/strong><\/p>\n<p>A primeira delas \u00e9 um<strong> workshop sobre acessibilidade em unidades de conserva\u00e7\u00e3o<\/strong>, nesta segunda (6), das 14h \u00e0s 17h, na <a href=\"https:\/\/jundiai.sp.gov.br\/servicos-publicos\/parques-municipais\/unidade-de-desenvolvimento-municipal-unidam\/\">Unidam<\/a> (rua Ernesto Gon\u00e7alves J\u00fanior, 62, Jardim Florestal). Participam a Coordenadoria dos Direitos das Pessoas com Defici\u00eancia, a Funda\u00e7\u00e3o Serra do Japi e a consultoria Umpratodos, com interven\u00e7\u00f5es de Alceb\u00edades Nascimento Silva J\u00fanior, Fl\u00e1vio Gramolelli J\u00fanior, Amanda Trojal, Rosilene Ara\u00fajo e Maur\u00edcio Santana.<\/p>\n<p><strong>LEIA TAMB\u00c9M<br \/>\n<a href=\"https:\/\/jundiai.sp.gov.br\/noticias\/2016\/05\/30\/feira-arte-eco-mostra-surpresas-ecologicas-ao-publico-da-semana-do-meio-ambiente\/\"><strong>Feira Arte Eco mostra \u2018surpresas ecol\u00f3gicas\u2019 ao p\u00fablico<\/strong><\/a><br \/>\n<a href=\"https:\/\/jundiai.sp.gov.br\/noticias\/2016\/06\/02\/4a-caminhada-do-procon-jundiai-esta-marcada-para-domingo-19\/\"><strong>4\u00aa Caminhada do Procon Jundia\u00ed est\u00e1 marcada para o domingo (19)<\/strong><\/a><br \/>\n<a href=\"https:\/\/jundiai.sp.gov.br\/noticias\/2016\/06\/02\/semana-do-meio-ambiente-tem-oficinas-de-hortas-e-organicos-e-pedalao-solidario\/\">\u2018Semana do Meio Ambiente\u2019 tem oficinas de hortas e org\u00e2nicos e \u2018pedal\u00e3o solid\u00e1rio\u2019<\/strong><\/a><\/p>\n<p><div id=\"attachment_178948\" style=\"width: 410px\" class=\"wp-caption alignleft\"><a href=\"https:\/\/jundiai.sp.gov.br\/noticias\/wp-content\/uploads\/sites\/32\/2016\/06\/Marca-semana-do-meio-ambiente-01g-1.jpg\" rel=\"attachment wp-att-178948\"><img loading=\"lazy\" decoding=\"async\" aria-describedby=\"caption-attachment-178948\" src=\"https:\/\/jundiai.sp.gov.br\/noticias\/wp-content\/uploads\/sites\/32\/2016\/06\/Marca-semana-do-meio-ambiente-01g-1-720x535.jpg\" alt=\"Programa\u00e7\u00e3o segue durante a semana, com atividades dos mais diversos tipos\" width=\"400\" height=\"400\" class=\"size-large wp-image-178948\" \/><\/a><p id=\"caption-attachment-178948\" class=\"wp-caption-text\">Programa\u00e7\u00e3o segue durante a semana, com atividades dos mais diversos tipos<\/p><\/div>Na ter\u00e7a-feira (7) \u00e9 a vez de uma <strong>oficina de jardinagem<\/strong> com turmas \u00e0s 9h e \u00e0s 14h no Parque do Engordadouro (avenida Andr\u00e9 Costa, 1.595) orientada pela especialista Luciana Moraes, da Secretaria de Servi\u00e7os P\u00fablicos. As reservas gratuitas podem ser feitas <a href=\"https:\/\/jundiai.sp.gov.br\/noticias\/2016\/06\/02\/semana-do-meio-ambiente-tem-oficinas-de-hortas-e-organicos-e-pedalao-solidario\/\"><strong>AQUI<\/strong><\/a>.<\/p>\n<p>Na quarta (8), os servidores p\u00fablicos recebem, no intervalo de almo\u00e7o, <strong>duas sess\u00f5es de v\u00eddeos<\/strong>, \u00e0s 12h30 e \u00e0s 13h30 no terceiro andar do Pa\u00e7o Municipal, <strong>com os curtas \u201cA Maior Flor do Mundo\u201d e \u201cMan\u201d<\/strong>. No mesmo dia, ocorrem diversas atividades para professores sobre o tema &#8220;A Educa\u00e7\u00e3o Ambiental como Integradora Curricular&#8221;, organizada pela Secretaria de Educa\u00e7\u00e3o.<\/p>\n<p>Na quinta (9), \u00e9 a vez do evento <strong>&#8220;Bem Viver e Ecologia Profunda&#8221;<\/strong>, aberto a todos os interessados, das 14h \u00e0s 17h, no audit\u00f3rio do oitavo andar do Pa\u00e7o Municipal. Os convidados s\u00e3o M\u00e1rio Sakaguti, Lilian Tvardovskas e Vanessa Peres, do Instituto Ad L\u00famen, e Marcelo Pilon, da Secretaria de Planejamento e Meio Ambiente. O evento inclui uma apresenta\u00e7\u00e3o do Projeto de Monitoramento da Fauna da Serra do Japi.<\/p>\n<p>No s\u00e1bado (11), das 8h30 \u00e0s 11h30, ocorre, no Jardim Bot\u00e2nico (avenida Antonio Frederico Ozanan, 6.400) a <strong>oficina de produ\u00e7\u00e3o de mudas de plantas arom\u00e1ticas e medicinais para servidores<\/strong>. O evento tem parceria da Secretaria de Gest\u00e3o de Pessoas e Secretaria de Servi\u00e7os P\u00fablicos e as vagas podem ser consultadas em 4589 8750 ou 4589 8734.<\/p>\n<p>No domingo (12), das 9h30 \u00e0s 11h00, o Jardim Bot\u00e2nico recebe tamb\u00e9m o evento de <strong>dan\u00e7a circular \u201cDan\u00e7ando Pela Terra\u201d<\/strong>, aberto a todos os interessados, com orienta\u00e7\u00e3o das focalizadoras Viviana Mola, Ozeneide Machado e F\u00e1tima Vianna. O evento \u00e9 uma parceria entre a Secretaria de Planejamento e Meio Ambiente e a Secretaria de Servi\u00e7os P\u00fablicos.<\/p>\n<p>No mesmo domingo (12), das 8h30 \u00e0s 12h30, \u00e9 o <strong>ato anual de Limpeza do Rio Jundia\u00ed-Mirim<\/strong>. A iniciativa \u00e9 de Jornada Sub Mergulho, com apoio da DAE, Pol\u00edcia Ambiental, Secretaria de Planejamento e Meio Ambiente e outros. A concentra\u00e7\u00e3o para a caravana ser\u00e1 \u00e0s 8h, na avenida Humberto Cereser, 2.650 (em frente ao Restaurante Bistec\u00e3o).<\/p>\n<p>E, ainda no domingo (12), ocorre a curiosa <strong>oficina sobre plantas aliment\u00edcias n\u00e3o convencionais<\/strong>, das 14h \u00e0s 17h, na Sala de M\u00faltiplo Uso 1, do Sesc Jundia\u00ed. <strong>A ideia \u00e9 mostrar plantas chamadas de daninhas nas cal\u00e7adas das cidades mas que muitas delas s\u00e3o vegetais resistentes e de alto valor nutricional, podendo ser cultivadas em casa<\/strong>. Com orienta\u00e7\u00e3o da ArboreSer e parte pr\u00e1tica no Jardim Bot\u00e2nico, o evento tem parceria da Secretaria de Servi\u00e7os P\u00fablicos.<\/p>\n<p>\u201cComo gestores do Programa Munic\u00edpio Verde e Azul, articulamos tamb\u00e9m diversas atividades relacionadas ao tema dos variados setores ligados ao campo ambiental da Prefeitura ou atividades com parceiros. A comunidade pode notar que h\u00e1 um amplo cen\u00e1rio voltado para a busca da sustentabilidade\u201d, afirma o diretor de Planejamento e Meio Ambiente, Marcelo Pilon.<\/p>\n<p><em><strong>Jos\u00e9 Arnaldo de Oliveira<\/strong><\/em><\/p>\n","protected":false},"excerpt":{"rendered":"<p>Parque da Cidade, Unidam, Sesc e Jardim Bot\u00e2nico recebem eventos gratuitos durante toda a semana at\u00e9 domingo (12). Confira as atividades e participe!<\/p>\n","protected":false},"author":10,"featured_media":178958,"comment_status":"closed","ping_status":"closed","sticky":false,"template":"","format":"standard","meta":{"footnotes":""},"categories":[2],"tags":[41,322,47,32,889,341,267,742],"ods":[],"class_list":["post-178946","post","type-post","status-publish","format-standard","has-post-thumbnail","hentry","category-noticias","tag-agricultura-abastecimento-e-turismo","tag-jardim-botanico","tag-parque-da-cidade","tag-planejamento-e-meio-ambiente","tag-semana-do-meio-ambiente-2016","tag-servicos-publicos","tag-sesc","tag-unidade-de-desenvolvimento-ambiental-unidam"],"_links":{"self":[{"href":"https:\/\/jundiai.sp.gov.br\/noticias\/wp-json\/wp\/v2\/posts\/178946","targetHints":{"allow":["GET"]}}],"collection":[{"href":"https:\/\/jundiai.sp.gov.br\/noticias\/wp-json\/wp\/v2\/posts"}],"about":[{"href":"https:\/\/jundiai.sp.gov.br\/noticias\/wp-json\/wp\/v2\/types\/post"}],"author":[{"embeddable":true,"href":"https:\/\/jundiai.sp.gov.br\/noticias\/wp-json\/wp\/v2\/users\/10"}],"replies":[{"embeddable":true,"href":"https:\/\/jundiai.sp.gov.br\/noticias\/wp-json\/wp\/v2\/comments?post=178946"}],"version-history":[{"count":6,"href":"https:\/\/jundiai.sp.gov.br\/noticias\/wp-json\/wp\/v2\/posts\/178946\/revisions"}],"predecessor-version":[{"id":178968,"href":"https:\/\/jundiai.sp.gov.br\/noticias\/wp-json\/wp\/v2\/posts\/178946\/revisions\/178968"}],"wp:featuredmedia":[{"embeddable":true,"href":"https:\/\/jundiai.sp.gov.br\/noticias\/wp-json\/wp\/v2\/media\/178958"}],"wp:attachment":[{"href":"https:\/\/jundiai.sp.gov.br\/noticias\/wp-json\/wp\/v2\/media?parent=178946"}],"wp:term":[{"taxonomy":"category","embeddable":true,"href":"https:\/\/jundiai.sp.gov.br\/noticias\/wp-json\/wp\/v2\/categories?post=178946"},{"taxonomy":"post_tag","embeddable":true,"href":"https:\/\/jundiai.sp.gov.br\/noticias\/wp-json\/wp\/v2\/tags?post=178946"},{"taxonomy":"ods","embeddable":true,"href":"https:\/\/jundiai.sp.gov.br\/noticias\/wp-json\/wp\/v2\/ods?post=178946"}],"curies":[{"name":"wp","href":"https:\/\/api.w.org\/{rel}","templated":true}]}}