{"id":179044,"date":"2016-06-04T13:49:13","date_gmt":"2016-06-04T16:49:13","guid":{"rendered":"https:\/\/jundiai.sp.gov.br\/noticias\/?p=179044"},"modified":"2016-11-04T10:51:09","modified_gmt":"2016-11-04T12:51:09","slug":"futuros-moradores-visitam-condominios-do-novo-horizonte","status":"publish","type":"post","link":"https:\/\/jundiai.sp.gov.br\/noticias\/2016\/06\/04\/futuros-moradores-visitam-condominios-do-novo-horizonte\/","title":{"rendered":"Moradores se emocionam ao visitarem condom\u00ednios do Novo Horizonte"},"content":{"rendered":"<p><strong>A manh\u00e3 deste s\u00e1bado (4) foi de emo\u00e7\u00e3o para as 384 fam\u00edlias que em breve v\u00e3o se mudar para os condom\u00ednios 5 e 6 do Residencial Novo Horizonte. Os futuros moradores conheceram seu novo endere\u00e7o e participaram da pr\u00e9-escolha dos apartamentos, que fazem parte do projeto de habita\u00e7\u00e3o no bairro realizado pela Prefeitura de Jundia\u00ed por meio da <a href=\"http:\/\/fumas.jundiai.sp.gov.br\/\" target=\"_blank\">Funda\u00e7\u00e3o Municipal de A\u00e7\u00e3o Social (Fumas)<\/a>. No total, o residencial conta com 1.088 apartamentos. A primeira fase, com 384 moradias, foi entregue em fevereiro deste ano.<\/strong><\/p>\n<p><strong>LEIA TAMB\u00c9M<br \/>\n<a href=\"https:\/\/jundiai.sp.gov.br\/noticias\/2016\/05\/29\/prefeitura-entrega-matriculas-de-regularizacao-do-jardim-flora\/\">Prefeitura entrega matr\u00edculas no Jardim Flora<\/a><\/strong><br \/>\n<a href=\"https:\/\/jundiai.sp.gov.br\/noticias\/2016\/05\/06\/fumas-avanca-na-demolicao-de-moradias-e-conclui-mudancas-no-sao-camilo\/\"><strong>Fumas avan\u00e7a em demoli\u00e7\u00e3o e conclui mudan\u00e7as no S\u00e3o Camilo<\/strong><\/a><br \/>\n<a href=\"https:\/\/jundiai.sp.gov.br\/noticias\/2016\/05\/04\/prefeito-anuncia-regularizacao-fundiaria-no-sao-camilo\/\"><strong>Prefeito anuncia regulariza\u00e7\u00e3o fundi\u00e1ria para fam\u00edlias do S\u00e3o Camilo<\/strong><\/a><\/p>\n<p><iframe loading=\"lazy\" class=\"alignright\" width=\"420\" height=\"315\" src=\"https:\/\/www.youtube.com\/embed\/v_mv6YwXxEI\" frameborder=\"0\" allowfullscreen><\/iframe><strong>A vi\u00fava aposentada Teresa Salvador Bal\u00e7anelli, de 61 anos, ainda n\u00e3o acredita que o sonho da casa pr\u00f3pria ser\u00e1 realidade em breve. Ela conta que sempre pagou aluguel e est\u00e1 h\u00e1 mais de 12 anos no cadastro da Fumas \u00e0 espera de uma chance<\/strong>.<\/p>\n<p>\u201cFaz um m\u00eas que fiquei sabendo que fui contemplada e a documenta\u00e7\u00e3o aprovada. <strong>Chorei de alegria<\/strong>. J\u00e1 tinha perdido a esperan\u00e7a e estava pronta para ir morar em Minas, com minha filha\u201d, diz, emocionada.<\/p>\n<p>Depois da boa not\u00edcia, Teresa, que atualmente mora na Vila Municipal, mudou os planos e est\u00e1 ansiosa para come\u00e7ar mais uma fase da vida, de casa e bairro novos. \u201c\u00c9 a primeira vez que venho aqui no Novo Horizonte. Estou gostando muito, acho que vai ser f\u00e1cil me adaptar. <strong>N\u00e3o tem coisa mais importante do que chegar nessa fase da vida e ter um cantinho meu para morar<\/strong>.\u201d<\/p>\n<p>A dona de casa L\u00e1zara Dias da Silva tamb\u00e9m esteve pela primeira vez no Jardim Novo Horizonte. Ela mora no Jardim Santa Gertrudes, em outro extremo da cidade, mas diz que se simpatizou com o bairro. \u201c<strong>At\u00e9 agora n\u00e3o acreditava que ia dar certo. \u00c9 um sonho realizado e um presente de anivers\u00e1rio<\/strong>\u201d, conta ela, que completou 63 anos no dia 19 de maio.<\/p>\n<div id=\"attachment_179046\" style=\"width: 410px\" class=\"wp-caption alignleft\"><a href=\"https:\/\/jundiai.sp.gov.br\/noticias\/wp-content\/uploads\/sites\/32\/2016\/06\/Fumas-Aptos-Novo-Horizonte_c_26_G.jpg\" rel=\"attachment wp-att-179046\"><img loading=\"lazy\" decoding=\"async\" aria-describedby=\"caption-attachment-179046\" class=\"size-large wp-image-179046\" src=\"https:\/\/jundiai.sp.gov.br\/noticias\/wp-content\/uploads\/sites\/32\/2016\/06\/Fumas-Aptos-Novo-Horizonte_c_26_G-720x531.jpg\" alt=\"Teresa esteve pela primeira vez no Novo Horizonte: ansiedade para mudan\u00e7a\" width=\"400\" height=\"400\" \/><\/a><p id=\"caption-attachment-179046\" class=\"wp-caption-text\">Teresa esteve pela primeira vez no Novo Horizonte: ansiedade para mudan\u00e7a<\/p><\/div>\n<p>Segundo a diretora de Habita\u00e7\u00e3o da Fumas, Ana C\u00e9lia Rodrigues In\u00e1cio, <strong>a previs\u00e3o \u00e9 que os apartamentos dos condom\u00ednios 5 e 6 sejam entregues em julho. Neste s\u00e1bado, os futuros moradores conheceram a disposi\u00e7\u00e3o dos blocos no condom\u00ednio e dos apartamentos e preencheram uma ficha com 20 op\u00e7\u00f5es de escolha. <\/strong><\/p>\n<p>Na ter\u00e7a-feira (7), \u00e0s 14h, eles participar\u00e3o de um sorteio, no Parque da Uva, quando ser\u00e1 feita a escolha definitiva de cada im\u00f3vel. \u201cEst\u00e1 quase pronto aqui, faltam apenas alguns acabamentos, finaliza\u00e7\u00e3o da pintura\u201d, salienta Ana C\u00e9lia.<\/p>\n<p><em><strong>Niza Souza<br \/>\nFotos: Cleber de Almeida <\/strong><\/em><\/p>\n","protected":false},"excerpt":{"rendered":"<p>Previs\u00e3o \u00e9 que mais 384 apartamentos populares sejam entregues em julho. Fam\u00edlias conheceram a disposi\u00e7\u00e3o do condom\u00ednio e dos apartamentos<\/p>\n","protected":false},"author":10,"featured_media":179050,"comment_status":"closed","ping_status":"closed","sticky":false,"template":"","format":"standard","meta":{"footnotes":""},"categories":[2],"tags":[49,490,540],"ods":[],"class_list":["post-179044","post","type-post","status-publish","format-standard","has-post-thumbnail","hentry","category-noticias","tag-fundacao-municipal-de-acao-social-fumas","tag-habitacao","tag-politica-municipal-de-habitacao"],"_links":{"self":[{"href":"https:\/\/jundiai.sp.gov.br\/noticias\/wp-json\/wp\/v2\/posts\/179044","targetHints":{"allow":["GET"]}}],"collection":[{"href":"https:\/\/jundiai.sp.gov.br\/noticias\/wp-json\/wp\/v2\/posts"}],"about":[{"href":"https:\/\/jundiai.sp.gov.br\/noticias\/wp-json\/wp\/v2\/types\/post"}],"author":[{"embeddable":true,"href":"https:\/\/jundiai.sp.gov.br\/noticias\/wp-json\/wp\/v2\/users\/10"}],"replies":[{"embeddable":true,"href":"https:\/\/jundiai.sp.gov.br\/noticias\/wp-json\/wp\/v2\/comments?post=179044"}],"version-history":[{"count":15,"href":"https:\/\/jundiai.sp.gov.br\/noticias\/wp-json\/wp\/v2\/posts\/179044\/revisions"}],"predecessor-version":[{"id":179595,"href":"https:\/\/jundiai.sp.gov.br\/noticias\/wp-json\/wp\/v2\/posts\/179044\/revisions\/179595"}],"wp:featuredmedia":[{"embeddable":true,"href":"https:\/\/jundiai.sp.gov.br\/noticias\/wp-json\/wp\/v2\/media\/179050"}],"wp:attachment":[{"href":"https:\/\/jundiai.sp.gov.br\/noticias\/wp-json\/wp\/v2\/media?parent=179044"}],"wp:term":[{"taxonomy":"category","embeddable":true,"href":"https:\/\/jundiai.sp.gov.br\/noticias\/wp-json\/wp\/v2\/categories?post=179044"},{"taxonomy":"post_tag","embeddable":true,"href":"https:\/\/jundiai.sp.gov.br\/noticias\/wp-json\/wp\/v2\/tags?post=179044"},{"taxonomy":"ods","embeddable":true,"href":"https:\/\/jundiai.sp.gov.br\/noticias\/wp-json\/wp\/v2\/ods?post=179044"}],"curies":[{"name":"wp","href":"https:\/\/api.w.org\/{rel}","templated":true}]}}