{"id":179140,"date":"2016-06-06T18:02:45","date_gmt":"2016-06-06T21:02:45","guid":{"rendered":"https:\/\/jundiai.sp.gov.br\/noticias\/?p=179140"},"modified":"2016-11-04T10:51:10","modified_gmt":"2016-11-04T12:51:10","slug":"semana-dos-namorados-tem-feira-de-arte-no-paco","status":"publish","type":"post","link":"https:\/\/jundiai.sp.gov.br\/noticias\/2016\/06\/06\/semana-dos-namorados-tem-feira-de-arte-no-paco\/","title":{"rendered":"Semana dos namorados tem feira de artes\u00e3os no Pa\u00e7o"},"content":{"rendered":"<p><strong>O p\u00e1tio interno do Pa\u00e7o Municipal abriga at\u00e9 sexta-feira (10) uma feira especial de arte selecionada dentro do programa Jundia\u00ed Feito \u00e0 M\u00e3o. No hor\u00e1rio das 8h \u00e0s 18h os visitantes podem encontrar um amplo leque de alternativas no clima da Semana dos Namorados, em uma composi\u00e7\u00e3o tem\u00e1tica diferente da anterior feira Arte Eco.<\/strong><\/p>\n<p><strong>LEIA TAMB\u00c9M<br \/>\n<a href=\"https:\/\/jundiai.sp.gov.br\/noticias\/2016\/06\/02\/varejao-noturno-aprova-novo-espaco-solidario\/\"><strong>Varej\u00e3o Noturno aprova novo \u2018espa\u00e7o solid\u00e1rio\u2019<\/strong><\/a><br \/>\n<a href=\"https:\/\/jundiai.sp.gov.br\/noticias\/2016\/06\/03\/sexta-no-centro-tem-edicao-especial-de-festa-junina\/\">\u2018Sexta no Centro\u2019 tem edi\u00e7\u00e3o especial de festa junina<\/strong><\/a><\/p>\n<div id=\"attachment_179141\" style=\"width: 730px\" class=\"wp-caption aligncenter\"><a href=\"https:\/\/jundiai.sp.gov.br\/noticias\/wp-content\/uploads\/sites\/32\/2016\/06\/feira_artesanato_pa\u00e7o_D8g.jpg\" rel=\"attachment wp-att-179141\"><img loading=\"lazy\" decoding=\"async\" aria-describedby=\"caption-attachment-179141\" class=\"size-large wp-image-179141\" src=\"https:\/\/jundiai.sp.gov.br\/noticias\/wp-content\/uploads\/sites\/32\/2016\/06\/feira_artesanato_pa\u00e7o_D8g-720x462.jpg\" alt=\"A feira vai at\u00e9 sexta-feira (10) no Pa\u00e7o\" width=\"720\" height=\"462\" srcset=\"https:\/\/jundiai.sp.gov.br\/noticias\/wp-content\/uploads\/sites\/32\/2016\/06\/feira_artesanato_pa\u00e7o_D8g-720x462.jpg 720w, https:\/\/jundiai.sp.gov.br\/noticias\/wp-content\/uploads\/sites\/32\/2016\/06\/feira_artesanato_pa\u00e7o_D8g-300x193.jpg 300w, https:\/\/jundiai.sp.gov.br\/noticias\/wp-content\/uploads\/sites\/32\/2016\/06\/feira_artesanato_pa\u00e7o_D8g-768x493.jpg 768w, https:\/\/jundiai.sp.gov.br\/noticias\/wp-content\/uploads\/sites\/32\/2016\/06\/feira_artesanato_pa\u00e7o_D8g.jpg 1240w\" sizes=\"auto, (max-width: 720px) 100vw, 720px\" \/><\/a><p id=\"caption-attachment-179141\" class=\"wp-caption-text\">A feira vai at\u00e9 sexta-feira (10) no Pa\u00e7o<\/p><\/div>\n<p><strong> \u201cO programa tem mostrado que \u00e9 uma arte cada vez mais elaborada pelos participantes, renovando o conceito que t\u00ednhamos sobre artesanato produzido na cidade\u201d, destaca a secret\u00e1ria de Agricultura, Abastecimento e Turismo, Val\u00e9ria Silveira de Oliveira.<\/strong><\/p>\n<p>S\u00e3o sabonetes com aromas \u00fanicos, bolsas e capas para livros, escovas ou talheres, gorros e outras pe\u00e7as em croch\u00ea e tric\u00f4 elaborados, semijoias com detalhes especiais, caixas com tampos em imagens antigas da cidade, m\u00f3biles feitos com caba\u00e7as e cutieiras, objetos criados a partir de pe\u00e7as de motocicletas, pe\u00e7as de carteado dom\u00e9stico, artigos femininos especiais como len\u00e7os ou grampos e assim por diante, em uma sucess\u00e3o de surpresas.<\/p>\n<p>Participam Andr\u00e9 Curado Saboneteria, Arte em Ferro (Eduardo \u201cIron Man\u201d Modesto), Be Happy (C\u00e9lia Duo), Bon Bijoux (Paulo Bonatti), Bordados e Fuxicos (Luciana Rodrigues), Cris Bee, Edileine Izidoro, Fl\u00e1vio Leone, M\u00e1rcia Mosaicos (M\u00e1rcia Silva), Mari Pratas (Marizilda Folster), Michele Agiani (Mimi Costura), Roseli Cichinato, Roseli Vida e Tani Patch (Tani Carvalho).<\/p>\n<p>O passeio vale a pena e o resultado de tanta criatividade pode ser encontrado em pe\u00e7as a partir de R$ 10. No transporte coletivo, o acesso ao Pa\u00e7o \u00e9 feito por linha conectada ao Terminal Hortol\u00e2ndia.<\/p>\n<p><strong>O<a href=\"http:\/\/turismo.jundiai.sp.gov.br\/atrativos\/artesanato-jundiai-feito-a-mao\/\" target=\"_blank\"> programa Jundia\u00ed Feito \u00e0 M\u00e3o<\/a>, criado em 2013, \u00e9 parte das atividades do setor de turismo da Prefeitura de Jundia\u00ed e da valoriza\u00e7\u00e3o de talentos locais da cidade como um todo.<\/strong><\/p>\n<p><em><strong>Jos\u00e9 Arnaldo de Oliveira<\/strong><\/em><br \/>\n<em><strong> Fotos: Dorival Pinheiro Filho<\/strong><\/em><\/p>\n","protected":false},"excerpt":{"rendered":"<p>No hor\u00e1rio das 8h \u00e0s 18h os visitantes podem encontrar alternativas, em uma composi\u00e7\u00e3o tem\u00e1tica diferente da anterior feira Arte Eco<\/p>\n","protected":false},"author":11,"featured_media":179147,"comment_status":"closed","ping_status":"closed","sticky":false,"template":"","format":"standard","meta":{"footnotes":""},"categories":[2],"tags":[41,293],"ods":[],"class_list":["post-179140","post","type-post","status-publish","format-standard","has-post-thumbnail","hentry","category-noticias","tag-agricultura-abastecimento-e-turismo","tag-jundiai-feito-a-mao"],"_links":{"self":[{"href":"https:\/\/jundiai.sp.gov.br\/noticias\/wp-json\/wp\/v2\/posts\/179140","targetHints":{"allow":["GET"]}}],"collection":[{"href":"https:\/\/jundiai.sp.gov.br\/noticias\/wp-json\/wp\/v2\/posts"}],"about":[{"href":"https:\/\/jundiai.sp.gov.br\/noticias\/wp-json\/wp\/v2\/types\/post"}],"author":[{"embeddable":true,"href":"https:\/\/jundiai.sp.gov.br\/noticias\/wp-json\/wp\/v2\/users\/11"}],"replies":[{"embeddable":true,"href":"https:\/\/jundiai.sp.gov.br\/noticias\/wp-json\/wp\/v2\/comments?post=179140"}],"version-history":[{"count":10,"href":"https:\/\/jundiai.sp.gov.br\/noticias\/wp-json\/wp\/v2\/posts\/179140\/revisions"}],"predecessor-version":[{"id":179363,"href":"https:\/\/jundiai.sp.gov.br\/noticias\/wp-json\/wp\/v2\/posts\/179140\/revisions\/179363"}],"wp:featuredmedia":[{"embeddable":true,"href":"https:\/\/jundiai.sp.gov.br\/noticias\/wp-json\/wp\/v2\/media\/179147"}],"wp:attachment":[{"href":"https:\/\/jundiai.sp.gov.br\/noticias\/wp-json\/wp\/v2\/media?parent=179140"}],"wp:term":[{"taxonomy":"category","embeddable":true,"href":"https:\/\/jundiai.sp.gov.br\/noticias\/wp-json\/wp\/v2\/categories?post=179140"},{"taxonomy":"post_tag","embeddable":true,"href":"https:\/\/jundiai.sp.gov.br\/noticias\/wp-json\/wp\/v2\/tags?post=179140"},{"taxonomy":"ods","embeddable":true,"href":"https:\/\/jundiai.sp.gov.br\/noticias\/wp-json\/wp\/v2\/ods?post=179140"}],"curies":[{"name":"wp","href":"https:\/\/api.w.org\/{rel}","templated":true}]}}