{"id":179224,"date":"2016-06-07T14:57:06","date_gmt":"2016-06-07T17:57:06","guid":{"rendered":"https:\/\/jundiai.sp.gov.br\/noticias\/?p=179224"},"modified":"2016-11-04T10:51:11","modified_gmt":"2016-11-04T12:51:11","slug":"confira-as-vagas-de-emprego-do-pat-para-esta-quarta-feira-8","status":"publish","type":"post","link":"https:\/\/jundiai.sp.gov.br\/noticias\/2016\/06\/07\/confira-as-vagas-de-emprego-do-pat-para-esta-quarta-feira-8\/","title":{"rendered":"Confira as vagas de emprego do PAT para esta quarta (8)"},"content":{"rendered":"<p><strong>O Posto de Atendimento ao Trabalhador (PAT) tem vagas abertas para esta quarta-feira (8). Os interessados devem comparecer \u00e0 rua Zacarias de Goes, 530 \u2013 Centro. O atendimento \u00e9 de segunda a sexta-feira, das 8h \u00e0s 16h30. \u00c9 necess\u00e1rio levar RG, CPF, carteira de trabalho, PIS ou cart\u00e3o do cidad\u00e3o.<\/strong><\/p>\n<p><strong>O PAT informa que durante toda a semana poder\u00e1 haver altera\u00e7\u00e3o no quadro de vagas, pois essas podem ser preenchidas a qualquer momento e outras s\u00e3o disponibilizadas. Informa ainda que algumas vagas contam com requisitos solicitados pelas empresas.<\/strong><\/p>\n<p><strong>Confira as vagas:<\/strong><\/p>\n<ul>\n<li>\n<h4><b><i><u>Ajudante de cozinha<\/u><\/i><\/b>\u00a0<em> &#8211;\u00a0somente candidatos de Jundia\u00ed e \u00a0Itupeva;<\/em><\/h4>\n<\/li>\n<li>\n<h4><span style=\"text-decoration: underline\"><em><strong>Auxiliar de enfermagem home care<\/strong><\/em><\/span><\/h4>\n<\/li>\n<li>\n<h4><em><span style=\"text-decoration: underline\"><strong>Auxiliar de limpeza<\/strong><\/span> &#8211; \u00a0somente candidatos de Campo Limpo Paulista, Itupeva, Jundia\u00ed e V\u00e1rzea Paulista;<\/em><\/h4>\n<\/li>\n<li>\n<h4><em><span style=\"text-decoration: underline\"><strong>Chefe de limpeza<\/strong><\/span>\u00a0&#8211;\u00a0somente candidatos de\u00a0Campo Limpo Paulista, Jundia\u00ed\u00a0e\u00a0V\u00e1rzea Paulista;<\/em><\/h4>\n<\/li>\n<li>\n<h4><strong><em><u>Cozinheiro de restaurante<\/u><\/em><\/strong><em> &#8211;\u00a0somente candidatos de Jundia\u00ed e \u00a0Itupeva;<\/em><\/h4>\n<\/li>\n<li>\n<h4><strong><em><u>Cozinheiro geral<\/u><\/em><\/strong>\u00a0<em>&#8211;\u00a0somente candidatos de Jundia\u00ed;<\/em><\/h4>\n<\/li>\n<li>\n<h4><span style=\"text-decoration: underline\"><em><strong>Enfermeiro<\/strong><\/em><\/span><\/h4>\n<\/li>\n<li>\n<h4><strong><em><u>Jardineiro<\/u><\/em><\/strong> <em>&#8211;\u00a0somente candidatos de Jundia\u00ed e V\u00e1rzea Paulista. Desej\u00e1vel habilita\u00e7\u00e3o B;<\/em><\/h4>\n<\/li>\n<li>\n<h4><em><strong><u>Motorista carreteiro<\/u><\/strong>\u00a0&#8211; somente candidatos de Jundia\u00ed, V\u00e1rzea Paulista e Louveira;<\/em><\/h4>\n<\/li>\n<li>\n<h4><strong><em><u>Porteiro<\/u><\/em><\/strong>\u00a0<em>&#8211;\u00a0somente candidatos de Jundia\u00ed e V\u00e1rzea Paulista &#8211; ter conhecimento em inform\u00e1tica;<\/em><\/h4>\n<\/li>\n<li>\n<h4><span style=\"text-decoration: underline\"><em><strong>T\u00e9cnico em enfermagem<\/strong><\/em><\/span><\/h4>\n<\/li>\n<\/ul>\n<p><strong><em>Assessoria de Imprensa<\/em><\/strong><\/p>\n","protected":false},"excerpt":{"rendered":"<p>Posto de Atendimento ao Trabalhador fica na rua Zacarias de Goes, 530, e est\u00e1 aberto das 8h \u00e0s 16h30<\/p>\n","protected":false},"author":21,"featured_media":132157,"comment_status":"closed","ping_status":"closed","sticky":false,"template":"","format":"standard","meta":{"footnotes":""},"categories":[2],"tags":[365,480,187],"ods":[],"class_list":["post-179224","post","type-post","status-publish","format-standard","has-post-thumbnail","hentry","category-noticias","tag-desenvolvimento-economico-ciencia-e-tecnologia","tag-emprego","tag-posto-de-atendimento-ao-trabalhador-pat"],"_links":{"self":[{"href":"https:\/\/jundiai.sp.gov.br\/noticias\/wp-json\/wp\/v2\/posts\/179224","targetHints":{"allow":["GET"]}}],"collection":[{"href":"https:\/\/jundiai.sp.gov.br\/noticias\/wp-json\/wp\/v2\/posts"}],"about":[{"href":"https:\/\/jundiai.sp.gov.br\/noticias\/wp-json\/wp\/v2\/types\/post"}],"author":[{"embeddable":true,"href":"https:\/\/jundiai.sp.gov.br\/noticias\/wp-json\/wp\/v2\/users\/21"}],"replies":[{"embeddable":true,"href":"https:\/\/jundiai.sp.gov.br\/noticias\/wp-json\/wp\/v2\/comments?post=179224"}],"version-history":[{"count":8,"href":"https:\/\/jundiai.sp.gov.br\/noticias\/wp-json\/wp\/v2\/posts\/179224\/revisions"}],"predecessor-version":[{"id":180142,"href":"https:\/\/jundiai.sp.gov.br\/noticias\/wp-json\/wp\/v2\/posts\/179224\/revisions\/180142"}],"wp:featuredmedia":[{"embeddable":true,"href":"https:\/\/jundiai.sp.gov.br\/noticias\/wp-json\/wp\/v2\/media\/132157"}],"wp:attachment":[{"href":"https:\/\/jundiai.sp.gov.br\/noticias\/wp-json\/wp\/v2\/media?parent=179224"}],"wp:term":[{"taxonomy":"category","embeddable":true,"href":"https:\/\/jundiai.sp.gov.br\/noticias\/wp-json\/wp\/v2\/categories?post=179224"},{"taxonomy":"post_tag","embeddable":true,"href":"https:\/\/jundiai.sp.gov.br\/noticias\/wp-json\/wp\/v2\/tags?post=179224"},{"taxonomy":"ods","embeddable":true,"href":"https:\/\/jundiai.sp.gov.br\/noticias\/wp-json\/wp\/v2\/ods?post=179224"}],"curies":[{"name":"wp","href":"https:\/\/api.w.org\/{rel}","templated":true}]}}