{"id":179429,"date":"2016-06-09T12:30:08","date_gmt":"2016-06-09T15:30:08","guid":{"rendered":"https:\/\/jundiai.sp.gov.br\/noticias\/?p=179429"},"modified":"2016-11-04T10:51:12","modified_gmt":"2016-11-04T12:51:12","slug":"time-de-basquete-faz-doacao-para-campanha-do-inverno-do-fundo-social-de-solidariedade","status":"publish","type":"post","link":"https:\/\/jundiai.sp.gov.br\/noticias\/2016\/06\/09\/time-de-basquete-faz-doacao-para-campanha-do-inverno-do-fundo-social-de-solidariedade\/","title":{"rendered":"Time de basquete faz doa\u00e7\u00e3o para Campanha do Inverno"},"content":{"rendered":"<p><strong>A Campanha do Inverno 2016, do <a href=\"https:\/\/jundiai.sp.gov.br\/fundo-social-de-solidariedade\/\" target=\"_blank\">Fundo Social de Solidariedade (Funss<\/a>), recebeu um refor\u00e7o na noite de quarta-feira (8). O time de basquete amador \u00cdmpar da Madrugada doou mais de 300 pe\u00e7as, resultado de um trabalho de arrecada\u00e7\u00e3o feito pelos 30 participantes da equipe.<\/strong><\/p>\n<p><strong><a href=\"https:\/\/jundiai.sp.gov.br\/campanha-de-inverno\/.\" target=\"_blank\">CONFIRA OS PONTOS DE ARRECADA\u00c7\u00c3O<\/a><\/strong><\/p>\n<p><strong>LEIA TAMB\u00c9M<\/strong><br \/>\n<a href=\"https:\/\/jundiai.sp.gov.br\/noticias\/2016\/06\/09\/campanha-de-inverno-fundo-social-recebe-doacoes\/\">Campanha de Inverno: Fundo Social recebe doa\u00e7\u00f5es<\/a><\/p>\n<div id=\"attachment_179430\" style=\"width: 730px\" class=\"wp-caption aligncenter\"><a href=\"https:\/\/jundiai.sp.gov.br\/noticias\/wp-content\/uploads\/sites\/32\/2016\/06\/entrega_agasalho_basquete_D23g.jpg\" rel=\"attachment wp-att-179430\"><img loading=\"lazy\" decoding=\"async\" aria-describedby=\"caption-attachment-179430\" class=\"size-large wp-image-179430\" src=\"https:\/\/jundiai.sp.gov.br\/noticias\/wp-content\/uploads\/sites\/32\/2016\/06\/entrega_agasalho_basquete_D23g-720x473.jpg\" alt=\"\u00cdmpar da Madrugada far\u00e1 mais campanhas para ajudar o Funss\" width=\"720\" height=\"473\" srcset=\"https:\/\/jundiai.sp.gov.br\/noticias\/wp-content\/uploads\/sites\/32\/2016\/06\/entrega_agasalho_basquete_D23g-720x473.jpg 720w, https:\/\/jundiai.sp.gov.br\/noticias\/wp-content\/uploads\/sites\/32\/2016\/06\/entrega_agasalho_basquete_D23g-300x197.jpg 300w, https:\/\/jundiai.sp.gov.br\/noticias\/wp-content\/uploads\/sites\/32\/2016\/06\/entrega_agasalho_basquete_D23g-768x505.jpg 768w, https:\/\/jundiai.sp.gov.br\/noticias\/wp-content\/uploads\/sites\/32\/2016\/06\/entrega_agasalho_basquete_D23g.jpg 1240w\" sizes=\"auto, (max-width: 720px) 100vw, 720px\" \/><\/a><p id=\"caption-attachment-179430\" class=\"wp-caption-text\">\u00cdmpar da Madrugada far\u00e1 mais campanhas para ajudar o Funss<\/p><\/div>\n<p><strong>A primeira-dama e presidente do Funss, Margarete Geraldo Bigardi, recebeu a doa\u00e7\u00e3o.<\/strong> \u201cAjudamos cerca de 130 entidades por m\u00eas. Toda ajuda \u00e9 bem-vinda e agradecemos muito a colabora\u00e7\u00e3o\u201d, disse Margarete.<br \/>\nO respons\u00e1vel pelo time, Luiz Augusto Gr\u00e9gio Perez, ressaltou que este ser\u00e1 um trabalho de solidariedade cont\u00ednuo da equipe. \u201cO Fundo Social demanda de fraldas para doa\u00e7\u00e3o. Vamos promover um torneio da equipe \u2018fraldinha\u2019 para arrecadar tamb\u00e9m\u201d, disse.<\/p>\n<p><strong>A Campanha de Inverno 2016 vai at\u00e9 30 de junho. Para doar, basta ir \u00e0 sede do Fundo Social, na avenida Dona Manoela Lacerda de Vergueiro, s\/n\u00ba (port\u00e3o 3), anexo ao Parque da Uva ou em qualquer ponto de arrecada\u00e7\u00e3o.<\/strong><\/p>\n<p><em><strong>Assessoria de Imprensa<\/strong><\/em><br \/>\n<em><strong> Fotos: Dorival Pinheiro Filho<\/strong><\/em><\/p>\n","protected":false},"excerpt":{"rendered":"<p>LEIA TAMB\u00c9M: Funss recebe cerca de 1,7 mil pe\u00e7as entre cobertores novos e usados e pe\u00e7as de roupas das empresas Astra e Japi<\/p>\n","protected":false},"author":11,"featured_media":179431,"comment_status":"closed","ping_status":"closed","sticky":false,"template":"","format":"standard","meta":{"footnotes":""},"categories":[2],"tags":[555,859,416],"ods":[],"class_list":["post-179429","post","type-post","status-publish","format-standard","has-post-thumbnail","hentry","category-noticias","tag-campanha-de-inverno","tag-campanha-de-inverno-2016","tag-fundo-social-de-solidariedade-funss"],"_links":{"self":[{"href":"https:\/\/jundiai.sp.gov.br\/noticias\/wp-json\/wp\/v2\/posts\/179429","targetHints":{"allow":["GET"]}}],"collection":[{"href":"https:\/\/jundiai.sp.gov.br\/noticias\/wp-json\/wp\/v2\/posts"}],"about":[{"href":"https:\/\/jundiai.sp.gov.br\/noticias\/wp-json\/wp\/v2\/types\/post"}],"author":[{"embeddable":true,"href":"https:\/\/jundiai.sp.gov.br\/noticias\/wp-json\/wp\/v2\/users\/11"}],"replies":[{"embeddable":true,"href":"https:\/\/jundiai.sp.gov.br\/noticias\/wp-json\/wp\/v2\/comments?post=179429"}],"version-history":[{"count":10,"href":"https:\/\/jundiai.sp.gov.br\/noticias\/wp-json\/wp\/v2\/posts\/179429\/revisions"}],"predecessor-version":[{"id":179569,"href":"https:\/\/jundiai.sp.gov.br\/noticias\/wp-json\/wp\/v2\/posts\/179429\/revisions\/179569"}],"wp:featuredmedia":[{"embeddable":true,"href":"https:\/\/jundiai.sp.gov.br\/noticias\/wp-json\/wp\/v2\/media\/179431"}],"wp:attachment":[{"href":"https:\/\/jundiai.sp.gov.br\/noticias\/wp-json\/wp\/v2\/media?parent=179429"}],"wp:term":[{"taxonomy":"category","embeddable":true,"href":"https:\/\/jundiai.sp.gov.br\/noticias\/wp-json\/wp\/v2\/categories?post=179429"},{"taxonomy":"post_tag","embeddable":true,"href":"https:\/\/jundiai.sp.gov.br\/noticias\/wp-json\/wp\/v2\/tags?post=179429"},{"taxonomy":"ods","embeddable":true,"href":"https:\/\/jundiai.sp.gov.br\/noticias\/wp-json\/wp\/v2\/ods?post=179429"}],"curies":[{"name":"wp","href":"https:\/\/api.w.org\/{rel}","templated":true}]}}