{"id":179467,"date":"2016-06-09T14:30:53","date_gmt":"2016-06-09T17:30:53","guid":{"rendered":"https:\/\/jundiai.sp.gov.br\/noticias\/?p=179467"},"modified":"2016-11-04T10:51:13","modified_gmt":"2016-11-04T12:51:13","slug":"polytheama-recebe-orquestra-jovem-tom-jobim-no-sabado-11","status":"publish","type":"post","link":"https:\/\/jundiai.sp.gov.br\/noticias\/2016\/06\/09\/polytheama-recebe-orquestra-jovem-tom-jobim-no-sabado-11\/","title":{"rendered":"Polytheama recebe Orquestra Jovem Tom Jobim em noite de chorinho, s\u00e1bado (11)"},"content":{"rendered":"<p><strong>O <a href=\"http:\/\/cultura.jundiai.sp.gov.br\/espacos-culturais\/teatro-polytheama\/\" target=\"_blank\">Teatro Polytheama<\/a> \u00e9 palco de mais uma apresenta\u00e7\u00e3o dos Concertos Astra &#8211; Finamax, que neste s\u00e1bado (11) apresenta, a partir das 20h30, o espet\u00e1culo \u201cTom Jobim Visita o Choro &#8211; Ontem e Hoje\u201d, da Orquestra Jovem Tom Jobim. Os ingressos est\u00e3o \u00e0 venda ao pre\u00e7o popular de R$ 10,00. A noite conta ainda com as participa\u00e7\u00f5es dos convidados especiais Nelson Ayres, pianista, arranjador e compositor, e Alexandre Ribeiro, clarinetista.<\/strong><\/p>\n<p><strong>LEIA TAMB\u00c9M<\/strong><br \/>\n\u2018<a href=\"https:\/\/jundiai.sp.gov.br\/noticias\/2016\/06\/07\/feira-entorta-celebra-dia-dos-namorados\/\">Feira Entorta\u2019 celebra Dia dos Namorados<\/a><br \/>\n<a href=\"https:\/\/jundiai.sp.gov.br\/noticias\/2016\/06\/03\/cultura-seleciona-novas-vozes-para-o-coral-municipal\/\">Cultura seleciona novas vozes para o Coral<\/a><br \/>\n<a href=\"https:\/\/jundiai.sp.gov.br\/noticias\/2016\/06\/09\/orquestra-jovem-leva-apresentacao-gratuita-ao-terra-nova-no-sabado-11\/\">Orquestra leva apresenta\u00e7\u00e3o ao Terra Nova<\/a><br \/>\n<a href=\"https:\/\/jundiai.sp.gov.br\/noticias\/2016\/06\/06\/33o-alem-do-muro-leva-mundo-geek-a-biblioteca-no-sabado-11\/\">\u2018Al\u00e9m do Muro\u2019 leva mundo geek \u00e0 Biblioteca<\/a><\/p>\n<div id=\"attachment_179468\" style=\"width: 730px\" class=\"wp-caption aligncenter\"><a href=\"https:\/\/jundiai.sp.gov.br\/noticias\/wp-content\/uploads\/sites\/32\/2016\/06\/ORquestra-Tom-Jobim_G.jpg\" rel=\"attachment wp-att-179468\"><img loading=\"lazy\" decoding=\"async\" aria-describedby=\"caption-attachment-179468\" class=\"size-large wp-image-179468\" src=\"https:\/\/jundiai.sp.gov.br\/noticias\/wp-content\/uploads\/sites\/32\/2016\/06\/ORquestra-Tom-Jobim_G-720x455.jpg\" alt=\"Orquestra Jovem apresenta repert\u00f3rio diversificado\" width=\"720\" height=\"455\" srcset=\"https:\/\/jundiai.sp.gov.br\/noticias\/wp-content\/uploads\/sites\/32\/2016\/06\/ORquestra-Tom-Jobim_G-720x455.jpg 720w, https:\/\/jundiai.sp.gov.br\/noticias\/wp-content\/uploads\/sites\/32\/2016\/06\/ORquestra-Tom-Jobim_G-300x190.jpg 300w, https:\/\/jundiai.sp.gov.br\/noticias\/wp-content\/uploads\/sites\/32\/2016\/06\/ORquestra-Tom-Jobim_G-768x486.jpg 768w, https:\/\/jundiai.sp.gov.br\/noticias\/wp-content\/uploads\/sites\/32\/2016\/06\/ORquestra-Tom-Jobim_G.jpg 1240w\" sizes=\"auto, (max-width: 720px) 100vw, 720px\" \/><\/a><p id=\"caption-attachment-179468\" class=\"wp-caption-text\">Orquestra Jovem apresenta repert\u00f3rio diversificado<\/p><\/div>\n<p>O repert\u00f3rio \u00e9 composto por m\u00fasicas especialmente selecionadas para a apresenta\u00e7\u00e3o, entre elas: \u201cO Fino Do Choro\u201d, pot-pourri com arranjos de Cyro Pereira e F\u00e1bio Prado; \u201cChoro Negro\u201d, de Paulinho da Viola, trabalhada nos arranjos de Nelson Ayres, Andr\u00e9 Fajersztajn e Luis Gustavo de Barros Ananias, nos clarinetes; \u201cUm a Zero\u201d, de Pixinguinha; dentre outros mais, que abrilhantam a apresenta\u00e7\u00e3o.<\/p>\n<div id=\"attachment_179469\" style=\"width: 296px\" class=\"wp-caption alignright\"><a href=\"https:\/\/jundiai.sp.gov.br\/noticias\/wp-content\/uploads\/sites\/32\/2016\/06\/Alexandre-Ribeiro_G.jpg\" rel=\"attachment wp-att-179469\"><img loading=\"lazy\" decoding=\"async\" aria-describedby=\"caption-attachment-179469\" class=\" wp-image-179469\" src=\"https:\/\/jundiai.sp.gov.br\/noticias\/wp-content\/uploads\/sites\/32\/2016\/06\/Alexandre-Ribeiro_G-300x437.jpg\" alt=\"Clarinetista Alexandre Ribeiro \u00e9 convidado especial da noite\" width=\"286\" height=\"417\" srcset=\"https:\/\/jundiai.sp.gov.br\/noticias\/wp-content\/uploads\/sites\/32\/2016\/06\/Alexandre-Ribeiro_G-300x437.jpg 300w, https:\/\/jundiai.sp.gov.br\/noticias\/wp-content\/uploads\/sites\/32\/2016\/06\/Alexandre-Ribeiro_G-768x1119.jpg 768w, https:\/\/jundiai.sp.gov.br\/noticias\/wp-content\/uploads\/sites\/32\/2016\/06\/Alexandre-Ribeiro_G-659x960.jpg 659w, https:\/\/jundiai.sp.gov.br\/noticias\/wp-content\/uploads\/sites\/32\/2016\/06\/Alexandre-Ribeiro_G.jpg 1240w\" sizes=\"auto, (max-width: 286px) 100vw, 286px\" \/><\/a><p id=\"caption-attachment-179469\" class=\"wp-caption-text\">Clarinetista Alexandre Ribeiro \u00e9 convidado especial da noite<\/p><\/div>\n<p>Nelson Ayres \u00e9 o regente convidado para noite. O m\u00fasico iniciou sua carreira na d\u00e9cada de 60, ao dividir o palco com Taiguara, Toquinho e Chico Buarque. Com uma bolsa de estudos, tornou-se o primeiro aluno brasileiro a cursar o Berklee College of Music. Regeu in\u00fameras orquestras no Brasil e no exterior, incluindo a Orquestra Filarm\u00f4nica de Israel. Foi ainda apresentador do programa Jazz &amp; Cia, da TV Cultura, e presidente do J\u00fari do Pr\u00eamio Visa de M\u00fasica Brasileira. Em 2004 lan\u00e7ou o CD \u201cPerto do Cora\u00e7\u00e3o\u201d e, em 2011, \u201cPaix\u00e3o\u201d.<\/p>\n<p>Outra participa\u00e7\u00e3o especial que abrilhanta a apresenta\u00e7\u00e3o \u00e9 o clarinetista Alexandre Ribeiro, herdeiro de grandes nomes do clarinete brasileiro. Ele j\u00e1 compartilhou sua m\u00fasica com grandes artistas nacionais e internacionais e em diferentes palcos por todo o mundo. Seus trabalhos de maior destaque s\u00e3o &#8220;Alexandre Ribeiro Quarteto&#8221;, projeto \u201cPanorama do Choro Paulistano Contempor\u00e2neo\u201d, \u201cQuarteto Roda de Choro\u201d, &#8220;Duo Alexandre Ribeiro e Alessandro Penezzi&#8221; e &#8220;Alexandre Ribeiro Solo&#8221;.<\/p>\n<p><strong>Os ingressos j\u00e1 est\u00e3o \u00e0 venda na bilheteria do Polytheama, que fica na rua Bar\u00e3o de Jundia\u00ed, 176, Centro. Para mais informa\u00e7\u00f5es, telefone (11) 4522\u20130770.<\/strong><\/p>\n<p><em><strong>Assessoria de Imprensa<\/strong><\/em><br \/>\n<em><strong> Fotos: divulga\u00e7\u00e3o<\/strong><\/em><\/p>\n","protected":false},"excerpt":{"rendered":"<p>O repert\u00f3rio \u00e9 composto por m\u00fasicas especialmente selecionadas para a apresenta\u00e7\u00e3o; os ingressos j\u00e1 est\u00e3o \u00e0 venda por R$ 10 na bilheteria do teatro<\/p>\n","protected":false},"author":11,"featured_media":179473,"comment_status":"closed","ping_status":"closed","sticky":false,"template":"","format":"standard","meta":{"footnotes":""},"categories":[2],"tags":[29,400,98],"ods":[],"class_list":["post-179467","post","type-post","status-publish","format-standard","has-post-thumbnail","hentry","category-noticias","tag-cultura","tag-teatro","tag-teatro-polytheama"],"_links":{"self":[{"href":"https:\/\/jundiai.sp.gov.br\/noticias\/wp-json\/wp\/v2\/posts\/179467","targetHints":{"allow":["GET"]}}],"collection":[{"href":"https:\/\/jundiai.sp.gov.br\/noticias\/wp-json\/wp\/v2\/posts"}],"about":[{"href":"https:\/\/jundiai.sp.gov.br\/noticias\/wp-json\/wp\/v2\/types\/post"}],"author":[{"embeddable":true,"href":"https:\/\/jundiai.sp.gov.br\/noticias\/wp-json\/wp\/v2\/users\/11"}],"replies":[{"embeddable":true,"href":"https:\/\/jundiai.sp.gov.br\/noticias\/wp-json\/wp\/v2\/comments?post=179467"}],"version-history":[{"count":10,"href":"https:\/\/jundiai.sp.gov.br\/noticias\/wp-json\/wp\/v2\/posts\/179467\/revisions"}],"predecessor-version":[{"id":179632,"href":"https:\/\/jundiai.sp.gov.br\/noticias\/wp-json\/wp\/v2\/posts\/179467\/revisions\/179632"}],"wp:featuredmedia":[{"embeddable":true,"href":"https:\/\/jundiai.sp.gov.br\/noticias\/wp-json\/wp\/v2\/media\/179473"}],"wp:attachment":[{"href":"https:\/\/jundiai.sp.gov.br\/noticias\/wp-json\/wp\/v2\/media?parent=179467"}],"wp:term":[{"taxonomy":"category","embeddable":true,"href":"https:\/\/jundiai.sp.gov.br\/noticias\/wp-json\/wp\/v2\/categories?post=179467"},{"taxonomy":"post_tag","embeddable":true,"href":"https:\/\/jundiai.sp.gov.br\/noticias\/wp-json\/wp\/v2\/tags?post=179467"},{"taxonomy":"ods","embeddable":true,"href":"https:\/\/jundiai.sp.gov.br\/noticias\/wp-json\/wp\/v2\/ods?post=179467"}],"curies":[{"name":"wp","href":"https:\/\/api.w.org\/{rel}","templated":true}]}}