{"id":179745,"date":"2016-06-12T18:44:37","date_gmt":"2016-06-12T21:44:37","guid":{"rendered":"https:\/\/jundiai.sp.gov.br\/noticias\/?p=179745"},"modified":"2016-11-04T10:52:12","modified_gmt":"2016-11-04T12:52:12","slug":"trancando-arte-atrai-geracoes-em-dia-de-reverencia-a-cultura-afro","status":"publish","type":"post","link":"https:\/\/jundiai.sp.gov.br\/noticias\/2016\/06\/12\/trancando-arte-atrai-geracoes-em-dia-de-reverencia-a-cultura-afro\/","title":{"rendered":"Tran\u00e7ando Arte atrai gera\u00e7\u00f5es em dia de cultura afro"},"content":{"rendered":"<p><strong>Shows, dan\u00e7a, desfile, a presen\u00e7a de expositores e das famosas tran\u00e7adeiras, apontadas como as \u201cmeninas dos olhos\u201d do evento. A programa\u00e7\u00e3o diversificada fez da 7\u00aa edi\u00e7\u00e3o do Tran\u00e7ando Arte Brasil um sucesso absoluto. O evento foi realizado neste domingo (12) no Parque Comendador Ant\u00f4nio Carbonari, o Parque da Uva, com entrada gratuita e a participa\u00e7\u00e3o de um p\u00fablico de diversas gera\u00e7\u00f5es.<\/strong><\/p>\n<p><strong>LEIA TAMB\u00c9M<br \/>\n<a href=\"https:\/\/jundiai.sp.gov.br\/noticias\/2016\/06\/11\/sexta-no-centro-embala-cidade-com-sertanejo-comida-e-forro\/\" target=\"_blank\">Sexta no Centro embala cidade com sertanejo, comida e forr\u00f3<\/a><br \/>\n<a href=\"https:\/\/jundiai.sp.gov.br\/noticias\/2016\/06\/09\/academia-jundiaiense-de-letras-homenageia-patrono-benedito-storani\/\">Academia Jundiaiense de Letras homenageia Benedito Storani<\/a><\/strong><\/p>\n<div id=\"attachment_179746\" style=\"width: 730px\" class=\"wp-caption aligncenter\"><a href=\"https:\/\/jundiai.sp.gov.br\/noticias\/wp-content\/uploads\/sites\/32\/2016\/06\/DPF6010g.jpg\" rel=\"attachment wp-att-179746\"><img loading=\"lazy\" decoding=\"async\" aria-describedby=\"caption-attachment-179746\" class=\"size-large wp-image-179746\" src=\"https:\/\/jundiai.sp.gov.br\/noticias\/wp-content\/uploads\/sites\/32\/2016\/06\/DPF6010g-720x480.jpg\" alt=\"P\u00fablico participa da selfie oficial do Tran\u00e7ando Arte na tarde de domingo no Parque da Uva\" width=\"720\" height=\"480\" srcset=\"https:\/\/jundiai.sp.gov.br\/noticias\/wp-content\/uploads\/sites\/32\/2016\/06\/DPF6010g-720x480.jpg 720w, https:\/\/jundiai.sp.gov.br\/noticias\/wp-content\/uploads\/sites\/32\/2016\/06\/DPF6010g-300x200.jpg 300w, https:\/\/jundiai.sp.gov.br\/noticias\/wp-content\/uploads\/sites\/32\/2016\/06\/DPF6010g-768x512.jpg 768w, https:\/\/jundiai.sp.gov.br\/noticias\/wp-content\/uploads\/sites\/32\/2016\/06\/DPF6010g.jpg 1240w\" sizes=\"auto, (max-width: 720px) 100vw, 720px\" \/><\/a><p id=\"caption-attachment-179746\" class=\"wp-caption-text\">P\u00fablico participa da selfie oficial do Tran\u00e7ando Arte na tarde de domingo no Parque da Uva<\/p><\/div>\n<p><strong>O Tran\u00e7ando Arte Brasil, promovido pela Prefeitura, por meio da <a href=\"https:\/\/jundiai.sp.gov.br\/gabinete\/coordenadoria-especial-de-politicas-publicas-para-a-promocao-da-igualdade-racial\/\" target=\"_blank\">Coordenadoria Especial de Pol\u00edticas P\u00fablicas para a Promo\u00e7\u00e3o da Igualdade Racial (Cepppir)<\/a>, proporcionou um Dia dos Namorados diferenciado para quem passou pelo Parque da Uva.<\/strong><\/p>\n<p><strong>Tamb\u00e9m atingiu seus principais objetivos que s\u00e3o a democratiza\u00e7\u00e3o da arte e da cultura africana, bem como promover o encontro de diversos mundos, com a proposta de valorizar a comunica\u00e7\u00e3o, a express\u00e3o art\u00edstica e os tra\u00e7os culturais, como a linguagem e os costumes regionais.<\/strong><\/p>\n<p>\u201c\u00c9 um resgate da cultura da m\u00e3e \u00c1frica, que a cada ano faz aumentar o interesse do p\u00fablico. \u00c9 um evento que leva em seu contexto principal a aplica\u00e7\u00e3o da pol\u00edtica p\u00fablica da igualdade racial. O Tran\u00e7ando Arte n\u00e3o \u00e9 simplesmente para reunir artistas e pessoas e sim significa a materializa\u00e7\u00e3o de um ponto espec\u00edfico dentro da pol\u00edtica de a\u00e7\u00e3o afirmativa\u201d, define o assessor especial para Assuntos das Coordenadorias, Vanderlei Victorino, organizador do evento.<\/p>\n<div id=\"attachment_179747\" style=\"width: 730px\" class=\"wp-caption aligncenter\"><a href=\"https:\/\/jundiai.sp.gov.br\/noticias\/wp-content\/uploads\/sites\/32\/2016\/06\/DPF6037g.jpg\" rel=\"attachment wp-att-179747\"><img loading=\"lazy\" decoding=\"async\" aria-describedby=\"caption-attachment-179747\" class=\"size-large wp-image-179747\" src=\"https:\/\/jundiai.sp.gov.br\/noticias\/wp-content\/uploads\/sites\/32\/2016\/06\/DPF6037g-720x478.jpg\" alt=\"Big Chico colocou o p\u00fablico para dan\u00e7ar em umd os shows do Tran\u00e7ando Arte neste domingo \" width=\"720\" height=\"478\" srcset=\"https:\/\/jundiai.sp.gov.br\/noticias\/wp-content\/uploads\/sites\/32\/2016\/06\/DPF6037g-720x478.jpg 720w, https:\/\/jundiai.sp.gov.br\/noticias\/wp-content\/uploads\/sites\/32\/2016\/06\/DPF6037g-300x199.jpg 300w, https:\/\/jundiai.sp.gov.br\/noticias\/wp-content\/uploads\/sites\/32\/2016\/06\/DPF6037g-768x510.jpg 768w, https:\/\/jundiai.sp.gov.br\/noticias\/wp-content\/uploads\/sites\/32\/2016\/06\/DPF6037g.jpg 1240w\" sizes=\"auto, (max-width: 720px) 100vw, 720px\" \/><\/a><p id=\"caption-attachment-179747\" class=\"wp-caption-text\">Big Chico colocou o p\u00fablico para dan\u00e7ar em umd os shows do Tran\u00e7ando Arte neste domingo<\/p><\/div>\n<p>Apresenta\u00e7\u00f5es como de Big Chico e banda, Mc Soffia, Grupo Afroragga e o balan\u00e7o do soul de Dom Paulinho e Banda Fabulosa foram algumas das atra\u00e7\u00f5es que fizeram o p\u00fablico dan\u00e7ar noite \u00e0 dentro.<\/p>\n<p>\u201cFico muito feliz em fazer parte deste evento, que divulga a cultura negra para Jundia\u00ed e regi\u00e3o. O Tran\u00e7ando Arte trabalha a autoestima e o orgulho do negro e isso \u00e9 importante para nossa comunidade\u201d, destaca o cantor Big Chico pouco antes de sua apresenta\u00e7\u00e3o.<\/p>\n<p>O prefeito Pedro Bigardi, acompanhado pela primeira-dama e presidente do <strong><a href=\"https:\/\/jundiai.sp.gov.br\/fundo-social-de-solidariedade\/\" target=\"_blank\">Fundo Social de Solidariedade (Funss)<\/a><\/strong>, Margarete Geraldo Bigardi, prestigiou o evento e citou que a cada edi\u00e7\u00e3o a participa\u00e7\u00e3o do p\u00fablico aumenta.<\/p>\n<p>\u201c\u00c9 uma alegria muito grande estar aqui para acompanhar esta rever\u00eancia \u00e0 cultura negra atrav\u00e9s da m\u00fasica e das artes. \u00c9 importante tamb\u00e9m sempre lembrarmos da convic\u00e7\u00e3o de que n\u00e3o podemos aceitar a desigualdade, o preconceito e a intoler\u00e2ncia. Temos que superar tudo isso para a constru\u00e7\u00e3o de uma sociedade cada vez mais humana e solid\u00e1ria. \u00c9 isso que o Tran\u00e7ando promove\u201d, ressalta o prefeito.<\/p>\n<p>No embalo dos shows, a fila em busca do trabalho das tran\u00e7adeiras cresceu a cada hora do evento. \u201cNo ano passado me interessei, mas s\u00f3 este ano tomei coragem. Estou amando\u201d, diz Alessandra Kuntz, enquanto esperava o fim do trabalho de Saulo Braids. \u201cAs tran\u00e7as atraem o p\u00fablico e algumas chegam a demorar at\u00e9 cinco horas\u201d, revela Braids.<br \/>\n<strong><br \/>\n<em>Ivan Lopes<\/em><br \/>\n<em> Fotos: Dorival Pinheiro Filho<\/em><\/strong><\/p>\n","protected":false},"excerpt":{"rendered":"<p>Shows, dan\u00e7a, desfile, a presen\u00e7a de expositores e das famosas tran\u00e7adeiras, apontadas como as \u201cmeninas dos olhos\u201d do evento no Parque da Uva<\/p>\n","protected":false},"author":11,"featured_media":179748,"comment_status":"closed","ping_status":"closed","sticky":false,"template":"","format":"standard","meta":{"footnotes":""},"categories":[2],"tags":[391,687],"ods":[],"class_list":["post-179745","post","type-post","status-publish","format-standard","has-post-thumbnail","hentry","category-noticias","tag-coordenadoria-especial-de-politicas-publicas-de-promocao-da-igualdade-racial-cepppir","tag-trancando-arte"],"_links":{"self":[{"href":"https:\/\/jundiai.sp.gov.br\/noticias\/wp-json\/wp\/v2\/posts\/179745","targetHints":{"allow":["GET"]}}],"collection":[{"href":"https:\/\/jundiai.sp.gov.br\/noticias\/wp-json\/wp\/v2\/posts"}],"about":[{"href":"https:\/\/jundiai.sp.gov.br\/noticias\/wp-json\/wp\/v2\/types\/post"}],"author":[{"embeddable":true,"href":"https:\/\/jundiai.sp.gov.br\/noticias\/wp-json\/wp\/v2\/users\/11"}],"replies":[{"embeddable":true,"href":"https:\/\/jundiai.sp.gov.br\/noticias\/wp-json\/wp\/v2\/comments?post=179745"}],"version-history":[{"count":7,"href":"https:\/\/jundiai.sp.gov.br\/noticias\/wp-json\/wp\/v2\/posts\/179745\/revisions"}],"predecessor-version":[{"id":179878,"href":"https:\/\/jundiai.sp.gov.br\/noticias\/wp-json\/wp\/v2\/posts\/179745\/revisions\/179878"}],"wp:featuredmedia":[{"embeddable":true,"href":"https:\/\/jundiai.sp.gov.br\/noticias\/wp-json\/wp\/v2\/media\/179748"}],"wp:attachment":[{"href":"https:\/\/jundiai.sp.gov.br\/noticias\/wp-json\/wp\/v2\/media?parent=179745"}],"wp:term":[{"taxonomy":"category","embeddable":true,"href":"https:\/\/jundiai.sp.gov.br\/noticias\/wp-json\/wp\/v2\/categories?post=179745"},{"taxonomy":"post_tag","embeddable":true,"href":"https:\/\/jundiai.sp.gov.br\/noticias\/wp-json\/wp\/v2\/tags?post=179745"},{"taxonomy":"ods","embeddable":true,"href":"https:\/\/jundiai.sp.gov.br\/noticias\/wp-json\/wp\/v2\/ods?post=179745"}],"curies":[{"name":"wp","href":"https:\/\/api.w.org\/{rel}","templated":true}]}}