{"id":179899,"date":"2016-06-14T11:01:20","date_gmt":"2016-06-14T14:01:20","guid":{"rendered":"https:\/\/jundiai.sp.gov.br\/noticias\/?p=179899"},"modified":"2016-11-04T10:52:13","modified_gmt":"2016-11-04T12:52:13","slug":"jundiai-ganha-protocolo-oficial-da-rede-de-protecao-aos-idosos","status":"publish","type":"post","link":"https:\/\/jundiai.sp.gov.br\/noticias\/2016\/06\/14\/jundiai-ganha-protocolo-oficial-da-rede-de-protecao-aos-idosos\/","title":{"rendered":"Jundia\u00ed ganha protocolo oficial da rede de prote\u00e7\u00e3o aos idosos"},"content":{"rendered":"<p><strong>A Prefeitura de Jundia\u00ed oficializa, nesta quarta-feira (15), o novo protocolo da Rede de Aten\u00e7\u00e3o \u00e0 Pessoa Idosa em Situa\u00e7\u00e3o de Viol\u00eancia, desenvolvido em um trabalho multidisciplinar ao longo dos \u00faltimos anos e que organiza as a\u00e7\u00f5es de cada setor da administra\u00e7\u00e3o municipal e parceiros diante desse aspecto do segmento crescente da popula\u00e7\u00e3o, que j\u00e1 soma mais de 52 mil moradores acima dos 60 anos na cidade.<\/strong><\/p>\n<p><strong>LEIA MAIS<\/strong><br \/>\n<strong><a class=\"titulo-lista\" title=\"Prefeitura capacita mil servidores em atendimento de idosos\" href=\"https:\/\/jundiai.sp.gov.br\/noticias\/2016\/06\/03\/prefeitura-capacita-mil-servidores-em-atendimento-de-idosos\/\" rel=\"bookmark\">Prefeitura capacita mil servidores em atendimento de idosos<\/a><\/strong><br \/>\n<strong><a class=\"titulo-lista\" title=\"Professores da EJA participam de palestra sobre direito do idoso\" href=\"https:\/\/jundiai.sp.gov.br\/noticias\/2016\/06\/01\/professores-da-eja-participaram-de-palestra-sobre-direito-do-idoso\/\" rel=\"bookmark\">Professores da EJA participam de palestra sobre direito do idoso<\/a><\/strong><br \/>\n<strong><a class=\"titulo-lista\" title=\"Emo\u00e7\u00e3o marca lan\u00e7amento do filme #somostodoscuidadores na Biblioteca\" href=\"https:\/\/jundiai.sp.gov.br\/noticias\/2016\/05\/04\/emocao-marca-o-filme-somos-todos-cuidadores\/\" rel=\"bookmark\">Emo\u00e7\u00e3o marca lan\u00e7amento do filme #somostodoscuidadores na Biblioteca<\/a><\/strong><\/p>\n<p><strong>Tamb\u00e9m na mesma data em que se comemora o Dia Internacional de Combate \u00e0 Viol\u00eancia Contra a Pessoa Idosa, ocorrem outras atividades na cidade,<\/strong> como uma missa de a\u00e7\u00e3o de gra\u00e7as na Catedral Nossa Senhora do Desterro, \u00e0s 7h, um ato em defesa dos aposentados na pra\u00e7a Tib\u00farcio Estevam de Siqueira, \u00e0s 9h (ambas organizadas pela Associa\u00e7\u00e3o dos Aposentados e Pensionistas de Jundia\u00ed e Regi\u00e3o), e uma roda de conversas com o tema \u201drespeitar as pessoas idosas \u00e9 tratar o pr\u00f3prio futuro com respeito\u201d, no Centro de Conviv\u00eancia do Idoso (Complexo Argos), \u00e0s 14h, organizada pela Guarda Municipal.<\/p>\n<p>\u201c\u00c9 um tema importante e que deve estimular outras institui\u00e7\u00f5es e moradores a falarem sobre o assunto, que tem muitas nuances e situa\u00e7\u00f5es diferentes a serem compreendidas. Estamos citando alguns eventos independentes, mas outros devem estar ocorrendo porque o assunto est\u00e1 na agenda atual\u201d, comenta Cl\u00e1udia Sartori, da Coordenadoria do Idoso, que est\u00e1 vinculada ao Gabinete.<\/p>\n<p>A data tamb\u00e9m est\u00e1 presente nas contas de \u00e1gua do munic\u00edpio no per\u00edodo de 1 a 30 de junho, gerenciadas pela DAE. Uma frase leva a 109,5 mil resid\u00eancias o lembrete de que &#8220;viol\u00eancia contra idosos \u00e9 crime (maus tratos, agress\u00f5es verbais, amea\u00e7as, abandono, explora\u00e7\u00e3o financeira ou omiss\u00e3o de cuidados) e que podem ser combatidos e denunciados no Disque 100.<\/p>\n<p><strong>O ato de oficializa\u00e7\u00e3o do protocolo da Prefeitura de Jundia\u00ed \u00e9 conjunto da Secretaria de Sa\u00fade e da Secretaria de Assisst\u00eancia e Desenvolvimento Social e re\u00fane as atuais abordagens legais e t\u00f3picos como a pol\u00edtica municipal de aten\u00e7\u00e3o \u00e0 pessoa idosa, a promo\u00e7\u00e3o da sa\u00fade e a preven\u00e7\u00e3o de viol\u00eancias, o papel da assist\u00eancia social,<\/strong> os tipos e natureza de viol\u00eancias que atingem os idosos, as situa\u00e7\u00f5es e fatores de risco, o acolhimento, a rede intersetorial de cuidados, as a\u00e7\u00f5es na sa\u00fade e na assist\u00eancia, o papel das unidades b\u00e1sicas e especializadas, as institui\u00e7\u00f5es internas e externas, os fluxos de cada caso e suas fichas de registro e a rede de contatos para a comunidade.<\/p>\n<p><em><strong>Jos\u00e9 Arnaldo de Oliveira<\/strong><\/em><\/p>\n","protected":false},"excerpt":{"rendered":"<p>Na mesma data em que se comemora o Dia Internacional de Combate \u00e0 Viol\u00eancia Contra a Pessoa Idosa ocorrem outras atividades na cidade<\/p>\n","protected":false},"author":11,"featured_media":161866,"comment_status":"closed","ping_status":"closed","sticky":false,"template":"","format":"standard","meta":{"footnotes":""},"categories":[2],"tags":[87,3,73],"ods":[],"class_list":["post-179899","post","type-post","status-publish","format-standard","has-post-thumbnail","hentry","category-noticias","tag-coordenadoria-do-idoso","tag-saude","tag-secretaria-de-assistencia-e-desenvolvimento-social-semads"],"_links":{"self":[{"href":"https:\/\/jundiai.sp.gov.br\/noticias\/wp-json\/wp\/v2\/posts\/179899","targetHints":{"allow":["GET"]}}],"collection":[{"href":"https:\/\/jundiai.sp.gov.br\/noticias\/wp-json\/wp\/v2\/posts"}],"about":[{"href":"https:\/\/jundiai.sp.gov.br\/noticias\/wp-json\/wp\/v2\/types\/post"}],"author":[{"embeddable":true,"href":"https:\/\/jundiai.sp.gov.br\/noticias\/wp-json\/wp\/v2\/users\/11"}],"replies":[{"embeddable":true,"href":"https:\/\/jundiai.sp.gov.br\/noticias\/wp-json\/wp\/v2\/comments?post=179899"}],"version-history":[{"count":8,"href":"https:\/\/jundiai.sp.gov.br\/noticias\/wp-json\/wp\/v2\/posts\/179899\/revisions"}],"predecessor-version":[{"id":180088,"href":"https:\/\/jundiai.sp.gov.br\/noticias\/wp-json\/wp\/v2\/posts\/179899\/revisions\/180088"}],"wp:featuredmedia":[{"embeddable":true,"href":"https:\/\/jundiai.sp.gov.br\/noticias\/wp-json\/wp\/v2\/media\/161866"}],"wp:attachment":[{"href":"https:\/\/jundiai.sp.gov.br\/noticias\/wp-json\/wp\/v2\/media?parent=179899"}],"wp:term":[{"taxonomy":"category","embeddable":true,"href":"https:\/\/jundiai.sp.gov.br\/noticias\/wp-json\/wp\/v2\/categories?post=179899"},{"taxonomy":"post_tag","embeddable":true,"href":"https:\/\/jundiai.sp.gov.br\/noticias\/wp-json\/wp\/v2\/tags?post=179899"},{"taxonomy":"ods","embeddable":true,"href":"https:\/\/jundiai.sp.gov.br\/noticias\/wp-json\/wp\/v2\/ods?post=179899"}],"curies":[{"name":"wp","href":"https:\/\/api.w.org\/{rel}","templated":true}]}}