{"id":179971,"date":"2016-06-15T14:31:55","date_gmt":"2016-06-15T17:31:55","guid":{"rendered":"https:\/\/jundiai.sp.gov.br\/noticias\/?p=179971"},"modified":"2016-11-04T11:07:45","modified_gmt":"2016-11-04T13:07:45","slug":"coordenadoria-da-juventude-oferece-orientacao-profissional-gratuita","status":"publish","type":"post","link":"https:\/\/jundiai.sp.gov.br\/noticias\/2016\/06\/15\/coordenadoria-da-juventude-oferece-orientacao-profissional-gratuita\/","title":{"rendered":"Coordenadoria da Juventude ter\u00e1 orienta\u00e7\u00e3o profissional gratuita"},"content":{"rendered":"<p><strong>Est\u00e3o abertas as inscri\u00e7\u00f5es para a oficina gratuita \u201cMundo do Trabalho\u201d no <a href=\"http:\/\/estacaojuventude.jundiai.sp.gov.br\/\">site da Coordenadoria da Juventude<\/a>. A atividade vai ser na quinta-feira (30), das 14h \u00e0s 17h, no Esta\u00e7\u00e3o Juventude.<\/strong><\/p>\n<p><a href=\"http:\/\/estacaojuventude.jundiai.sp.gov.br\/\" target=\"_blank\">INSCREVA-SE<\/a><\/p>\n<p>O bate-papo vai criar aos participantes um espa\u00e7o para que expressem suas ideias em rela\u00e7\u00e3o ao mundo do trabalho atrav\u00e9s do autoconhecimento. O encontro tamb\u00e9m vai abordar temas como projeto de vida, profiss\u00f5es e os desafios do primeiro emprego. Al\u00e9m disso, <strong>os participantes v\u00e3o poder fazer cadastro para est\u00e1gios e programas de aprendiz organizados pelo Centro de Integra\u00e7\u00e3o Empresa-Escola (Ciee)<\/strong>.<\/p>\n<p><strong>V\u00e3o ser 20 vagas, preenchidas por ordem de inscri\u00e7\u00e3o, para jovens de 15 a 29 anos.<\/strong><\/p>\n<p><strong>LEIA TAMB\u00c9M<\/strong><br \/>\n<a href=\"https:\/\/jundiai.sp.gov.br\/noticias\/2016\/06\/14\/comad-promove-2a-semana-de-reflexao-sobre-drogas\/\">Conselho de Pol\u00edticas Sobre Drogas promove 2\u00aa Semana de Reflex\u00e3o em Jundia\u00ed<\/a><br \/>\n<a href=\"https:\/\/jundiai.sp.gov.br\/noticias\/2016\/06\/08\/coordenadoria-oferece-orientacao-psicologica-gratuita-a-partir-de-quarta-15\/\">Coordenadoria oferece orienta\u00e7\u00e3o psicol\u00f3gica gratuita a partir da quarta-feira (15)<\/a><\/p>\n<div id=\"attachment_179974\" style=\"width: 730px\" class=\"wp-caption aligncenter\"><a href=\"https:\/\/jundiai.sp.gov.br\/noticias\/wp-content\/uploads\/sites\/32\/2016\/06\/Estacao_Juventude_A_2_G-1.jpg\" rel=\"attachment wp-att-179974\"><img loading=\"lazy\" decoding=\"async\" aria-describedby=\"caption-attachment-179974\" class=\"size-full wp-image-179974\" src=\"https:\/\/jundiai.sp.gov.br\/noticias\/wp-content\/uploads\/sites\/32\/2016\/06\/Estacao_Juventude_A_2_G-1.jpg\" alt=\"Atividades s\u00e3o no Esta\u00e7\u00e3o Juventude\" width=\"720\" height=\"513\" \/><\/a><p id=\"caption-attachment-179974\" class=\"wp-caption-text\">Atividades s\u00e3o no Esta\u00e7\u00e3o Juventude<\/p><\/div>\n<p><strong>Orienta\u00e7\u00e3o vocacional <\/strong><br \/>\nNo momento de prepara\u00e7\u00e3o para vestibulares e escolha da profiss\u00e3o, \u00e9 normal que o jovem tenha d\u00favida sobre qual carreira seguir. Para a escolha, uma orienta\u00e7\u00e3o vocacional por um psic\u00f3logo pode ajudar. Com base nisso, \u00e9 tamb\u00e9m oferecido pela Prefeitura de Jundia\u00ed, por meio da Coordenadoria, o &#8220;<a href=\"https:\/\/jundiai.sp.gov.br\/noticias\/2016\/06\/08\/coordenadoria-oferece-orientacao-psicologica-gratuita-a-partir-de-quarta-15\/\">Plant\u00e3o do Esta\u00e7\u00e3o<\/a>&#8220;,<strong> programa gratuito de orienta\u00e7\u00e3o psicol\u00f3gica individual e em grupo<\/strong>.<\/p>\n<p><strong>Os atendimentos s\u00e3o toda quarta-feira, das 9h \u00e0s 11h e das 13h \u00e0s 16h, com a psic\u00f3loga volunt\u00e1ria Ariane Micheletti. Todo jundiaiense de 15 a 29 anos pode participar e n\u00e3o h\u00e1 necessidade de agendamento pr\u00e9vio.<br \/>\n<\/strong><br \/>\nO Esta\u00e7\u00e3o Juventude fica na avenida Uni\u00e3o dos Ferrovi\u00e1rios, n\u00ba 1600, Complexo Fepasa. Mais informa\u00e7\u00f5es nos telefones 4587-1000 ou 4582-5523.<\/p>\n<p><em><strong>Assessoria de Imprensa<br \/>\nFoto: Fot\u00f3grafos PMJ<\/strong><\/em><\/p>\n","protected":false},"excerpt":{"rendered":"<p>Vai ser realizada a oficina &#8220;Mundo do Trabalho&#8221; na quinta-feira (30) e tamb\u00e9m a orienta\u00e7\u00e3o vocacional pelo programa gratuito &#8220;Plant\u00e3o do Esta\u00e7\u00e3o&#8221;<\/p>\n","protected":false},"author":21,"featured_media":179306,"comment_status":"closed","ping_status":"closed","sticky":false,"template":"","format":"standard","meta":{"footnotes":""},"categories":[2],"tags":[174,621],"ods":[],"class_list":["post-179971","post","type-post","status-publish","format-standard","has-post-thumbnail","hentry","category-noticias","tag-coordenadoria-da-juventude","tag-estacao-juventude"],"_links":{"self":[{"href":"https:\/\/jundiai.sp.gov.br\/noticias\/wp-json\/wp\/v2\/posts\/179971","targetHints":{"allow":["GET"]}}],"collection":[{"href":"https:\/\/jundiai.sp.gov.br\/noticias\/wp-json\/wp\/v2\/posts"}],"about":[{"href":"https:\/\/jundiai.sp.gov.br\/noticias\/wp-json\/wp\/v2\/types\/post"}],"author":[{"embeddable":true,"href":"https:\/\/jundiai.sp.gov.br\/noticias\/wp-json\/wp\/v2\/users\/21"}],"replies":[{"embeddable":true,"href":"https:\/\/jundiai.sp.gov.br\/noticias\/wp-json\/wp\/v2\/comments?post=179971"}],"version-history":[{"count":10,"href":"https:\/\/jundiai.sp.gov.br\/noticias\/wp-json\/wp\/v2\/posts\/179971\/revisions"}],"predecessor-version":[{"id":184985,"href":"https:\/\/jundiai.sp.gov.br\/noticias\/wp-json\/wp\/v2\/posts\/179971\/revisions\/184985"}],"wp:featuredmedia":[{"embeddable":true,"href":"https:\/\/jundiai.sp.gov.br\/noticias\/wp-json\/wp\/v2\/media\/179306"}],"wp:attachment":[{"href":"https:\/\/jundiai.sp.gov.br\/noticias\/wp-json\/wp\/v2\/media?parent=179971"}],"wp:term":[{"taxonomy":"category","embeddable":true,"href":"https:\/\/jundiai.sp.gov.br\/noticias\/wp-json\/wp\/v2\/categories?post=179971"},{"taxonomy":"post_tag","embeddable":true,"href":"https:\/\/jundiai.sp.gov.br\/noticias\/wp-json\/wp\/v2\/tags?post=179971"},{"taxonomy":"ods","embeddable":true,"href":"https:\/\/jundiai.sp.gov.br\/noticias\/wp-json\/wp\/v2\/ods?post=179971"}],"curies":[{"name":"wp","href":"https:\/\/api.w.org\/{rel}","templated":true}]}}